{"id":137122,"date":"2026-01-14T13:32:09","date_gmt":"2026-01-14T13:32:09","guid":{"rendered":"https:\/\/www.europesays.com\/no\/137122\/"},"modified":"2026-01-14T13:32:09","modified_gmt":"2026-01-14T13:32:09","slug":"milla-grosberghaugen-andreassen-20-la-inn-sterk-ol-soknad-i-sjokk","status":"publish","type":"post","link":"https:\/\/www.europesays.com\/no\/137122\/","title":{"rendered":"Milla Grosberghaugen Andreassen (20) la inn sterk OL-s\u00f8knad: \u2013 I sjokk"},"content":{"rendered":"\n<p class=\"_lead_o9xde_2 _lead_xtcu6_50 layout-component text-serif-m layout-normal text-serif-l layout-component layout-wide layout-padded _wide_17hqh_1 layout-padded\">Milla Grosberghaugen Andreassen (20) var best og kunne juble for sitt f\u00f8rste NM-gull p\u00e5 sprinten i Steinkjer.<\/p>\n<ul class=\"_gallery_1qa3s_23\" tabindex=\"0\">\n<li class=\"_item_1qa3s_37\" data-index=\"0\"><img fetchpriority=\"high\" decoding=\"async\" class=\"_image_foru8_23 _introGallery_foru8_43\" data-fullscreen- width=\"3035\" height=\"2029\" itemprop=\"image\" loading=\"eager\"  src=\"https:\/\/www.europesays.com\/no\/wp-content\/uploads\/2026\/01\/f99f2f19-e5c9-47b8-bfa2-4757485e7f6c.png\"  style=\"object-position:50% 50%;aspect-ratio:var(--gallery-aspect-ratio, 16 \/ 9)\"\/>Milla Grosberghaugen Andreassen ble norgesmester p\u00e5 sprint.<br \/>\nFoto: Lise \u00c5serud \/ NTB<\/li>\n<li class=\"_item_1qa3s_37\" data-index=\"1\"><img decoding=\"async\" class=\"_image_foru8_23 _introGallery_foru8_43\" data-fullscreen- width=\"1702\" height=\"1138\" itemprop=\"image\" loading=\"lazy\"  src=\"https:\/\/www.europesays.com\/no\/wp-content\/uploads\/2026\/01\/4893c685-8530-4334-8b50-b502ea32d75c.png\"  style=\"object-position:50% 50%;aspect-ratio:var(--gallery-aspect-ratio, 16 \/ 9)\"\/>T\u00e5rene str\u00f8mmet p\u00e5 for Milla Grosberghaugen Andreassen etter seieren i NM.<br \/>\nFoto: Lise \u00c5serud \/ NTB<\/li>\n<\/ul>\n<p>Milla Grosberghaugen Andreassen ble norgesmester p\u00e5 sprint.<br \/>\nFoto: Lise \u00c5serud \/ NTB<\/p>\n<ul aria-hidden=\"true\" class=\"_images_ntbth_112\">\n<li><a class=\"_link_ntbth_117\" href=\"https:\/\/www.vg.no\/forfatter\/ntb\" style=\"z-index:1\" title=\"NTB\" rel=\"nofollow noopener\" target=\"_blank\"><img alt=\"Bilde av NTB\" class=\"_image_ntbth_93\" fetchpriority=\"low\" loading=\"lazy\" decoding=\"async\" itemprop=\"image\"  src=\"https:\/\/www.europesays.com\/no\/wp-content\/uploads\/2026\/01\/1768397529_664_c33980b0-5d07-4027-84a1-813f90a7c8d6.png\"  width=\"480\"\/><\/a><\/li>\n<\/ul>\n<p> Oppdatert onsdag 14. januar kl. 14:11     <\/p>\n<p class=\"_paragraph_o9xde_4 _paragraph_xtcu6_10 layout-component text-serif-m layout-normal text-serif-m layout-padded\">Andreassen var best i prologen og satte fart i finalen. Der fikk hun meterne hun trengte for \u00e5 ta seieren. Andreassen vant foran Helene Ekrheim Haugen og Hedda Bakkemo.<\/p>\n<p class=\"_paragraph_o9xde_4 _paragraph_xtcu6_10 layout-component text-serif-m layout-normal text-serif-m layout-padded\">\u2013 Jeg vil ikke gr\u00e5te p\u00e5 TV, men n\u00e5 er det gledest\u00e5rer. Jeg vet ikke hva som skjedde. Da jeg h\u00f8rte at jeg hadde luke, tenkte jeg bare \u00abfy fader, holde deg p\u00e5 beina\u00bb. Det har ikke g\u00e5tt opp for meg enn\u00e5. Jeg er i sjokk, sa Andreassen til NRK.<\/p>\n<p class=\"_paragraph_o9xde_4 _paragraph_xtcu6_10 layout-component text-serif-m layout-normal text-serif-m layout-padded\">Andreassen har i flere \u00e5r v\u00e6rt blant verdens beste juniorl\u00f8pere. N\u00e5 har hun sl\u00e5tt seg inn ogs\u00e5 i seniorl\u00f8p.<\/p>\n<p class=\"_paragraph_o9xde_4 _paragraph_xtcu6_10 layout-component text-serif-m layout-normal text-serif-m layout-padded\">Det kjempes om OL-plasser i Steinkjer denne uken. Etter seieren fikk hun ros av landslagstrener Sjur Ole Svarstad. Han utelukker ikke at 20-\u00e5ringen kan bli \u00e5 se i OL i februar.<\/p>\n<p class=\"_paragraph_o9xde_4 _paragraph_xtcu6_10 layout-component text-serif-m layout-normal text-serif-m layout-padded\">\u2013 Det kan jo v\u00e6re. Jeg pleier sjelden \u00e5 ta dem ut p\u00e5 direkte TV, men det er som hun sier, hun kunne ikke gjort det bedre, sa Svarstad.<\/p>\n<p class=\"_paragraph_o9xde_4 _paragraph_xtcu6_10 layout-component text-serif-m layout-normal text-serif-m layout-padded\">NRK-ekspert Fredrik Aukland mener Andreassen leverte sv\u00e6rt godt i forhold til hva som venter OL-l\u00f8perne i Nord-Italia.<\/p>\n<p class=\"_paragraph_o9xde_4 _paragraph_xtcu6_10 layout-component text-serif-m layout-normal text-serif-m layout-padded\">\u2013 Hun viser de egenskapene som skal til for \u00e5 lykkes i OL med de l\u00f8ypene som er der. Dette er en solid s\u00f8knad til en OL-billett, sa han.<\/p>\n<p>OL-kamp<\/p>\n<p class=\"_paragraph_o9xde_4 _paragraph_xtcu6_10 layout-component text-serif-m layout-normal text-serif-m layout-padded\">Fire norske kvinner har s\u00e5 langt f\u00e5tt klarsignal til \u00e5 g\u00e5 OL: Heidi Weng, Astrid \u00d8yre Slind, Kristine Stav\u00e5s Skistad og Karoline Simpson -Larsen. Av disse er kun \u00e9n sprinter, nemlig Skistad. Hun g\u00e5r ikke NM.<\/p>\n<p class=\"_paragraph_o9xde_4 _paragraph_xtcu6_10 layout-component text-serif-m layout-normal text-serif-m layout-padded\">Norge har fire plasser p\u00e5 OL-sprinten i klassisk stil. Hvem som f\u00e5r de tre andre, synes \u00e5pent. Mathilde Myhrvold er selvskreven dersom hun er skadefri, men skulderen som gikk ut av ledd i Tour de Ski, truer med \u00e5 knuse OL-dr\u00f8mmen hennes.<\/p>\n<p class=\"_paragraph_o9xde_4 _paragraph_xtcu6_10 layout-component text-serif-m layout-normal text-serif-m layout-padded\">Myhrvold var ikke aktuell for \u00e5 g\u00e5 onsdagens NM-sprint.<\/p>\n<p class=\"_paragraph_o9xde_4 _paragraph_xtcu6_10 layout-component text-serif-m layout-normal text-serif-m layout-padded\">Landslagsl\u00f8perne Lotta Udnes Weng og Julie Myhre er aktuelle for OL, men har begge svake resultater i verdenscupen denne sesongen og slet ogs\u00e5 onsdag. Lotta Udnes Weng fikk det tungt onsdag og r\u00f8k ut i kvartfinalen, mens Myhre ikke tok seg videre fra semifinalen.<\/p>\n<p class=\"_paragraph_o9xde_4 _paragraph_xtcu6_10 layout-component text-serif-m layout-normal text-serif-m layout-padded\">\u2013 Det var noe av det verste jeg har v\u00e6rt med p\u00e5 i livet, sa Weng til NRK etter m\u00e5lgang.<\/p>\n<p>Disse er aktuelle<\/p>\n<p class=\"_paragraph_o9xde_4 _paragraph_xtcu6_10 layout-component text-serif-m layout-normal text-serif-m layout-padded\">Julie Bjervig Drivenes, Ingrid Bergene Aabrekk, Bakkemo og nevnte Andreassen har derimot vist seg fram. Kvartetten, som alle st\u00e5r utenfor landslaget, er mulige OL-kort. Ane Appelkvist Stenseth er ogs\u00e5 med i OL-kampen, men fikk trolig sjansen minsket etter exit i kvartfinalen onsdag.<\/p>\n<p class=\"_paragraph_o9xde_4 _paragraph_xtcu6_10 layout-component text-serif-m layout-normal text-serif-m layout-padded\">Fra eksperthold har det v\u00e6rt hevdet at Drivenes allerede har vist nok til \u00e5 f\u00e5 en OL-billett. Konnerud-l\u00f8peren er samtidig ingen utpreget sprinter.<\/p>\n<p class=\"_paragraph_o9xde_4 _paragraph_xtcu6_10 layout-component text-serif-m layout-normal text-serif-m layout-padded\">De siste OL-billettene deles ut i begynnelsen av neste uke.<\/p>\n","protected":false},"excerpt":{"rendered":"Milla Grosberghaugen Andreassen (20) var best og kunne juble for sitt f\u00f8rste NM-gull p\u00e5 sprinten i Steinkjer. Milla&hellip;\n","protected":false},"author":2,"featured_media":137123,"comment_status":"","ping_status":"","sticky":false,"template":"","format":"standard","meta":{"footnotes":""},"categories":[5],"tags":[20,21,24,25,15,19,398,22,23,17,18,15697,13,30,28,29,14,16,26,27,399],"class_list":{"0":"post-137122","1":"post","2":"type-post","3":"status-publish","4":"format-standard","5":"has-post-thumbnail","7":"category-overskrifter","8":"tag-breaking-news","9":"tag-breakingnews","10":"tag-featured-news","11":"tag-featurednews","12":"tag-headlines","13":"tag-hovedoppslag","14":"tag-langrenn","15":"tag-latest-news","16":"tag-latestnews","17":"tag-main-news","18":"tag-mainnews","19":"tag-milla-grosberghaugen-andreassen","20":"tag-news","21":"tag-no","22":"tag-norge","23":"tag-norway","24":"tag-nyheter","25":"tag-overskrifter","26":"tag-top-stories","27":"tag-topstories","28":"tag-vintersport"},"share_on_mastodon":{"url":"https:\/\/pubeurope.com\/@no\/115893708019366452","error":""},"_links":{"self":[{"href":"https:\/\/www.europesays.com\/no\/wp-json\/wp\/v2\/posts\/137122","targetHints":{"allow":["GET"]}}],"collection":[{"href":"https:\/\/www.europesays.com\/no\/wp-json\/wp\/v2\/posts"}],"about":[{"href":"https:\/\/www.europesays.com\/no\/wp-json\/wp\/v2\/types\/post"}],"author":[{"embeddable":true,"href":"https:\/\/www.europesays.com\/no\/wp-json\/wp\/v2\/users\/2"}],"replies":[{"embeddable":true,"href":"https:\/\/www.europesays.com\/no\/wp-json\/wp\/v2\/comments?post=137122"}],"version-history":[{"count":0,"href":"https:\/\/www.europesays.com\/no\/wp-json\/wp\/v2\/posts\/137122\/revisions"}],"wp:featuredmedia":[{"embeddable":true,"href":"https:\/\/www.europesays.com\/no\/wp-json\/wp\/v2\/media\/137123"}],"wp:attachment":[{"href":"https:\/\/www.europesays.com\/no\/wp-json\/wp\/v2\/media?parent=137122"}],"wp:term":[{"taxonomy":"category","embeddable":true,"href":"https:\/\/www.europesays.com\/no\/wp-json\/wp\/v2\/categories?post=137122"},{"taxonomy":"post_tag","embeddable":true,"href":"https:\/\/www.europesays.com\/no\/wp-json\/wp\/v2\/tags?post=137122"}],"curies":[{"name":"wp","href":"https:\/\/api.w.org\/{rel}","templated":true}]}}