{"id":137126,"date":"2026-01-14T13:36:40","date_gmt":"2026-01-14T13:36:40","guid":{"rendered":"https:\/\/www.europesays.com\/no\/137126\/"},"modified":"2026-01-14T13:36:40","modified_gmt":"2026-01-14T13:36:40","slug":"coop-midt-norge-kjopeutbytte-na-har-coop-pengene-kommet-oker-ikke-kjopeutbyttet","status":"publish","type":"post","link":"https:\/\/www.europesays.com\/no\/137126\/","title":{"rendered":"Coop Midt-Norge, Kj\u00f8peutbytte | N\u00e5 har Coop-pengene kommet \u2013 \u00f8ker ikke kj\u00f8peutbyttet"},"content":{"rendered":"\n<p>Matvarekjeden Coop Midt-Norge \u00f8kte omsetningen med rundt 400 millioner kroner i 2025. Det kommer medlemmene til gode, for tirsdag denne uken ble et utbytte p\u00e5 363 millioner kroner overf\u00f8rt til medlemskontoene.<\/p>\n<p>\u2013 Dette er jo 17. mai og julaften for oss som jobber i Coop, og det er veldig artig n\u00e5r man endelig kan dele ut et rekordstort utbytte, sier viseadministrerende direkt\u00f8r i Coop Midt-Norge, Bj\u00f8rn Vik-Mo.<\/p>\n<p>Rekordh\u00f8yt utbytte<\/p>\n<p>I l\u00f8pet av de siste ti \u00e5rene har dagligvaregiganten overf\u00f8rt over 2,5 milliarder kroner til medlemmene.<\/p>\n<p>\u2013 Kj\u00f8peutbytte er det som gj\u00f8r oss til annerledesakt\u00f8ren. Vi er eid av medlemmene, og vi deler overskuddet med dem, sier han.<\/p>\n<p>I l\u00f8pet av fjor\u00e5ret \u00f8kte Coop Midt-Norge omsetningen med 4,4 prosent, eller knappe 400 millioner kroner. Det er \u00e5rsaken til at utbyttet er rekordh\u00f8yt i \u00e5r.<\/p>\n<p>\u2013 Utbyttet er 21 millioner kroner opp fra i fjor. Det syns vi er veldig trivelig, sier Vik-Mo.<\/p>\n<p>  <a href=\"https:\/\/www.t-a.no\/5-116-2265574\" class=\"related-teaser has-image default-story-teaser article--c-eRUmMG article--c-eRUmMG-jKCPdD-design-default\" rel=\"nofollow noopener\" target=\"_blank\"><\/p>\n<p>    <img decoding=\"async\" loading=\"lazy\"  src=\"https:\/\/www.europesays.com\/no\/wp-content\/uploads\/2026\/01\/DSC_8939.JPG\" alt=\"\" class=\"brick-c-cFOWSL\" style=\"\"\/><\/p>\n<p>\n            Les ogs\u00e5<\/p>\n<p>              Matvarekrigen: \u2013 Det merkes at maten har blitt dyrere\n        <\/p>\n<p>  <\/a><br \/>\n  Ikke \u00f8kt utbytte i \u00e5r<\/p>\n<p>Hva medlemmene gj\u00f8r med pengene varierer mye.<\/p>\n<p>\u2013 Veldig mange av medlemmene sparer dem. Vi har en medlemskonto hvor pengene kan st\u00e5, men man kan ogs\u00e5 overf\u00f8re til en h\u00f8yrentekonto. Mange bruker dette som en sparekonto, sier han.<\/p>\n<p>Like f\u00f8r jul gikk Coop Midt-Norge ut med nyheten om at de \u00f8nsker \u00e5 fusjonere med Coop Finnmark i nye \u00abCoop Allianse SA\u00bb. Coop Finnmark betaler ut \u00e9n prosent mer i kj\u00f8peutbytte enn Coop Midt-Norge, men det er enn\u00e5 ikke klart om det blir fire prosent ogs\u00e5 for kundene i Midt-Norge.<\/p>\n<p>\u2013 Det er ting som vurderes fra \u00e5r til \u00e5r. For 2026 vil det bli p\u00e5 tre prosent. S\u00e5 f\u00e5r vi se hvordan det er neste \u00e5r, sier Vik-Mo.<\/p>\n<p>  <a data-static=\"\" href=\"#skip-\" class=\"brick-c-fgNmNC\">Hopp over karusellen.<\/a><\/p>\n<p data-static=\"\" class=\"brick-c-fgNmNC\" id=\"carousel-title-\">Innholdskarusell med 6 artikler.<\/p>\n<p>Rettelse: I f\u00f8rste utgave ble det skrevet at Coop Midt-Norge og Coop Finnmark fusjonerte f\u00f8r jul. Det stemmer ikke. Riktig er at Coop Midt-Norge og Coop Finnmark \u00f8nsker \u00e5 fusjonere. <\/p>\n","protected":false},"excerpt":{"rendered":"Matvarekjeden Coop Midt-Norge \u00f8kte omsetningen med rundt 400 millioner kroner i 2025. Det kommer medlemmene til gode, for&hellip;\n","protected":false},"author":2,"featured_media":137127,"comment_status":"","ping_status":"","sticky":false,"template":"","format":"standard","meta":{"footnotes":""},"categories":[56],"tags":[36,60,14009,824,61,11115,62,30,28,29,1510],"class_list":{"0":"post-137126","1":"post","2":"type-post","3":"status-publish","4":"format-standard","5":"has-post-thumbnail","7":"category-naeringsliv","8":"tag-art","9":"tag-business","10":"tag-coop-midt-norge","11":"tag-dagligvare","12":"tag-economy","13":"tag-kjopeutbytte","14":"tag-naeringsliv","15":"tag-no","16":"tag-norge","17":"tag-norway","18":"tag-story"},"share_on_mastodon":{"url":"https:\/\/pubeurope.com\/@no\/115893723839748514","error":""},"_links":{"self":[{"href":"https:\/\/www.europesays.com\/no\/wp-json\/wp\/v2\/posts\/137126","targetHints":{"allow":["GET"]}}],"collection":[{"href":"https:\/\/www.europesays.com\/no\/wp-json\/wp\/v2\/posts"}],"about":[{"href":"https:\/\/www.europesays.com\/no\/wp-json\/wp\/v2\/types\/post"}],"author":[{"embeddable":true,"href":"https:\/\/www.europesays.com\/no\/wp-json\/wp\/v2\/users\/2"}],"replies":[{"embeddable":true,"href":"https:\/\/www.europesays.com\/no\/wp-json\/wp\/v2\/comments?post=137126"}],"version-history":[{"count":0,"href":"https:\/\/www.europesays.com\/no\/wp-json\/wp\/v2\/posts\/137126\/revisions"}],"wp:featuredmedia":[{"embeddable":true,"href":"https:\/\/www.europesays.com\/no\/wp-json\/wp\/v2\/media\/137127"}],"wp:attachment":[{"href":"https:\/\/www.europesays.com\/no\/wp-json\/wp\/v2\/media?parent=137126"}],"wp:term":[{"taxonomy":"category","embeddable":true,"href":"https:\/\/www.europesays.com\/no\/wp-json\/wp\/v2\/categories?post=137126"},{"taxonomy":"post_tag","embeddable":true,"href":"https:\/\/www.europesays.com\/no\/wp-json\/wp\/v2\/tags?post=137126"}],"curies":[{"name":"wp","href":"https:\/\/api.w.org\/{rel}","templated":true}]}}