{"id":137148,"date":"2026-01-14T14:04:44","date_gmt":"2026-01-14T14:04:44","guid":{"rendered":"https:\/\/www.europesays.com\/no\/137148\/"},"modified":"2026-01-14T14:04:44","modified_gmt":"2026-01-14T14:04:44","slug":"trumps-iran-toll-setter-usa-og-kina-pa-kollisjonskurs","status":"publish","type":"post","link":"https:\/\/www.europesays.com\/no\/137148\/","title":{"rendered":"Trumps Iran-toll setter USA og Kina p\u00e5 kollisjonskurs"},"content":{"rendered":"<p class=\"lead dn-text-entity lead\" role=\"paragraph\">Donald Trumps varslede 25 prosent toll p\u00e5 land som gj\u00f8r forretninger med Iran kan antenne en ny og potensielt alvorlig handelskrig. Den skj\u00f8re v\u00e5penhvilen mellom Washington og Beijing er i fare.<\/p>\n<p>I fjor\u00e5rets ti f\u00f8rste m\u00e5neder eksporterte Iran for 14,5 milliarder dollar til Kina. Her fra China International Import Expo (CIIE) i Shanghai i fjor, hvor Iran hadde en egen stand.<\/p>\n<p>Foto: Maxim Shemetov\/Reuters\/NTB<\/p>\n","protected":false},"excerpt":{"rendered":"Donald Trumps varslede 25 prosent toll p\u00e5 land som gj\u00f8r forretninger med Iran kan antenne en ny og&hellip;\n","protected":false},"author":2,"featured_media":137149,"comment_status":"","ping_status":"","sticky":false,"template":"","format":"standard","meta":{"footnotes":""},"categories":[5],"tags":[20,21,24,25,15,19,22,23,17,18,13,30,28,29,14,16,26,27],"class_list":{"0":"post-137148","1":"post","2":"type-post","3":"status-publish","4":"format-standard","5":"has-post-thumbnail","7":"category-overskrifter","8":"tag-breaking-news","9":"tag-breakingnews","10":"tag-featured-news","11":"tag-featurednews","12":"tag-headlines","13":"tag-hovedoppslag","14":"tag-latest-news","15":"tag-latestnews","16":"tag-main-news","17":"tag-mainnews","18":"tag-news","19":"tag-no","20":"tag-norge","21":"tag-norway","22":"tag-nyheter","23":"tag-overskrifter","24":"tag-top-stories","25":"tag-topstories"},"share_on_mastodon":{"url":"https:\/\/pubeurope.com\/@no\/115893833832877389","error":""},"_links":{"self":[{"href":"https:\/\/www.europesays.com\/no\/wp-json\/wp\/v2\/posts\/137148","targetHints":{"allow":["GET"]}}],"collection":[{"href":"https:\/\/www.europesays.com\/no\/wp-json\/wp\/v2\/posts"}],"about":[{"href":"https:\/\/www.europesays.com\/no\/wp-json\/wp\/v2\/types\/post"}],"author":[{"embeddable":true,"href":"https:\/\/www.europesays.com\/no\/wp-json\/wp\/v2\/users\/2"}],"replies":[{"embeddable":true,"href":"https:\/\/www.europesays.com\/no\/wp-json\/wp\/v2\/comments?post=137148"}],"version-history":[{"count":0,"href":"https:\/\/www.europesays.com\/no\/wp-json\/wp\/v2\/posts\/137148\/revisions"}],"wp:featuredmedia":[{"embeddable":true,"href":"https:\/\/www.europesays.com\/no\/wp-json\/wp\/v2\/media\/137149"}],"wp:attachment":[{"href":"https:\/\/www.europesays.com\/no\/wp-json\/wp\/v2\/media?parent=137148"}],"wp:term":[{"taxonomy":"category","embeddable":true,"href":"https:\/\/www.europesays.com\/no\/wp-json\/wp\/v2\/categories?post=137148"},{"taxonomy":"post_tag","embeddable":true,"href":"https:\/\/www.europesays.com\/no\/wp-json\/wp\/v2\/tags?post=137148"}],"curies":[{"name":"wp","href":"https:\/\/api.w.org\/{rel}","templated":true}]}}