{"id":137150,"date":"2026-01-14T14:05:08","date_gmt":"2026-01-14T14:05:08","guid":{"rendered":"https:\/\/www.europesays.com\/no\/137150\/"},"modified":"2026-01-14T14:05:08","modified_gmt":"2026-01-14T14:05:08","slug":"ski-sport-falt-like-for-opplopet","status":"publish","type":"post","link":"https:\/\/www.europesays.com\/no\/137150\/","title":{"rendered":"Ski, Sport | Falt like f\u00f8r oppl\u00f8pet"},"content":{"rendered":"\n<p>Det s\u00e5 lyst ut for Tynset-l\u00f8peren J\u00f8rgen Schj\u00f8lberg som var med i tetstriden i sitt kvartfinaleheat under NM-sprinten p\u00e5 Steinkjer. Men s\u00e5 skjedde det ulykksalige.\u00a0<\/p>\n<p>Heatet var relativt samlet i den siste svingen f\u00f8r oppl\u00f8pet, med J\u00f8rgen i en fin fjerdeposisjon.<\/p>\n<p>Men i utgangen av svingen mister 23-\u00e5ringen balansen og g\u00e5r ned for telling.<\/p>\n<p>\u2013 Det var synd. De kom tett p\u00e5 hverandre inn i den svingen. N\u00e5r de kommer i ganske stor fart, Det er en viss risiko for at de g\u00e5r i hverandre. Det skjedde dessverre for J\u00f8rgen Schj\u00f8lberg, sier NRK-kommentator Jann Post.\u00a0<\/p>\n<p>Liggende p\u00e5 sn\u00f8en m\u00e5tte Tynset-gutten se resten av gutta fighte om de to plassene som sikrer avansement til semifinalene.\u00a0<\/p>\n<p>Det ble til slutt kapret av Simen Myhre og Even Michelsen.<\/p>\n<p>&laquo;Brutalt&raquo;<\/p>\n<p>Schj\u00f8lberg tok s\u00e5 sent som i fjor bronse p\u00e5 den klassiske sprinten under U23-VM i Italia, men denne sesongen har det buttet litt mer for den talentfulle unggutten.\u00a0<\/p>\n<p>I november r\u00f8k han ut i kvartfinalen p\u00e5 Beitosprinten, og beskrev konkurranen mot Johannes H\u00f8sflot Kl\u00e6bo &amp; co. som &laquo;brutal&raquo;.\u00a0<\/p>\n<p>Kl\u00e6bo, Erik Valnes og Harald \u00d8stberg Amundsen st\u00e5r alle over NM. Det gj\u00f8r ogs\u00e5 Oskar Opstad Vike som har slitt med sykdom.\u00a0<\/p>\n<p>Blant de kjente navne som stilte til start er blant annet Eirik Mysen, Sindre Bj\u00f8rnestad Skar, Lars Heggen, Filip Skari, Matz William Jenssen og Ansgar Evensen &#8211; i tillegg til br\u00f8drene Petter og Even Northug.\u00a0<\/p>\n<p>Heggen rappet gullet p\u00e5 m\u00e5lstreken<\/p>\n<p>Og det ble et durabelig oppgj\u00f8r om den gjeve NM-tittelen.\u00a0<\/p>\n<p>Ansgar Evensen ledet med bare f\u00e5 meter igjen, men Lars Heggen gikk forbi helt mot slutten og sikret NM-gullet.<\/p>\n<p>\u2013 For en avslutning! Det er en vilje i den mannen som er sjelden vare, sier NRKs langrennsekspert Fredrik Aukland.<\/p>\n<p>Even Northug blir nummer tre og sikrer bronsen.<\/p>\n<p>Kristian Kongssund ender som nummer fire, foran Mats Opsal (fem) og Amund Kors\u00e6th (seks).<\/p>\n<p>Maiken best av v\u00e5re<\/p>\n<p>P\u00e5 damesiden var det som ventet Maiken Min Midtskogen som leverte best av v\u00e5re lokale l\u00f8pere.\u00a0<\/p>\n<p>Hun gjorde jobben i sitt kvartfinale-sprinten p\u00e5 Steinkjer onsdag formiddag.<\/p>\n<p>Stor-Elvdal-l\u00f8peren hang p\u00e5 Tiril Udnes Weng fra start til slutt, og fikk en fin reise gjennom NM-l\u00f8ypa.\u00a0<\/p>\n<p>Med en 2. plass sikret Maiken Min Midtskogen seg en startplass i semifinalen.\u00a0<\/p>\n<p>Fikk det tungt<\/p>\n<p>Der startet jenta fra Stor-Elvdal i heat to, og der gikk det betraktelig raskere unna enn i kvartfinalen.<\/p>\n<p>Maiken ble hengende bakp\u00e5 fra start, og kom aldri skikkelig med i fighten om avansement.\u00a0<\/p>\n<p>Riktignok hentet hun noen meter p\u00e5 oppl\u00f8pet, men det ble litt for sent for sprinteren &#8211; som gikk i m\u00e5l til en 5. plass. Dermed er ogs\u00e5 hun ute av dagens konkurranse.\u00a0<\/p>\n<p>I finalen ble det en gledelig seier til Milla Grosberghaugen Andreassen som holdt ledelsen hele veien inn og gikk f\u00f8rst over m\u00e5lstreken!<\/p>\n<p>Hun vant med tiden 3.10,66.\u00a0<\/p>\n<p>Helene Ekrheim Haugen ble nummer to, 1,3 sekunder bak. Hedda Bakkemo tok tredjeplassen.<\/p>\n<p>Strandbygda-jentene sl\u00e5tt ut<\/p>\n<p>Begge de to Strandbygda-l\u00f8perne som stilte til start p\u00e5 NM-sprinten i Steinkjer onsdag formiddag r\u00f8k ut i prologen.\u00a0<\/p>\n<p>Kun et par sekunder skilte de to Strandbygda-jentene p\u00e5 resultatlista, men totalt havnet de et godt stykke bak de 30 l\u00f8perne som f\u00e5r g\u00e5 kvartfinalene.\u00a0<\/p>\n<p>Aurora Gaarder Strand endte p\u00e5 en 37. plass, mens Carina Sveen til slutt endte p\u00e5 en 43. plass etter prologen. De var henholdsvis 19,15 og 21,47 sekunder bak vinneren Milla Grosberghaugen Andreassen.\u00a0<\/p>\n<p>   <img decoding=\"async\" width=\"2048\" height=\"1536\" fetchpriority=\"low\"  loading=\"lazy\"  src=\"https:\/\/www.europesays.com\/no\/wp-content\/uploads\/2026\/01\/Carina_ute.jpg\" alt=\"\" class=\"brick-c-cFOWSL\" style=\"--brick-image-ratio: 2048 \/ 1536;\"\/><\/p>\n<p>      UTE: Det ble en tidlig slutt p\u00e5 arbeidsdagen for Carina Sveen under sprint-prologen p\u00e5 Steinkjer onsdag formiddag. Elverum-jenta r\u00f8k ut i prologen.<br \/>\n      Foto: Kristian Horten\n    <\/p>\n<p>  &#8211; Skikkelig tungt<\/p>\n<p>&#8211; Det var skikkelig tungt uti der. Jeg f\u00f8lte liksom ikke at kroppen var helt v\u00e5ken, sa Carina i m\u00e5lomr\u00e5det etter at prologen var unnagjort.\u00a0<\/p>\n<p>&#8211; Jeg f\u00e5r h\u00e5pe at dette var med p\u00e5 \u00e5 vekke meg litt, sier Elverum-jenta som skal g\u00e5 alle distanser i NM.<\/p>\n<p>&#8211; Det hadde v\u00e6rt optimalt med en distanse f\u00f8r sprinten, men s\u00e5nn var det jo ikke s\u00e5 jeg f\u00e5r bare gj\u00f8re det beste ut av det, konstaterer hun.\u00a0<\/p>\n<p>Maiken Min Midtskogen fra Stor-Elvdal Skiklubb viste at hun har til hensikt \u00e5 hevde seg blant Norges beste sprintere, og gikk inn til en solid 10. plass &#8211; snaut seks sekunder bak Grosberghaugen Andreassen.\u00a0<\/p>\n<p>Midtskogen har hatt en fin sesong s\u00e5 langt, og kan blant annet vise til finale p\u00e5 sprinten i Skandinavisk Cup i Finland.\u00a0<\/p>\n<p>Som nevnt gikk det ikke hele veien under NM &#8211; som alts\u00e5 endte med exit i semifinalen.\u00a0<\/p>\n<p>\u00d8stlendingen er p\u00e5 plass i Steinkjer, og gir deg l\u00f8pende oppdateringer p\u00e5 hvordan det g\u00e5r med v\u00e5re lokale l\u00f8pere gjennom dagen.\u00a0<\/p>\n","protected":false},"excerpt":{"rendered":"Det s\u00e5 lyst ut for Tynset-l\u00f8peren J\u00f8rgen Schj\u00f8lberg som var med i tetstriden i sitt kvartfinaleheat under NM-sprinten&hellip;\n","protected":false},"author":2,"featured_media":137151,"comment_status":"","ping_status":"","sticky":false,"template":"","format":"standard","meta":{"footnotes":""},"categories":[59],"tags":[36,1070,30,28,29,14,3650,83,82,7555,1510],"class_list":{"0":"post-137150","1":"post","2":"type-post","3":"status-publish","4":"format-standard","5":"has-post-thumbnail","7":"category-sport","8":"tag-art","9":"tag-elverum","10":"tag-no","11":"tag-norge","12":"tag-norway","13":"tag-nyheter","14":"tag-ski","15":"tag-sport","16":"tag-sports","17":"tag-stor-elvdal","18":"tag-story"},"share_on_mastodon":{"url":"https:\/\/pubeurope.com\/@no\/115893837651511009","error":""},"_links":{"self":[{"href":"https:\/\/www.europesays.com\/no\/wp-json\/wp\/v2\/posts\/137150","targetHints":{"allow":["GET"]}}],"collection":[{"href":"https:\/\/www.europesays.com\/no\/wp-json\/wp\/v2\/posts"}],"about":[{"href":"https:\/\/www.europesays.com\/no\/wp-json\/wp\/v2\/types\/post"}],"author":[{"embeddable":true,"href":"https:\/\/www.europesays.com\/no\/wp-json\/wp\/v2\/users\/2"}],"replies":[{"embeddable":true,"href":"https:\/\/www.europesays.com\/no\/wp-json\/wp\/v2\/comments?post=137150"}],"version-history":[{"count":0,"href":"https:\/\/www.europesays.com\/no\/wp-json\/wp\/v2\/posts\/137150\/revisions"}],"wp:featuredmedia":[{"embeddable":true,"href":"https:\/\/www.europesays.com\/no\/wp-json\/wp\/v2\/media\/137151"}],"wp:attachment":[{"href":"https:\/\/www.europesays.com\/no\/wp-json\/wp\/v2\/media?parent=137150"}],"wp:term":[{"taxonomy":"category","embeddable":true,"href":"https:\/\/www.europesays.com\/no\/wp-json\/wp\/v2\/categories?post=137150"},{"taxonomy":"post_tag","embeddable":true,"href":"https:\/\/www.europesays.com\/no\/wp-json\/wp\/v2\/tags?post=137150"}],"curies":[{"name":"wp","href":"https:\/\/api.w.org\/{rel}","templated":true}]}}