{"id":137190,"date":"2026-01-14T14:38:17","date_gmt":"2026-01-14T14:38:17","guid":{"rendered":"https:\/\/www.europesays.com\/no\/137190\/"},"modified":"2026-01-14T14:38:17","modified_gmt":"2026-01-14T14:38:17","slug":"star-foran-en-stor-ryddejobb-det-er-kaotisk-fvn-no","status":"publish","type":"post","link":"https:\/\/www.europesays.com\/no\/137190\/","title":{"rendered":"(+) St\u00e5r foran en stor rydde\u00adjobb: \u2013 Det er kaotisk &#8211; fvn.no"},"content":{"rendered":"<ol>\n<li><a href=\"https:\/\/news.google.com\/rss\/articles\/CBMihAFBVV95cUxOUmN6VEYtY0NHVkdoV3JFUkY0VXg5LVlvby15YzI4UEVBeDZ2Mk9GM3hqRnQtY1VBN0lTcVJ4Y1ExM3Vza1VSNThRNl9nNFRLeG5DU1FHcmZUOVZzQW51RWN1bGcyUDBiZEVyQmNrZExpeGQzYnpFejNaZElXbGcxbktrMnA?oc=5\" target=\"_blank\" rel=\"nofollow noopener\">(+) St\u00e5r foran en stor rydde\u00adjobb: \u2013 Det er kaotisk<\/a>&nbsp;&nbsp;fvn.no<\/li>\n<li><a href=\"https:\/\/news.google.com\/rss\/articles\/CBMimgFBVV95cUxNdTZSREI3UnlpTnREMXlGazlOb1dSeGp1aTBsTk5kWHF3TmIyN0s4VTdyWnpsUzB6NFZqVnJLZXdpNW5QeGZGdUlOUVJYdkxRNm5OWUJjZEIySG54eDA3M19aNUp0OXdYbkljZTd6d2YyWDNaTXlPblBoQzY3TlBsZXI5RWZYUW5NQUNRUW9uZ1NSRUxLLUktRjln?oc=5\" target=\"_blank\" rel=\"nofollow noopener\">\u00c5stedsunders\u00f8kelse etter brannen i Markens har startet<\/a>&nbsp;&nbsp;NRK<\/li>\n<li><a href=\"https:\/\/news.google.com\/rss\/articles\/CBMiowFBVV95cUxObkxkbVZzcmZ0MGpoNGh1MkpsdVVxZzAtV2ZUYUJRTkI2a1pQZTctb3FLTUxFWkRLT0RSOU1aSjZiQ0VNdl90X0VnS3JJRWtYQm1zWFItSTJJSWFCVkFMTlBGTG9nTEJPeVR0R1U3eTQxc1VUbTZDMERSdEg1WXoxaW5UY3p6M2lsMzJJSlVjRVNsWG9CNjBJOElhbU5USDVnTmw4?oc=5\" target=\"_blank\" rel=\"nofollow noopener\">Her tar Kripos seg inn i huset \u2013 omfattende unders\u00f8kelser har startet<\/a>&nbsp;&nbsp;KRS &#8211; Avisen Kristiansand<\/li>\n<li><a href=\"https:\/\/news.google.com\/rss\/articles\/CBMihAFBVV95cUxOSFRYRjNYTWNYM1E0RUZQSlA4OVRBNXJpal9weUJxUXFlSm9XaHZQR2dUOHJTN01hM01UNUZUMTMwblpjU2lBelVaRXplOTE4cWFBb0xFc3FwUnNmTlhBaVoyNk5vR0JfR1p6bkRFVUdULUZwQlhCV21kUnRnOUo5bVEtNXo?oc=5\" target=\"_blank\" rel=\"nofollow noopener\">Krimteknikere unders\u00f8ker branntomt<\/a>&nbsp;&nbsp;fvn.no<\/li>\n<li><a href=\"https:\/\/news.google.com\/rss\/articles\/CBMijgFBVV95cUxPYTQzbzdhLXZoQ2ZJRnluTEZieks3dHRJcVF2cmFLNkt3SlpWdGxvcHNVRTZQbHVHZ0dvamNEUjhoZmt5TGkyR3NzMW5Vd0ZpNmlZUHEwNmpNaGtpVFRMYzVBbDBLTkF4RTNVZGlDbkk3MTBpX0cyNURpWFZ0LUFxazlMVVhRQ1AtbXd1OEdR?oc=5\" target=\"_blank\" rel=\"nofollow noopener\">Brann, Kristiansand | M\u00e5let er \u00e5 v\u00e6re ferdig i l\u00f8pet av dagen: \u2013 Det er et kaotisk \u00e5sted<\/a>&nbsp;&nbsp;KRS &#8211; Avisen Kristiansand<\/li>\n<\/ol>\n","protected":false},"excerpt":{"rendered":"(+) St\u00e5r foran en stor rydde\u00adjobb: \u2013 Det er kaotisk&nbsp;&nbsp;fvn.no \u00c5stedsunders\u00f8kelse etter brannen i Markens har startet&nbsp;&nbsp;NRK Her&hellip;\n","protected":false},"author":2,"featured_media":137191,"comment_status":"","ping_status":"","sticky":false,"template":"","format":"standard","meta":{"footnotes":""},"categories":[10],"tags":[4686,20,21,24,25,15,1957,331,22,23,13,30,28,29,14,16,254,468,26,27,5701],"class_list":{"0":"post-137190","1":"post","2":"type-post","3":"status-publish","4":"format-standard","5":"has-post-thumbnail","7":"category-norge","8":"tag-agder-politidistrikt","9":"tag-breaking-news","10":"tag-breakingnews","11":"tag-featured-news","12":"tag-featurednews","13":"tag-headlines","14":"tag-kripos","15":"tag-kristiansand","16":"tag-latest-news","17":"tag-latestnews","18":"tag-news","19":"tag-no","20":"tag-norge","21":"tag-norway","22":"tag-nyheter","23":"tag-overskrifter","24":"tag-politi","25":"tag-politiet","26":"tag-top-stories","27":"tag-topstories","28":"tag-undersokelser"},"share_on_mastodon":{"url":"https:\/\/pubeurope.com\/@no\/115893967687402423","error":""},"_links":{"self":[{"href":"https:\/\/www.europesays.com\/no\/wp-json\/wp\/v2\/posts\/137190","targetHints":{"allow":["GET"]}}],"collection":[{"href":"https:\/\/www.europesays.com\/no\/wp-json\/wp\/v2\/posts"}],"about":[{"href":"https:\/\/www.europesays.com\/no\/wp-json\/wp\/v2\/types\/post"}],"author":[{"embeddable":true,"href":"https:\/\/www.europesays.com\/no\/wp-json\/wp\/v2\/users\/2"}],"replies":[{"embeddable":true,"href":"https:\/\/www.europesays.com\/no\/wp-json\/wp\/v2\/comments?post=137190"}],"version-history":[{"count":0,"href":"https:\/\/www.europesays.com\/no\/wp-json\/wp\/v2\/posts\/137190\/revisions"}],"wp:featuredmedia":[{"embeddable":true,"href":"https:\/\/www.europesays.com\/no\/wp-json\/wp\/v2\/media\/137191"}],"wp:attachment":[{"href":"https:\/\/www.europesays.com\/no\/wp-json\/wp\/v2\/media?parent=137190"}],"wp:term":[{"taxonomy":"category","embeddable":true,"href":"https:\/\/www.europesays.com\/no\/wp-json\/wp\/v2\/categories?post=137190"},{"taxonomy":"post_tag","embeddable":true,"href":"https:\/\/www.europesays.com\/no\/wp-json\/wp\/v2\/tags?post=137190"}],"curies":[{"name":"wp","href":"https:\/\/api.w.org\/{rel}","templated":true}]}}