{"id":137215,"date":"2026-01-14T15:00:11","date_gmt":"2026-01-14T15:00:11","guid":{"rendered":"https:\/\/www.europesays.com\/no\/137215\/"},"modified":"2026-01-14T15:00:11","modified_gmt":"2026-01-14T15:00:11","slug":"nato-bor-legge-til-rette-for-at-usa-skal-fa-eierskap-til-gronland","status":"publish","type":"post","link":"https:\/\/www.europesays.com\/no\/137215\/","title":{"rendered":"\u2013 Nato b\u00f8r legge til rette for at USA skal f\u00e5 eierskap til Gr\u00f8nland"},"content":{"rendered":"\n<p class=\"_lead_o9xde_2 _lead_xtcu6_50 layout-component text-serif-m layout-normal text-serif-l layout-component layout-wide layout-padded _wide_17hqh_1 layout-padded\">Onsdag ettermiddag, f\u00f8r Danmark og Gr\u00f8nland m\u00f8ter USA, kommer Donald Trump med nye uttalelser. If\u00f8lge DR har Danmark sendt milit\u00e6re forsterkninger til Gr\u00f8nland. <\/p>\n<p><img alt=\" Foto: Alex Brandon \/ AP\" class=\"_image_qp4xg_65 layout-component layout-wide\" data-fullscreen- data-track-element-type=\"Article image fullscreen\" data-track-name=\"ImageFullscreen\" fetchpriority=\"high\" decoding=\"sync\" loading=\"eager\" height=\"3744\" itemprop=\"image\"  src=\"https:\/\/www.europesays.com\/no\/wp-content\/uploads\/2026\/01\/1768402808_284_ec577e70-e5e7-4953-b103-0727ee8c96ac.jpeg\"  style=\"object-position:0% 0%\" width=\"4557\"\/> Foto: Alex Brandon \/ AP<\/p>\n<ul aria-hidden=\"true\" class=\"_images_ntbth_112\">\n<li><a class=\"_link_ntbth_117\" href=\"https:\/\/www.vg.no\/forfatter\/bendik-hansen\" style=\"z-index:1\" title=\"Bendik Hansen\" rel=\"nofollow noopener\" target=\"_blank\"><img alt=\"Bilde av Bendik Hansen\" class=\"_image_ntbth_93\" fetchpriority=\"low\" loading=\"lazy\" decoding=\"async\" itemprop=\"image\"  src=\"https:\/\/www.europesays.com\/no\/wp-content\/uploads\/2026\/01\/1768402808_206_236bc5a3-2236-4046-b957-81f29d024aa6.jpeg\"  width=\"480\"\/><\/a><\/li>\n<\/ul>\n<p> Oppdatert onsdag 14. januar kl. 15:22    <\/p>\n<ul class=\"_list_o9xde_3 _list_64s2r_85 _unordered_o9xde_106 text-sans-m\">\n<li class=\"_item_o9xde_30\">Donald Trump gjentar krav om amerikansk eierskap til Gr\u00f8nland, av hensyn til nasjonal sikkerhet.<\/li>\n<li class=\"_item_o9xde_30\">If\u00f8lge DR har Danmark sendt milit\u00e6re forsterkninger til Gr\u00f8nland.<\/li>\n<li class=\"_item_o9xde_30\">Gr\u00f8nlands regjeringssjef understreker at Gr\u00f8nland ikke er til salgs.<\/li>\n<li class=\"_item_o9xde_30\">Trump p\u00e5peker viktigheten av Gr\u00f8nland for USAs \u00abGolden Dome\u00bb-luftforsvar.<\/li>\n<\/ul>\n<p>Vis mer <\/p>\n<p class=\"_paragraph_o9xde_4 _paragraph_xtcu6_10 layout-component text-serif-m layout-normal text-serif-m layout-padded\"><a href=\"https:\/\/www.vg.no\/tag\/donald-trump-2?utm_source=vg-article&amp;utm_medium=auto-tagger&amp;utm_campaign=OkQzLV\" class=\"_link_o9xde_39\" rel=\"nofollow noopener\" target=\"_blank\">Donald Trump<\/a> kommer med uttalelsen p\u00e5 sitt eget sosiale medium, Truth Social. <\/p>\n<p class=\"_paragraph_o9xde_4 _paragraph_xtcu6_10 layout-component text-serif-m layout-normal text-serif-m layout-padded\">Presidenten sier at forsvarsalliansen b\u00e5de vil v\u00e6re bedre og mer effektiv om han f\u00e5r det som han vil: Med Gr\u00f8nland i amerikansk eierskap. <\/p>\n<p class=\"_paragraph_o9xde_4 _paragraph_xtcu6_10 layout-component text-serif-m layout-normal text-serif-m layout-padded\"><strong class=\"_strong_o9xde_25\">\u2013 USA trenger Gr\u00f8nland av hensyn til nasjonal sikkerhet, gjentar Donald Trump.<\/strong><\/p>\n<p><img alt=\"Foto: Truth Social\" class=\"_image_qp4xg_65 layout-component layout-normal\" data-fullscreen- data-track-element-type=\"Article image fullscreen\" data-track-name=\"ImageFullscreen\" decoding=\"async\" loading=\"lazy\" height=\"477\" itemprop=\"image\"  src=\"https:\/\/www.europesays.com\/no\/wp-content\/uploads\/2026\/01\/1768402808_494_9212692c-6d23-4ebd-953a-100d9cd01c84.jpeg\"  style=\"object-position:0% 0%\" width=\"680\"\/>Foto: Truth Social<\/p>\n<p class=\"_paragraph_o9xde_4 _paragraph_xtcu6_10 layout-component text-serif-m layout-normal text-serif-m layout-padded\">Trump har gjentatte ganger gjort krav p\u00e5 Gr\u00f8nland, og han har ogs\u00e5 truet med \u00e5 bruke milit\u00e6rmakt mot Nato-allierte Danmark for \u00e5 f\u00e5 det som han vil.<\/p>\n<p class=\"_paragraph_o9xde_4 _paragraph_xtcu6_10 layout-component text-serif-m layout-normal text-serif-m layout-padded\">Presidenten sier videre at Nato b\u00f8r legge til rette for at USA skal f\u00e5 eierskap til Gr\u00f8nland. Uten, sier han, vil ikke Nato evne \u00e5 v\u00e6re en effektiv forsvarsstyrke.<\/p>\n<p><img alt=\"HDMS \u00abV\u00e6dderen\u00bb F359 er et dansk patruljefart\u00f8y som ut\u00f8ver dansk suverenitet rundt F\u00e6r\u00f8yene og Gr\u00f8nland.   Foto: Fredrik Solstad \/ VG\" class=\"_image_qp4xg_65 layout-component layout-normal\" data-fullscreen- data-track-element-type=\"Article image fullscreen\" data-track-name=\"ImageFullscreen\" decoding=\"async\" loading=\"lazy\" height=\"2013\" itemprop=\"image\"  src=\"https:\/\/www.europesays.com\/no\/wp-content\/uploads\/2026\/01\/1768402809_712_fcae761f-7de5-4611-ba38-8b6433bbdc4f.jpeg\"  style=\"object-position:0% 0%\" width=\"2926\"\/>HDMS \u00abV\u00e6dderen\u00bb F359 er et dansk patruljefart\u00f8y som ut\u00f8ver dansk suverenitet rundt F\u00e6r\u00f8yene og Gr\u00f8nland.   Foto: Fredrik Solstad \/ VG<\/p>\n<p class=\"_paragraph_o9xde_4 _paragraph_xtcu6_10 layout-component text-serif-m layout-normal text-serif-m layout-padded\">If\u00f8lge kilder til <a href=\"https:\/\/www.dr.dk\/nyheder\/indland\/groenland\/efter-pres-fra-usa-danmark-er-nu-begyndt-sende-militaere-forstaerkninger-til-groenland\" class=\"_link_o9xde_39\" rel=\"nofollow noopener\" target=\"_blank\">Danmarks Radio<\/a> sender Danmark milit\u00e6re forsterkninger til Gr\u00f8nland. <\/p>\n<p class=\"_paragraph_o9xde_4 _paragraph_xtcu6_10 layout-component text-serif-m layout-normal text-serif-m layout-padded\">Ogs\u00e5 <a href=\"https:\/\/nyheder.tv2.dk\/live\/2025-01-06-kampen-om-groenlands-fremtid\/danmark-sender-militaert-personel-til-groenland-erfarer-tv-2?entry=fc872c42-04c9-448f-846c-0657819a17c8\" class=\"_link_o9xde_39\" rel=\"nofollow noopener\" target=\"_blank\">danske TV 2<\/a> omtaler dette.<\/p>\n<p class=\"_paragraph_o9xde_4 _paragraph_xtcu6_10 layout-component text-serif-m layout-normal text-serif-m layout-padded\">En fortropp fra det danske forsvaret, samt milit\u00e6rt utstyr, skal allerede ha ankommet, skriver DR. Det skal dreie seg om en forkommando, som blant annet skal s\u00f8rge for at logistikken er i orden og at det er klart for \u00e5 ta imot flere styrker senere. <\/p>\n<p class=\"_paragraph_o9xde_4 _paragraph_xtcu6_10 layout-component text-serif-m layout-normal layout-padded\"><strong class=\"_strong_o9xde_25\">Les ogs\u00e5:<\/strong> <a href=\"https:\/\/www.vg.no\/i\/k0R8QB\" data-track-element-type=\"Link\" data-track-id=\"link:k0R8QB\" class=\"_link_o9xde_39\" rel=\"nofollow noopener\" target=\"_blank\">Det hvite hus deler bilde av Trump som \u00abser p\u00e5\u00bb Gr\u00f8nland<\/a><\/p>\n<p class=\"_paragraph_o9xde_4 _paragraph_xtcu6_10 layout-component text-serif-m layout-normal text-serif-m layout-padded\"><strong class=\"_strong_o9xde_25\">If\u00f8lge DRs opplysninger inkluderer forsterkningene soldater fra flere enheter i h\u00e6ren.<\/strong><\/p>\n<p class=\"_paragraph_o9xde_4 _paragraph_xtcu6_10 layout-component text-serif-m layout-normal text-serif-m layout-padded\">Det danske forsvaret sier i en kommentar til DR at de har \u00f8kt aktivitetsniv\u00e5et i Arktis det siste \u00e5ret, blant annet p\u00e5 grunn av ulike forsvarsavtaler. <\/p>\n<p class=\"_paragraph_o9xde_4 _paragraph_xtcu6_10 layout-component text-serif-m layout-normal text-serif-m layout-padded\">Onsdag ettermiddag blir den danske milit\u00e6re tilstedev\u00e6relsen bekreftet av den gr\u00f8nlandske regjeringen i en uttalelse. De sier at det vil bli \u00f8kt tilstedev\u00e6relse fra allierte styrker, og at form\u00e5let med dette er \u00e5 trene og operere i arktiske forhold.<\/p>\n<p class=\"_paragraph_o9xde_4 _paragraph_xtcu6_10 layout-component text-serif-m layout-normal text-serif-m layout-padded\">Sammen med\u00a0<a href=\"https:\/\/www.vg.no\/tag\/groenland?utm_source=vg-article&amp;utm_medium=auto-tagger&amp;utm_campaign=6qzlOo\" class=\"_link_o9xde_39\" rel=\"nofollow noopener\" target=\"_blank\">Gr\u00f8nlands<\/a>\u00a0minister for utenrikssaker, Vivian Motzfeldt,\u00a0<a href=\"https:\/\/www.vg.no\/nyheter\/i\/bOnL75\/danmarks-utenriksminster-skal-moete-usa-onsdag\" data-track-element-type=\"Link\" data-track-id=\"link:bOnL75\" class=\"_link_o9xde_39\" rel=\"nofollow noopener\" target=\"_blank\">m\u00f8ter den danske utenriksministeren onsdag USAs<\/a>\u00a0visepresident J.D. Vance og utenriksminister Marco Rubio i Washington i dag. <\/p>\n<p class=\"_paragraph_o9xde_4 _paragraph_xtcu6_10 layout-component text-serif-m layout-normal text-serif-m layout-padded\">Dagens m\u00f8te er flyttet ut av Det hvite hus. M\u00f8tet skal heller foreg\u00e5 p\u00e5 visepresidentens kontor og representasjonsrom i nabobygningen Eisenhower Executive Office Building, skriver NTB.<\/p>\n<p class=\"_paragraph_o9xde_4 _paragraph_xtcu6_10 layout-component text-serif-m layout-normal text-serif-m layout-padded\">M\u00f8tet starter klokken 16.30, noe som blir bekreftet av Rubios kalender, if\u00f8lge <a href=\"https:\/\/www.berlingske.dk\/indland\/kampen-om-groenland--foelg-med-her-15\" class=\"_link_o9xde_39\" rel=\"nofollow noopener\" target=\"_blank\">Berligske<\/a>. <\/p>\n<p class=\"_paragraph_o9xde_4 _paragraph_xtcu6_10 layout-component text-serif-m layout-normal text-serif-m layout-padded\">Bygget ligger like ved Det hvite hus i Washington.<\/p>\n<p class=\"_paragraph_o9xde_4 _paragraph_xtcu6_10 layout-component text-serif-m layout-normal text-serif-m layout-padded\"><strong class=\"_strong_o9xde_25\">Trump hevder at USA m\u00e5 ha Gr\u00f8nland av hensyn til nasjonal sikkerhet og viser til at det er et stort russisk og kinesisk n\u00e6rv\u00e6r der.<\/strong><\/p>\n<p class=\"_paragraph_o9xde_4 _paragraph_xtcu6_10 layout-component text-serif-m layout-normal text-serif-m layout-padded\">Onsdag ettermiddag sier han at Gr\u00f8nland er viktig for USAs bygging av \u00abGolden Dome\u00bb \u2013 inspirert av Israels luftforsvarsskjold med det lignende navnet \u00abIron Dome\u00bb. <\/p>\n<p class=\"_paragraph_o9xde_4 _paragraph_xtcu6_10 layout-component text-serif-m layout-normal text-serif-m layout-padded\">\u2013 Vi skal ha det ferdig i l\u00f8pet av rundt tre \u00e5r, har Trump lovet, if\u00f8lge <a href=\"https:\/\/abcnews.go.com\/Politics\/trump-unveil-plans-us-missile-defense-shield-cost\/story?id=121995258\" class=\"_link_o9xde_39\" rel=\"nofollow noopener\" target=\"_blank\">ABC News<\/a>. <\/p>\n<p class=\"_paragraph_o9xde_4 _paragraph_xtcu6_10 layout-component text-serif-m layout-normal text-serif-m layout-padded\">Systemet skal kunne beskytte USA mot \u00abluftangrep fra enhver fiende\u00bb, if\u00f8lge myndighetene, ogs\u00e5 fra verdensrommet. Systemet har en ansl\u00e5tt prislapp p\u00e5 175 milliarder dollar. <\/p>\n<p><img alt=\"Danmarks statsminister Mette Frederiksen og hennes gr\u00f8nlandske kollega Jens-Frederik Nielsen, under tirsdagens pressekonferanse.  Foto: LISELOTTE SABROE \/ AFP \/ NTB\" class=\"_image_qp4xg_65 layout-component layout-normal\" data-fullscreen- data-track-element-type=\"Article image fullscreen\" data-track-name=\"ImageFullscreen\" decoding=\"async\" loading=\"lazy\" height=\"3744\" itemprop=\"image\"  src=\"https:\/\/www.europesays.com\/no\/wp-content\/uploads\/2026\/01\/1768402809_606_b594a078-0688-4dde-91ea-c80976d779b0.jpeg\"  style=\"object-position:0% 0%\" width=\"5616\"\/>Danmarks statsminister Mette Frederiksen og hennes gr\u00f8nlandske kollega Jens-Frederik Nielsen, under tirsdagens pressekonferanse.  Foto: LISELOTTE SABROE \/ AFP \/ NTB<\/p>\n<p class=\"_paragraph_o9xde_4 _paragraph_xtcu6_10 layout-component text-serif-m layout-normal text-serif-m layout-padded\">\u2013 Vi velger Nato. Vi velger kongeriket Danmark, vi velger EU, sa Gr\u00f8nlands regjeringssjef Jens-Frederik Nielsen under en pressekonferanse sammen med Danmarks\u00a0<a href=\"https:\/\/www.vg.no\/tag\/mette-frederiksen?utm_source=vg-article&amp;utm_medium=auto-tagger&amp;utm_campaign=xr3Oxp\" class=\"_link_o9xde_39\" rel=\"nofollow noopener\" target=\"_blank\">Mette Frederiksen<\/a>\u00a0ved hennes kontor i K\u00f8benhavn tirsdag.<\/p>\n<p class=\"_paragraph_o9xde_4 _paragraph_xtcu6_10 layout-component text-serif-m layout-normal text-serif-m layout-padded\">Han sa at Danmark og Gr\u00f8nland ikke bare st\u00e5r opp for seg selv, men for den verdensordenen generasjonene f\u00f8r dem har bygget opp. Han har flere ganger gjentatt budskapet:<\/p>\n<p class=\"_paragraph_o9xde_4 _paragraph_xtcu6_10 layout-component text-serif-m layout-normal text-serif-m layout-padded\"><strong class=\"_strong_o9xde_25\">\u00abGr\u00f8nland er ikke til salgs\u00bb<\/strong><\/p>\n<p class=\"_paragraph_o9xde_4 _paragraph_xtcu6_10 layout-component text-serif-m layout-normal text-serif-m layout-padded\">Natt til onsdag norsk tid kommenterte Trump Nielsens uttalelser.<\/p>\n<p class=\"_paragraph_o9xde_4 _paragraph_xtcu6_10 layout-component text-serif-m layout-normal text-serif-m layout-padded\">\u2013 Det er deres problem. Jeg er uenig med dem. Jeg vet ikke hvem han er. Vet ingenting om ham, men det kommer til \u00e5 bli et stort problem for ham, sier den amerikanske presidenten, if\u00f8lge Bloomberg.<\/p>\n<p class=\"_paragraph_o9xde_4 _paragraph_xtcu6_10 layout-component text-serif-m layout-normal text-serif-m layout-padded\"><strong class=\"_strong_o9xde_25\">Onsdag ettermiddag fortsetter den amerikanske presidentens tiraden mot Danmark: <\/strong><\/p>\n<p class=\"_paragraph_o9xde_4 _paragraph_xtcu6_10 layout-component text-serif-m layout-normal text-serif-m layout-padded\">\u2013 Nato: Fortell Danmark om \u00e5 dra derfra, N\u00c5! To hundesleder vil ikke l\u00f8se dette! Bare USA klarer det!!!, skriver han p\u00e5 Truth Social. <\/p>\n<p class=\"_paragraph_o9xde_4 _paragraph_xtcu6_10 layout-component text-serif-m layout-normal text-serif-m layout-padded\">Videre skriver han at dansk etterretning i fjor advarte mot b\u00e5de russisk og kinesisk aktivitet mot Gr\u00f8ndland og de arktiske omr\u00e5dene. <\/p>\n<p class=\"_paragraph_o9xde_4 _paragraph_xtcu6_10 layout-component text-serif-m layout-normal layout-padded\"><strong class=\"_strong_o9xde_25\">Les ogs\u00e5:<\/strong> <a href=\"https:\/\/www.vg.no\/i\/8p6EQ2\" data-track-element-type=\"Link\" data-track-id=\"link:8p6EQ2\" class=\"_link_o9xde_39\" rel=\"nofollow noopener\" target=\"_blank\">Et rungende nei til Trump<\/a><\/p>\n<p>    <img decoding=\"async\" alt=\"Tips oss illustrasjon\" src=\"https:\/\/www.europesays.com\/no\/wp-content\/uploads\/2025\/10\/pssst-small.webp.webp\"\/>    <\/p>\n<p class=\"title-serif-s\">Har du tips?<\/p>\n<p class=\"text-sans-m\">Send oss informasjon, bilder eller video.<\/p>\n<p>  <a href=\"https:\/\/www.vg.no\/tips-oss\" rel=\"nofollow noopener\" target=\"_blank\"> Tips oss <\/a>      <\/p>\n","protected":false},"excerpt":{"rendered":"Onsdag ettermiddag, f\u00f8r Danmark og Gr\u00f8nland m\u00f8ter USA, kommer Donald Trump med nye uttalelser. If\u00f8lge DR har Danmark&hellip;\n","protected":false},"author":2,"featured_media":137106,"comment_status":"","ping_status":"","sticky":false,"template":"","format":"standard","meta":{"footnotes":""},"categories":[12],"tags":[31,20,21,1524,55,24,25,2112,15,15693,22,23,2030,233,13,30,28,29,14,16,26,27,50,42,43,44,45],"class_list":{"0":"post-137215","1":"post","2":"type-post","3":"status-publish","4":"format-standard","5":"has-post-thumbnail","7":"category-verden","8":"tag-breaking","9":"tag-breaking-news","10":"tag-breakingnews","11":"tag-danmark","12":"tag-donald-trump","13":"tag-featured-news","14":"tag-featurednews","15":"tag-gronland","16":"tag-headlines","17":"tag-jens-frederik-nielsen","18":"tag-latest-news","19":"tag-latestnews","20":"tag-mette-frederiksen","21":"tag-nato","22":"tag-news","23":"tag-no","24":"tag-norge","25":"tag-norway","26":"tag-nyheter","27":"tag-overskrifter","28":"tag-top-stories","29":"tag-topstories","30":"tag-usa","31":"tag-verden","32":"tag-world","33":"tag-world-news","34":"tag-worldnews"},"share_on_mastodon":{"url":"https:\/\/pubeurope.com\/@no\/115894054236966721","error":""},"_links":{"self":[{"href":"https:\/\/www.europesays.com\/no\/wp-json\/wp\/v2\/posts\/137215","targetHints":{"allow":["GET"]}}],"collection":[{"href":"https:\/\/www.europesays.com\/no\/wp-json\/wp\/v2\/posts"}],"about":[{"href":"https:\/\/www.europesays.com\/no\/wp-json\/wp\/v2\/types\/post"}],"author":[{"embeddable":true,"href":"https:\/\/www.europesays.com\/no\/wp-json\/wp\/v2\/users\/2"}],"replies":[{"embeddable":true,"href":"https:\/\/www.europesays.com\/no\/wp-json\/wp\/v2\/comments?post=137215"}],"version-history":[{"count":0,"href":"https:\/\/www.europesays.com\/no\/wp-json\/wp\/v2\/posts\/137215\/revisions"}],"wp:featuredmedia":[{"embeddable":true,"href":"https:\/\/www.europesays.com\/no\/wp-json\/wp\/v2\/media\/137106"}],"wp:attachment":[{"href":"https:\/\/www.europesays.com\/no\/wp-json\/wp\/v2\/media?parent=137215"}],"wp:term":[{"taxonomy":"category","embeddable":true,"href":"https:\/\/www.europesays.com\/no\/wp-json\/wp\/v2\/categories?post=137215"},{"taxonomy":"post_tag","embeddable":true,"href":"https:\/\/www.europesays.com\/no\/wp-json\/wp\/v2\/tags?post=137215"}],"curies":[{"name":"wp","href":"https:\/\/api.w.org\/{rel}","templated":true}]}}