{"id":137222,"date":"2026-01-14T15:06:20","date_gmt":"2026-01-14T15:06:20","guid":{"rendered":"https:\/\/www.europesays.com\/no\/137222\/"},"modified":"2026-01-14T15:06:20","modified_gmt":"2026-01-14T15:06:20","slug":"dagligvarehandel-coop-midt-norge-medlemmer-i-rana-og-hemnes-far-na-292-millioner-kroner-inn-pa-konto-men-skal-du-ha-tak-i-pengene-ma-du-huske-pa-dette","status":"publish","type":"post","link":"https:\/\/www.europesays.com\/no\/137222\/","title":{"rendered":"Dagligvarehandel, Coop Midt-Norge | Medlemmer i Rana og Hemnes f\u00e5r n\u00e5 29,2 millioner kroner inn p\u00e5 konto, men skal du ha tak i pengene m\u00e5 du huske p\u00e5 dette"},"content":{"rendered":"\n<p>Det er i en pressemelding Coop Midt-Norge melder at kjeden betaler ut kj\u00f8peutbytte for 2025. Totalt er det snakk om 363 millioner kroner i kj\u00f8peutbytte og medlemsfordeler som betales ut til kjedens 293.000 medlemmer.<\/p>\n<p>Av dette er det totalt 29,3 millioner kroner som betales ut til medlemmer i Rana og Hemnes.<\/p>\n<p>Coop Midt-Norge omsatte for 9,5 milliarder kroner i 2025 &#8211; en \u00f8kning p\u00e5 397 millioner kroner, eller 4,4 prosent, fra \u00e5ret f\u00f8r,<\/p>\n<p>I pressemeldingen heter det at Coop Midt-Norge fortsetter med et kj\u00f8peutbytte p\u00e5 tre prosent i 2026.<\/p>\n<p>\u2013 Vi er stolte over \u00e5 kunne utbetale et rekordstort kj\u00f8peutbytte p\u00e5 363 millioner kroner til medlemmene v\u00e5re. Form\u00e5let v\u00e5rt er \u00e5 skape medlemsnytte, og medlemmene som eiere er ogs\u00e5 v\u00e5re beste kunder, sier Torbj\u00f8rn Skei, administrerende direkt\u00f8r i Coop Midt-Norge, i pressemeldingen.<\/p>\n<p>Kj\u00f8peutbyttet overf\u00f8res til medlemmenes medlemskonto. Skal du imidlertid ha tak i pengene m\u00e5 du selv g\u00e5 inn p\u00e5 din medlemskonto, og ta ut pengene eller overf\u00f8re de til din private bankkonto.<\/p>\n<p>Tidligere \u00e5r har flere \u00f8konomer oppfordret til \u00e5 gj\u00f8re dette da det er ingen eller lite rente p\u00e5 medlemskontoer.<\/p>\n<p>  <a href=\"https:\/\/www.ranablad.no\/5-42-1104754\" class=\"related-teaser has-image default-story-teaser article--c-eRUmMG article--c-eRUmMG-jKCPdD-design-default\" rel=\"nofollow noopener\" target=\"_blank\"><\/p>\n<p>    <img decoding=\"async\" loading=\"lazy\"  src=\"https:\/\/www.europesays.com\/no\/wp-content\/uploads\/2026\/01\/IMG_9806.JPG\" alt=\"\" class=\"brick-c-cFOWSL\" style=\"\"\/><\/p>\n<p>\n            Les ogs\u00e5<\/p>\n<p>              Klar beskjed til 2,5 millioner dagligvare\u00adkunder: \u2013\u2060 Ta ut pengene n\u00e5\n        <\/p>\n<p>  <\/a><\/p>\n","protected":false},"excerpt":{"rendered":"Det er i en pressemelding Coop Midt-Norge melder at kjeden betaler ut kj\u00f8peutbytte for 2025. Totalt er det&hellip;\n","protected":false},"author":2,"featured_media":137223,"comment_status":"","ping_status":"","sticky":false,"template":"","format":"standard","meta":{"footnotes":""},"categories":[56],"tags":[36,60,14009,321,61,3413,11115,62,30,28,29,1360,1510],"class_list":{"0":"post-137222","1":"post","2":"type-post","3":"status-publish","4":"format-standard","5":"has-post-thumbnail","7":"category-naeringsliv","8":"tag-art","9":"tag-business","10":"tag-coop-midt-norge","11":"tag-dagligvarehandel","12":"tag-economy","13":"tag-hemnes","14":"tag-kjopeutbytte","15":"tag-naeringsliv","16":"tag-no","17":"tag-norge","18":"tag-norway","19":"tag-rana","20":"tag-story"},"share_on_mastodon":{"url":"https:\/\/pubeurope.com\/@no\/115894077658136840","error":""},"_links":{"self":[{"href":"https:\/\/www.europesays.com\/no\/wp-json\/wp\/v2\/posts\/137222","targetHints":{"allow":["GET"]}}],"collection":[{"href":"https:\/\/www.europesays.com\/no\/wp-json\/wp\/v2\/posts"}],"about":[{"href":"https:\/\/www.europesays.com\/no\/wp-json\/wp\/v2\/types\/post"}],"author":[{"embeddable":true,"href":"https:\/\/www.europesays.com\/no\/wp-json\/wp\/v2\/users\/2"}],"replies":[{"embeddable":true,"href":"https:\/\/www.europesays.com\/no\/wp-json\/wp\/v2\/comments?post=137222"}],"version-history":[{"count":0,"href":"https:\/\/www.europesays.com\/no\/wp-json\/wp\/v2\/posts\/137222\/revisions"}],"wp:featuredmedia":[{"embeddable":true,"href":"https:\/\/www.europesays.com\/no\/wp-json\/wp\/v2\/media\/137223"}],"wp:attachment":[{"href":"https:\/\/www.europesays.com\/no\/wp-json\/wp\/v2\/media?parent=137222"}],"wp:term":[{"taxonomy":"category","embeddable":true,"href":"https:\/\/www.europesays.com\/no\/wp-json\/wp\/v2\/categories?post=137222"},{"taxonomy":"post_tag","embeddable":true,"href":"https:\/\/www.europesays.com\/no\/wp-json\/wp\/v2\/tags?post=137222"}],"curies":[{"name":"wp","href":"https:\/\/api.w.org\/{rel}","templated":true}]}}