{"id":137238,"date":"2026-01-14T15:21:06","date_gmt":"2026-01-14T15:21:06","guid":{"rendered":"https:\/\/www.europesays.com\/no\/137238\/"},"modified":"2026-01-14T15:21:06","modified_gmt":"2026-01-14T15:21:06","slug":"lokalpolitiker-fengslet-for-a-ha-mottatt-overgrepsmateriale-stor-oslo","status":"publish","type":"post","link":"https:\/\/www.europesays.com\/no\/137238\/","title":{"rendered":"Lokalpolitiker fengslet for \u00e5 ha mottatt overgrepsmateriale \u2013 Stor-Oslo"},"content":{"rendered":"<p>En mann ble onsdag varetektsfengsla i to uker med brev- og bes\u00f8ksforbud for \u00e5 ha v\u00e6rt i besittelse av overgrepsmateriale.<\/p>\n<p>Han er sikta etter straffelovens paragraf 311, som gjelder \u00abframstilling av seksuelle overgrep mot barn eller framstilling som seksualiserer barn\u00bb.<\/p>\n<p>Det kommer fram i en kjennelse fra Follo og Nordre \u00d8stfold tingrett onsdag.<\/p>\n<p>Seksualisert chat<\/p>\n<p><strong>\u2013 Det er en sak som gjelder seksualisert chat p\u00e5 sosiale medier. Siktelsen gjelder ett forhold med \u00e9n forn\u00e6rmet, som er ten\u00e5ring, sier politiadvokat Camilla Elvevoll.<\/strong><\/p>\n<p>Tingretten mener det er fare for at bevis kan \u00f8delegges hvis mannen ikke fengsles.<\/p>\n<p>Mannen erkjenner ikke straffskyld, opplyser hans forsvarer Gaute NIlsen. Klienten var ogs\u00e5 uenig i at han skulle varetektsfengsles.<\/p>\n<p>\u2013 Min klient samtykker ikke til fengsling, sier Nilsen.<\/p>\n<p><img decoding=\"async\"   src=\"data:image\/gif;base64,R0lGODlhAQABAIAAAAAAAP\/\/\/yH5BAEAAAAALAAAAAABAAEAAAIBRAA7\" loading=\"eager\" alt=\"en mann med briller, jakke med hvit skjorte og slips under\" title=\"Foto: Christian Nygaard-Monsen \/ NRK\"\/><\/p>\n<p class=\"\">Gaute Nilsen er forsvarer for den sikta mannen. Mannen ble avh\u00f8rt tirsdag denne uka.<\/p>\n<p>Foto: Christian Nygaard-Monsen \/ NRK<\/p>\n<p>P\u00e5grepet tirsdag<\/p>\n<p>Mannen ble p\u00e5grepet tirsdag denne uka, og framstilt for fengsling onsdag.<\/p>\n<p>Den forn\u00e6mede i saken er ei jente i ten\u00e5rene, som er under den seksuelle lavalder.<\/p>\n<p>Det var politiet som ba om at mannen skulle fengsles med brev- og bes\u00f8ksforbud, noe de har f\u00e5tt medhold i.<\/p>\n<p>\u2013 Vi har jo ransaket hjemme hos ham i g\u00e5r og tatt digitale enheter i beslag, s\u00e5 n\u00e5 m\u00e5 vi f\u00e5 kartlagt omfanget i denne saken. Det er tidkrevende arbeid, og vi trenger to uker p\u00e5 \u00e5 f\u00e5 oversikt, sier politiadvokat Elvevoll.<\/p>\n<p>Publisert<\/p>\n<p>14.01.2026, kl. 15.48<\/p>\n","protected":false},"excerpt":{"rendered":"En mann ble onsdag varetektsfengsla i to uker med brev- og bes\u00f8ksforbud for \u00e5 ha v\u00e6rt i besittelse&hellip;\n","protected":false},"author":2,"featured_media":137239,"comment_status":"","ping_status":"","sticky":false,"template":"","format":"standard","meta":{"footnotes":""},"categories":[12],"tags":[20,21,24,25,15,22,23,13,30,28,29,14,16,26,27,42,43,44,45],"class_list":{"0":"post-137238","1":"post","2":"type-post","3":"status-publish","4":"format-standard","5":"has-post-thumbnail","7":"category-verden","8":"tag-breaking-news","9":"tag-breakingnews","10":"tag-featured-news","11":"tag-featurednews","12":"tag-headlines","13":"tag-latest-news","14":"tag-latestnews","15":"tag-news","16":"tag-no","17":"tag-norge","18":"tag-norway","19":"tag-nyheter","20":"tag-overskrifter","21":"tag-top-stories","22":"tag-topstories","23":"tag-verden","24":"tag-world","25":"tag-world-news","26":"tag-worldnews"},"share_on_mastodon":{"url":"https:\/\/pubeurope.com\/@no\/115894136763179163","error":""},"_links":{"self":[{"href":"https:\/\/www.europesays.com\/no\/wp-json\/wp\/v2\/posts\/137238","targetHints":{"allow":["GET"]}}],"collection":[{"href":"https:\/\/www.europesays.com\/no\/wp-json\/wp\/v2\/posts"}],"about":[{"href":"https:\/\/www.europesays.com\/no\/wp-json\/wp\/v2\/types\/post"}],"author":[{"embeddable":true,"href":"https:\/\/www.europesays.com\/no\/wp-json\/wp\/v2\/users\/2"}],"replies":[{"embeddable":true,"href":"https:\/\/www.europesays.com\/no\/wp-json\/wp\/v2\/comments?post=137238"}],"version-history":[{"count":0,"href":"https:\/\/www.europesays.com\/no\/wp-json\/wp\/v2\/posts\/137238\/revisions"}],"wp:featuredmedia":[{"embeddable":true,"href":"https:\/\/www.europesays.com\/no\/wp-json\/wp\/v2\/media\/137239"}],"wp:attachment":[{"href":"https:\/\/www.europesays.com\/no\/wp-json\/wp\/v2\/media?parent=137238"}],"wp:term":[{"taxonomy":"category","embeddable":true,"href":"https:\/\/www.europesays.com\/no\/wp-json\/wp\/v2\/categories?post=137238"},{"taxonomy":"post_tag","embeddable":true,"href":"https:\/\/www.europesays.com\/no\/wp-json\/wp\/v2\/tags?post=137238"}],"curies":[{"name":"wp","href":"https:\/\/api.w.org\/{rel}","templated":true}]}}