{"id":137251,"date":"2026-01-14T15:37:10","date_gmt":"2026-01-14T15:37:10","guid":{"rendered":"https:\/\/www.europesays.com\/no\/137251\/"},"modified":"2026-01-14T15:37:10","modified_gmt":"2026-01-14T15:37:10","slug":"kanskje-norges-mest-undervurderte-folkehelsetiltak","status":"publish","type":"post","link":"https:\/\/www.europesays.com\/no\/137251\/","title":{"rendered":"\u2013 Kanskje Norges mest undervurderte folkehelsetiltak"},"content":{"rendered":"<p class=\"extendedContent hyperion-css-1a4fn7w\" data-test-tag=\"lead-text\">Bibliotekene er kanskje Norges mest undervurderte folkehelsetiltak.<\/p>\n<p><img decoding=\"async\" class=\"image-asset hyperion-css-u06ts1\" data-test-tag=\"image-asset\" src=\"https:\/\/www.europesays.com\/no\/wp-content\/uploads\/2026\/01\/e8377392-329d-4d07-ad1d-8b02e89cb071.jpeg\"  alt=\"Bibliotekene bygger ikke muskler, men d\u00f8mmekraft og dr\u00f8mmekraft, nysgjerrighet og kritisk sans, skriver innsenderen. Bildet er fra nyrenoverte Fyllingsdalen bibliotek.\"  loading=\"eager\" fetchpriority=\"high\" style=\"aspect-ratio:1900 \/ 1267\"\/>Bibliotekene bygger ikke muskler, men d\u00f8mmekraft og dr\u00f8mmekraft, nysgjerrighet og kritisk sans, skriver innsenderen. Bildet er fra nyrenoverte Fyllingsdalen bibliotek. Foto: Tor H\u00f8vik (arkiv)<\/p>\n<ul data-test-tag=\"byline:authors:lala\" data-testid=\"byline:authors:lala\" class=\"hyperion-css-1ifm457\">Arne Klyve<\/p>\n<p>Cand. polit., Bergen<\/p>\n<\/ul>\n<ol class=\"hyperion-css-v28fi1\">\n<li class=\"hyperion-css-0\">\n<ul class=\"hyperion-css-w8vnca\">\n<li aria-label=\"link\" class=\"narrow-button hyperion-css-1sz7d3n\">bt-linkKopier lenke<\/li>\n<li aria-label=\"link\" class=\"wide-button hyperion-css-1sz7d3n\">bt-linkKopier lenke<\/li>\n<\/ul>\n<\/li>\n<li class=\"hyperion-css-0\"\/><\/ol>\n<p>Publisert: Publisert: <\/p>\n<p>For mindre enn 40 minutter siden<\/p>\n<p><img loading=\"lazy\" decoding=\"async\" src=\"https:\/\/www.europesays.com\/no\/wp-content\/uploads\/2025\/08\/icon-info.png\" width=\"24\" height=\"24\" alt=\"icon\" class=\"hyperion-css-ktfawp\"\/>DebattDette er et debattinnlegg. Innlegget er skrevet av en ekstern bidragsyter, og kvalitetssikret av BTs debattavdeling. Meninger og analyser er skribentens egne.<\/p>\n<p class=\"hyperion-css-zwo8lj\">Vi snakker mye om fysisk helse. Om treningssentre, PT-timer og pulsklokker. <\/p>\n<p class=\"hyperion-css-zwo8lj\">Men vi snakker altfor lite om de stedene som styrker det viktigste vi har: evnen til \u00e5 tenke, forst\u00e5, orientere oss og delta i samfunnet. <\/p>\n<p class=\"hyperion-css-zwo8lj\">I en tid preget av st\u00f8y, polarisering og informasjonskaos trenger vi mentale helsestudio mer enn noen gang. Heldigvis har vi dem allerede. De heter folkebibliotek.<\/p>\n<p><img decoding=\"async\" class=\"image-asset hyperion-css-u06ts1\" data-test-tag=\"image-asset\" src=\"https:\/\/www.europesays.com\/no\/wp-content\/uploads\/2026\/01\/509879ac-dff3-4dc4-baa7-0f1adaf5d98a.jpeg\"  alt=\"I bibliotekene kan du lese deg ut av ekkokamre og inn i st\u00f8rre perspektiver, skriver Arne Klyve.\"  loading=\"eager\" fetchpriority=\"high\" style=\"aspect-ratio:1900 \/ 1268\"\/>I bibliotekene kan du lese deg ut av ekkokamre og inn i st\u00f8rre perspektiver, skriver Arne Klyve. Foto: PrivatUndervurdert <\/p>\n<p class=\"hyperion-css-zwo8lj\">Bibliotekene er kanskje Norges mest undervurderte folkehelsetiltak. De er \u00e5pne for alle, gratis for alle og tilgjengelige i hele landet \u2013 fra bysentrum til sm\u00e5 lokalsamfunn.<\/p>\n<p class=\"hyperion-css-zwo8lj\">Der treningssentre bygger muskler og kondisjon, bygger bibliotekene d\u00f8mmekraft og dr\u00f8mmekraft, nysgjerrighet og kritisk sans. Det er ikke tilfeldig at alle stabile demokratier har sterke bibliotektradisjoner. Et samfunn der kunnskap er gratis, er et samfunn der makt er jevnere fordelt.<\/p>\n<p class=\"hyperion-css-zwo8lj\">I biblioteket kan du gj\u00f8re noe som er blitt sjeldent i v\u00e5r tid: tenke i fred. Du kan m\u00f8te ideer som utfordrer deg, ikke bare bekrefter deg. Du kan lese deg ut av ekkokamre og inn i st\u00f8rre perspektiver. Du kan stille sp\u00f8rsm\u00e5l uten \u00e5 bli overv\u00e5ket av algoritmer. Det er et rom der du ikke er kunde, m\u00e5lgruppe eller datapunkt \u2013 du er borger.<\/p>\n<p class=\"hyperion-css-zwo8lj\">Bibliotekene er ogs\u00e5 et av de f\u00e5 stedene der mennesker med helt ulike liv m\u00f8tes uten at det koster noe. Studenter, pensjonister, arbeidsledige, sm\u00e5barnsforeldre, nyankomne, forskere, ungdommer. Det er en stille, men kraftfull form for sosial infrastruktur. Et samfunn som mister slike m\u00f8tepunkter, mister ogs\u00e5 noe av sin demokratiske grunnmur.<\/p>\n<p><img decoding=\"async\" class=\"image-asset hyperion-css-u06ts1\" data-test-tag=\"image-asset\" src=\"https:\/\/www.europesays.com\/no\/wp-content\/uploads\/2026\/01\/6e06e540-bb21-4eae-9769-fd4ff2daa1b5.jpeg\"  alt=\"Kampen Land\u00e5s bibliotek vant, var ikke bare en lokal triumf, men et l\u00f8ft for hele fellesskapet, skriver innsenderen.\"  loading=\"eager\" fetchpriority=\"high\" style=\"aspect-ratio:1900 \/ 1267\"\/>Kampen Land\u00e5s bibliotek vant, var ikke bare en lokal triumf, men et l\u00f8ft for hele fellesskapet, skriver innsenderen. Foto: Silje Katrine Robinson (arkiv)Bevarer demokratiet<\/p>\n<p class=\"hyperion-css-zwo8lj\">N\u00e5r vi snakker om mental helse, handler det ikke bare om terapi og behandling. Det handler om forebygging: \u00e5 gi mennesker tilgang til kunnskap, fellesskap, ro og muligheten til \u00e5 utvikle seg. Bibliotekene gj\u00f8r alt dette, hver eneste dag, uten betalingsmur, uten medlemskap, uten skjulte agendaer.<\/p>\n<p class=\"hyperion-css-zwo8lj\">Kanskje er det p\u00e5 tide at vi begynner \u00e5 se folkebibliotekene for det de faktisk er: landets viktigste mentale helsestudio. De holder demokratiet friskt ved \u00e5 gi oss det vi trenger mest: informerte borgere som kan tenke selv.<\/p>\n<p class=\"hyperion-css-zwo8lj\">Derfor var <a data-test-tag=\"internal-link\" href=\"https:\/\/www.bt.no\/politikk\/i\/m063Gv\/byraadet-er-enige-med-stoettepartiene-om-neste-aars-budsjett-i-bergen\" class=\"hyperion-css-1raymq9\" rel=\"nofollow noopener\" target=\"\" aria-label=\"kampen Land\u00e5s bibliotek vant,\" theme=\"debatt\">kampen Land\u00e5s bibliotek vant,<\/a> ikke bare en lokal triumf, men et l\u00f8ft for hele fellesskapet. N\u00e5 gjelder det \u00e5 bruke seieren som startskudd, ikke sluttpunkt.<\/p>\n<p>Publisert: <\/p>\n<p>Publisert: 14. januar 2026 15:47<\/p>\n","protected":false},"excerpt":{"rendered":"Bibliotekene er kanskje Norges mest undervurderte folkehelsetiltak. Bibliotekene bygger ikke muskler, men d\u00f8mmekraft og dr\u00f8mmekraft, nysgjerrighet og kritisk&hellip;\n","protected":false},"author":2,"featured_media":137252,"comment_status":"","ping_status":"","sticky":false,"template":"","format":"standard","meta":{"footnotes":""},"categories":[10],"tags":[20,21,24,25,15,22,23,13,30,28,29,14,16,26,27],"class_list":{"0":"post-137251","1":"post","2":"type-post","3":"status-publish","4":"format-standard","5":"has-post-thumbnail","7":"category-norge","8":"tag-breaking-news","9":"tag-breakingnews","10":"tag-featured-news","11":"tag-featurednews","12":"tag-headlines","13":"tag-latest-news","14":"tag-latestnews","15":"tag-news","16":"tag-no","17":"tag-norge","18":"tag-norway","19":"tag-nyheter","20":"tag-overskrifter","21":"tag-top-stories","22":"tag-topstories"},"share_on_mastodon":{"url":"https:\/\/pubeurope.com\/@no\/115894199648037183","error":""},"_links":{"self":[{"href":"https:\/\/www.europesays.com\/no\/wp-json\/wp\/v2\/posts\/137251","targetHints":{"allow":["GET"]}}],"collection":[{"href":"https:\/\/www.europesays.com\/no\/wp-json\/wp\/v2\/posts"}],"about":[{"href":"https:\/\/www.europesays.com\/no\/wp-json\/wp\/v2\/types\/post"}],"author":[{"embeddable":true,"href":"https:\/\/www.europesays.com\/no\/wp-json\/wp\/v2\/users\/2"}],"replies":[{"embeddable":true,"href":"https:\/\/www.europesays.com\/no\/wp-json\/wp\/v2\/comments?post=137251"}],"version-history":[{"count":0,"href":"https:\/\/www.europesays.com\/no\/wp-json\/wp\/v2\/posts\/137251\/revisions"}],"wp:featuredmedia":[{"embeddable":true,"href":"https:\/\/www.europesays.com\/no\/wp-json\/wp\/v2\/media\/137252"}],"wp:attachment":[{"href":"https:\/\/www.europesays.com\/no\/wp-json\/wp\/v2\/media?parent=137251"}],"wp:term":[{"taxonomy":"category","embeddable":true,"href":"https:\/\/www.europesays.com\/no\/wp-json\/wp\/v2\/categories?post=137251"},{"taxonomy":"post_tag","embeddable":true,"href":"https:\/\/www.europesays.com\/no\/wp-json\/wp\/v2\/tags?post=137251"}],"curies":[{"name":"wp","href":"https:\/\/api.w.org\/{rel}","templated":true}]}}