{"id":137260,"date":"2026-01-14T15:45:09","date_gmt":"2026-01-14T15:45:09","guid":{"rendered":"https:\/\/www.europesays.com\/no\/137260\/"},"modified":"2026-01-14T15:45:09","modified_gmt":"2026-01-14T15:45:09","slug":"milla-andreassen-tok-gull-pa-nrk-sport-sportsnyheter-resultater-og-sendeplan","status":"publish","type":"post","link":"https:\/\/www.europesays.com\/no\/137260\/","title":{"rendered":"Milla Andreassen tok gull p\u00e5 \u2013 NRK Sport \u2013 Sportsnyheter, resultater og sendeplan"},"content":{"rendered":"<p><strong>\u2013 Jeg er i sjokk! sier Andreassen.<\/strong><\/p>\n<p>Hun br\u00f8t ut i t\u00e5rer i intervju med NRK og var tydelig i lykkerus over \u00e5 ha vunnet NM-sprinten i Steinkjer.<\/p>\n<p>\u2013 Jeg vil ikke gr\u00e5te p\u00e5 TV! Men n\u00e5 er det gledest\u00e5rer. \u00c5 herregud, jeg vet ikke hva som skjedde, sier hun.<\/p>\n<p>\u2013 Hun gj\u00f8r seg selv ekstremt OL-aktuell, sa Jann Post etter bragden.<\/p>\n<p>Og vinneren selv er enig med NRK-duoen.<\/p>\n<p><strong>\u2013 Jeg blir skuffa om jeg ikke blir med til OL, n\u00e5 som jeg vant, sier Andreassen.<\/strong><\/p>\n<p>Og landslagstrener Sjur Ole Svarstad vil p\u00e5 ingen m\u00e5te utelukke OL-plass.<\/p>\n<p>\u2013 Hun gj\u00f8r et veldig godt skirenn. Jeg kan ikke si noe annet enn at jeg er imponert, sier han til NRK.<\/p>\n<p>\u2013 Har du blitt klokere i l\u00f8pet av dagen?<\/p>\n<p>\u2013 Ja. B\u00e5de Ingrid og Milla har levert gode skil\u00f8p i l\u00f8pet av sesongen, s\u00e5 det er gode muligheter (for OL), sier Svarstad.<\/p>\n<p>Og Andreassens kj\u00e6reste Lars Heggen var ikke noe d\u00e5rligere. Han stakk seirende ut av herrenes sprintfinale, og etter finalene m\u00f8tte paret NRK:<\/p>\n<p>Det var Helene Ekrheim Haugen som ble nummer to, mens Hedda Bakkemo stakk av med tredjeplassen.<\/p>\n<p>Fiasko for Lotta Udnes Weng<\/p>\n<p>Lotta Udnes Weng hadde en blytung dag p\u00e5 jobb da hun r\u00f8k ut av NM-sprinten allerede i kvartfinalen.<\/p>\n<p><strong>\u2013 Det er noe av det verste jeg har v\u00e6rt med p\u00e5 i mitt liv, sier Udnes Weng til NRK.<\/strong><\/p>\n<p>\u2013 Hva tenker du om OL-uttaket?<\/p>\n<p>\u2013 Det f\u00e5r noen andre tenke p\u00e5. Jeg vet jeg kan bedre, og da er det ekstra kjipt.<\/p>\n<p>Dermed kan OL henge i en tynn tr\u00e5d for Udnes Weng. Det er fire ledige plasser p\u00e5 kvinnesiden, og onsdagens klassiske sprint kan f\u00e5 mye \u00e5 si for uttaket.<\/p>\n<p>\u2013 Jeg orker ikke \u00e5 h\u00f8re bokstavene OL engang fordi jeg er s\u00e5 langt unna, sier Udnes Weng.<\/p>\n<p><img decoding=\"async\"   src=\"data:image\/gif;base64,R0lGODlhAQABAIAAAAAAAP\/\/\/yH5BAEAAAAALAAAAAABAAEAAAIBRAA7\" loading=\"eager\" alt=\"\" title=\"Foto: Lise \u00c5serud \/ NTB\"\/><\/p>\n<p class=\"\">UTE: Lotta Udnes Weng r\u00f8k ut i kvartfinalen av sprinten. <\/p>\n<p>Foto: Lise \u00c5serud \/ NTB<\/p>\n<p>Tvillings\u00f8steren tok feil ski<\/p>\n<p>Tvillings\u00f8ster Tiril tok seg til semifinalen, men der gikk det verre for henne. Hun slet med \u00e5 holde f\u00f8lge med teten og r\u00f8k ut.<\/p>\n<p>Udnes Weng forteller at det var skikluss som \u00f8dela konkurransen for hennes del. 29-\u00e5ringen tok nemlig feil ski.<\/p>\n<p><strong>\u2013 Det er utrolig at det g\u00e5r an \u00e5 v\u00e6re s\u00e5 surrete \u2013 det var ikke noe g\u00f8y \u00e5 g\u00e5 i dag, sier Tiril Udnes Weng til NRK.<\/strong><\/p>\n<p>\u2013 Jeg s\u00e5 ikke under skiene, jeg bare tok noen det stod Tiril p\u00e5.<\/p>\n<p>Dermed kan OL bli t\u00f8ft for langrennsl\u00f8peren som vant verdenscupen sammenlagt i 2023<\/p>\n<p>Ogs\u00e5 Julie Myhre m\u00e5tte takke for seg etter semifinalen.<\/p>\n<p>\u2013 Dette er kritisk med tanke p\u00e5 OL-uttak. N\u00e5 forsvinner disse landslagsl\u00f8perne \u00e9n etter \u00e9n ut av denne NM-sprinten, sa NRK-ekspert Fredrik Aukland.<\/p>\n<p>Ogs\u00e5 Ane Appelkvist Stenseth r\u00f8k ut i kvartfinalen. Stenseth fortalte etterp\u00e5 at hun i likhet med Lotta Udnes Weng har slitt med sykdom den siste tiden.<\/p>\n<p><img decoding=\"async\"   src=\"data:image\/gif;base64,R0lGODlhAQABAIAAAAAAAP\/\/\/yH5BAEAAAAALAAAAAABAAEAAAIBRAA7\" loading=\"eager\" alt=\"Tiril Udnes Weng\" title=\"Foto: Lise \u00c5serud \/ NTB\"\/><\/p>\n<p class=\"\">SL\u00c5TT: Lotta Udnes Weng m\u00e5tte se seg sl\u00e5tt av tre konkurrenter i sitt heat. <\/p>\n<p>Foto: Lise \u00c5serud \/ NTB<\/p>\n<p>19-\u00e5ring imponerte stort<\/p>\n<p>19 \u00e5r gamle Iselin Bjervig Drivenes overrasket \u00aballe\u00bb onsdag formiddag. Drivenes gikk i m\u00e5l til en solid tredjeplass p\u00e5 prologen. Hun fortsatte \u00e5 levere varene i kvartfinalen, og tok seg sikkert til semifinalen med en andreplass.<\/p>\n<p>Senere sikret hun seg en sensasjonell finaleplass.<\/p>\n<p><strong>\u2013 Det er fenomenalt, inn p\u00e5 en tredjeplass i prologen. 2,9 sekunder bak Milla Andreassen. Sl\u00e5r jo en rekke landslagsl\u00f8pere, kommenterte Aukland. <\/strong><\/p>\n<p>Ogs\u00e5 under finalene imponerte 19-\u00e5ringen kommentatorene, selv om finalen ble noe for t\u00f8ff for junioren. Der ble hun nummer seks.<\/p>\n<p>\u2013 Jeg synes det g\u00e5r lett for Bjervig Drivenes, kommenterte Jann Post.\n<\/p>\n<p>Selv hadde Drivenes en god f\u00f8lelse.<\/p>\n<p>\u2013 Jeg tror det var bra. Det var tungt, men jeg tror det kjentes bra, sa hun til NRK etter prologen.<\/p>\n<p>OL-billetter<\/p>\n<p>Og det er mer enn bare NM-medaljer \u00e5 kjempe om i Steinkjer de neste dagene.<\/p>\n<p>For kvinnenes del er det fortsatt fire ledige OL-plasser, som skal deles ut etter mesterskapet.<\/p>\n<p><strong>\u2013 For kvinnenes del tror jeg sprinten i dag kommer til \u00e5 v\u00e6re en avgj\u00f8rende dag, nettopp fordi det er flere som har mye \u00e5 bevise. Blant annet et par tidligere landslagsl\u00f8pere som ikke har levert s\u00e5 langt i \u00e5r, sa Aukland f\u00f8r prologen.<\/strong><\/p>\n<p>Det er Astrid \u00d8yre Slind, Heidi Weng, Kristine Stav\u00e5s Skistad og Karoline Simpson-Larsen som allerede har sikret seg OL-plass.<\/p>\n<p>Ingen av disse deltar i \u00e5rets NM.<\/p>\n<p>Det gj\u00f8r heller ikke Julie Bjervig Drivenes, som st\u00e5r over grunnet sykdom.<\/p>\n<p>Ingrid Bergane Aabrekk er blant ut\u00f8verne som er med i kampen om en OL-billett.<\/p>\n<p>Hun har allerede v\u00e6rt i aksjon i OL-l\u00f8ypa, da hun gikk klassisk sprint i Tour de Ski i starten av januar. Den gang ble hun sl\u00e5tt ut i kvartfinalen. I etterkant sparte hun ikke p\u00e5 kruttet da <a href=\"https:\/\/www.nrk.no\/sport\/tour-de-ski_-totalslakt-av-ol-loypa_-_-helt-tapelig-1.17712621\" ec-id=\"pp:article:1.17712621\" ec-name=\"hun kritiserte l\u00f8ypa\" rel=\"nofollow noopener\" target=\"_blank\">hun kritiserte l\u00f8ypa<\/a>.<\/p>\n<p>Aukland forteller at hans ideelle sprintlag best\u00e5r av Kristine Stav\u00e5s Skistad, Milla Grosberghaugen Andreassen, Julie Bjervig Drivenes og Ingrid Bergene Aabrekk.<\/p>\n<p>\u2013 Det betyr at jeg utelater en sprinter som Mathilde Myhrvold p\u00e5 grunn av hennes skade. Kanskje litt kontroversielt, men jeg mener disse fire er de som burde g\u00e5tt sprinten per dags dato for \u00e5 f\u00e5 den totale kabalen for \u00e5tte kvinner til \u00e5 g\u00e5.<\/p>\n<p>Publisert<\/p>\n<p>14.01.2026, kl. 10.22<\/p>\n<p>Oppdatert<\/p>\n<p>14.01.2026, kl. 15.47<\/p>\n","protected":false},"excerpt":{"rendered":"\u2013 Jeg er i sjokk! sier Andreassen. Hun br\u00f8t ut i t\u00e5rer i intervju med NRK og var&hellip;\n","protected":false},"author":2,"featured_media":137261,"comment_status":"","ping_status":"","sticky":false,"template":"","format":"standard","meta":{"footnotes":""},"categories":[5],"tags":[20,21,24,25,15,19,22,23,17,18,13,30,28,29,14,16,26,27],"class_list":{"0":"post-137260","1":"post","2":"type-post","3":"status-publish","4":"format-standard","5":"has-post-thumbnail","7":"category-overskrifter","8":"tag-breaking-news","9":"tag-breakingnews","10":"tag-featured-news","11":"tag-featurednews","12":"tag-headlines","13":"tag-hovedoppslag","14":"tag-latest-news","15":"tag-latestnews","16":"tag-main-news","17":"tag-mainnews","18":"tag-news","19":"tag-no","20":"tag-norge","21":"tag-norway","22":"tag-nyheter","23":"tag-overskrifter","24":"tag-top-stories","25":"tag-topstories"},"share_on_mastodon":{"url":"https:\/\/pubeurope.com\/@no\/115894231078771645","error":""},"_links":{"self":[{"href":"https:\/\/www.europesays.com\/no\/wp-json\/wp\/v2\/posts\/137260","targetHints":{"allow":["GET"]}}],"collection":[{"href":"https:\/\/www.europesays.com\/no\/wp-json\/wp\/v2\/posts"}],"about":[{"href":"https:\/\/www.europesays.com\/no\/wp-json\/wp\/v2\/types\/post"}],"author":[{"embeddable":true,"href":"https:\/\/www.europesays.com\/no\/wp-json\/wp\/v2\/users\/2"}],"replies":[{"embeddable":true,"href":"https:\/\/www.europesays.com\/no\/wp-json\/wp\/v2\/comments?post=137260"}],"version-history":[{"count":0,"href":"https:\/\/www.europesays.com\/no\/wp-json\/wp\/v2\/posts\/137260\/revisions"}],"wp:featuredmedia":[{"embeddable":true,"href":"https:\/\/www.europesays.com\/no\/wp-json\/wp\/v2\/media\/137261"}],"wp:attachment":[{"href":"https:\/\/www.europesays.com\/no\/wp-json\/wp\/v2\/media?parent=137260"}],"wp:term":[{"taxonomy":"category","embeddable":true,"href":"https:\/\/www.europesays.com\/no\/wp-json\/wp\/v2\/categories?post=137260"},{"taxonomy":"post_tag","embeddable":true,"href":"https:\/\/www.europesays.com\/no\/wp-json\/wp\/v2\/tags?post=137260"}],"curies":[{"name":"wp","href":"https:\/\/api.w.org\/{rel}","templated":true}]}}