{"id":137272,"date":"2026-01-14T15:58:54","date_gmt":"2026-01-14T15:58:54","guid":{"rendered":"https:\/\/www.europesays.com\/no\/137272\/"},"modified":"2026-01-14T15:58:54","modified_gmt":"2026-01-14T15:58:54","slug":"over-2500-skal-vaere-dode-under-protestene-i-iran-dagbladet","status":"publish","type":"post","link":"https:\/\/www.europesays.com\/no\/137272\/","title":{"rendered":"Over 2500 skal v\u00e6re d\u00f8de under protestene i Iran &#8211; Dagbladet"},"content":{"rendered":"<ol>\n<li><a href=\"https:\/\/news.google.com\/rss\/articles\/CBMiugFBVV95cUxOZG01S1J0aDNWbkZCNHptNnBHak45TmowVmw2RHBkZmVXd2MtdXBJWkxvRVB1d1ZLRUhGOTFGOW5mLWdXb2V1a054UVV5ZmhjOFVFMGhfdGVIU1JzYmJyOTdSWDRqeVF1MnF1VEtYZGx5cUh4VXgxV3ZoTE5jcmJucDRBclZ5TWI0S29fTGgxa0J5VlZ5ci1vOHdxdks4WnNIcHhpQjFPTGNndmpBYlRHYzJvWVFaMkE5X0E?oc=5\" target=\"_blank\" rel=\"nofollow noopener\">Over 2500 skal v\u00e6re d\u00f8de under protestene i Iran<\/a>&nbsp;&nbsp;Dagbladet<\/li>\n<li><a href=\"https:\/\/news.google.com\/rss\/articles\/CBMirAFBVV95cUxOa0w0TVBTaVNNamxEWGtkWkNpUGdXUkFwVFV0bUQ2T2RMdlR6NzNHNWNuYmQ5cmhjVmluLWJPVXBwLVlVOGpCbUtEb3Z5NTIydU9adm9HRVk2X2hyTFZ3TDhZTU16SmEyNTRnRGdIaGZLeGljejVYVFNtZlR2SDVaV0Q5eExWTkdFSE1UdHRLNkphVkVzZmx1aWo3VmRBSnNfcWhoa1hSMUJFdHVj?oc=5\" target=\"_blank\" rel=\"nofollow noopener\">Iran: Familie har f\u00e5tt beskjed om at Erfan Soltani (26) skal henges i dag<\/a>&nbsp;&nbsp;NRK<\/li>\n<li><a href=\"https:\/\/news.google.com\/rss\/articles\/CBMifkFVX3lxTE5ET3FIZlVDZlI3UGFTLXpGQWZXaXV5dlNrcWtraDdJQk12b1pQcUlxaDZ0cjNNNGExQTVuY19ROUVqN0g1YjkzbjlNYjVLNW1pME00RDh0dkJrcFNDb2FieFNrdWhLSEJ6eWVSXzkzTi02MTJOMWxrRTB5cWRZdw?oc=5\" target=\"_blank\" rel=\"nofollow noopener\">Prinsen i eksil som vil ha makten i Iran<\/a>&nbsp;&nbsp;VG<\/li>\n<li><a href=\"https:\/\/news.google.com\/rss\/articles\/CBMipAFBVV95cUxON0w1a0Myd255cVVEQTBIamRFVUIxM1I3YWxvQmV6Nm1ZazJuVXkxQzkxRTlKMWwtVWZSTXM0SnBZZmMzWThocUpWYkYwY19SQVNEbzZzcjBPbldLYUg4VG9FZWlmUmxzTmZLN2c0dXhmNl9vYUtKNFRnTjB4RUZaMzJ6dkVqTE53SnJ4MVkycXVKZE1KTXNlS2REWVpXQzNjMnBSQg?oc=5\" target=\"_blank\" rel=\"nofollow noopener\">Nyhetsvarsel, Iran | UD advarer nordmenn: Ber alle forlate Iran<\/a>&nbsp;&nbsp;Nettavisen<\/li>\n<li><a href=\"https:\/\/news.google.com\/rss\/articles\/CBMitgFBVV95cUxNdml3RG9ubGdKM2NNdW50ZUZTOVRmZWl3b0E0QlZqTDd2cm5nTm1RdC1VLVZRM3J0OUZ5cElPcHZoMFBoWUlma3ZjLTA2TV9uWXdvdmQ3c3lETnFBR1FiSTdyS1NfWFJMckRRV1R0R1dLT1NNTEFNTnhHMjZpdDNfMTI0NkFQNkZBLV9NYlJJMHV5dkFhZGVNWE1ENkZfYURXMGlOZ3I2NHptWXBYQlJGMHpCSkczZw?oc=5\" target=\"_blank\" rel=\"nofollow noopener\">Titusener av regimetilhengere deltok p\u00e5 massebegravelse i Teheran<\/a>&nbsp;&nbsp;adressa.no<\/li>\n<\/ol>\n","protected":false},"excerpt":{"rendered":"Over 2500 skal v\u00e6re d\u00f8de under protestene i Iran&nbsp;&nbsp;Dagbladet Iran: Familie har f\u00e5tt beskjed om at Erfan Soltani&hellip;\n","protected":false},"author":2,"featured_media":137273,"comment_status":"","ping_status":"","sticky":false,"template":"","format":"standard","meta":{"footnotes":""},"categories":[12],"tags":[20,21,24,25,15,22,23,13,30,28,29,14,16,26,27,42,43,44,45],"class_list":{"0":"post-137272","1":"post","2":"type-post","3":"status-publish","4":"format-standard","5":"has-post-thumbnail","7":"category-verden","8":"tag-breaking-news","9":"tag-breakingnews","10":"tag-featured-news","11":"tag-featurednews","12":"tag-headlines","13":"tag-latest-news","14":"tag-latestnews","15":"tag-news","16":"tag-no","17":"tag-norge","18":"tag-norway","19":"tag-nyheter","20":"tag-overskrifter","21":"tag-top-stories","22":"tag-topstories","23":"tag-verden","24":"tag-world","25":"tag-world-news","26":"tag-worldnews"},"share_on_mastodon":{"url":"https:\/\/pubeurope.com\/@no\/115894285997905183","error":""},"_links":{"self":[{"href":"https:\/\/www.europesays.com\/no\/wp-json\/wp\/v2\/posts\/137272","targetHints":{"allow":["GET"]}}],"collection":[{"href":"https:\/\/www.europesays.com\/no\/wp-json\/wp\/v2\/posts"}],"about":[{"href":"https:\/\/www.europesays.com\/no\/wp-json\/wp\/v2\/types\/post"}],"author":[{"embeddable":true,"href":"https:\/\/www.europesays.com\/no\/wp-json\/wp\/v2\/users\/2"}],"replies":[{"embeddable":true,"href":"https:\/\/www.europesays.com\/no\/wp-json\/wp\/v2\/comments?post=137272"}],"version-history":[{"count":0,"href":"https:\/\/www.europesays.com\/no\/wp-json\/wp\/v2\/posts\/137272\/revisions"}],"wp:featuredmedia":[{"embeddable":true,"href":"https:\/\/www.europesays.com\/no\/wp-json\/wp\/v2\/media\/137273"}],"wp:attachment":[{"href":"https:\/\/www.europesays.com\/no\/wp-json\/wp\/v2\/media?parent=137272"}],"wp:term":[{"taxonomy":"category","embeddable":true,"href":"https:\/\/www.europesays.com\/no\/wp-json\/wp\/v2\/categories?post=137272"},{"taxonomy":"post_tag","embeddable":true,"href":"https:\/\/www.europesays.com\/no\/wp-json\/wp\/v2\/tags?post=137272"}],"curies":[{"name":"wp","href":"https:\/\/api.w.org\/{rel}","templated":true}]}}