{"id":137290,"date":"2026-01-14T16:13:06","date_gmt":"2026-01-14T16:13:06","guid":{"rendered":"https:\/\/www.europesays.com\/no\/137290\/"},"modified":"2026-01-14T16:13:06","modified_gmt":"2026-01-14T16:13:06","slug":"mann-forsokte-a-ga-om-bord-i-et-fly-med-sin-dode-kone","status":"publish","type":"post","link":"https:\/\/www.europesays.com\/no\/137290\/","title":{"rendered":"Mann fors\u00f8kte \u00e5 g\u00e5 om bord i et fly med sin d\u00f8de kone"},"content":{"rendered":"<p class=\"kicker text-red color_mobile_text-red\" style=\"\">Flere medier:<\/p>\n<p>    Ansatte i sikkerhetskontrollen p\u00e5 Tenerife slo alarm da de inns\u00e5 at noe ikke stemte.\u00a0<\/p>\n<p>\n    Dette er andre gang p\u00e5 kort tid noen har fors\u00f8kt \u00e5 fly med avd\u00f8de personer. Illustrasjonsfoto: Desiree Martin \/ AFP \/ NTB\n  <\/p>\n<p>En mann skal v\u00e6re p\u00e5grepet etter \u00e5 ha fors\u00f8kt \u00e5 g\u00e5 om bord p\u00e5 et fly med sin avd\u00f8de kone i rullestol, melder blant annet den spanske avisen\u00a0\u00a0<a href=\"https:\/\/diariodeavisos.elespanol.com\/2026\/01\/aeropuerto-tenerife-sur-fallecida\/\" target=\"_self\" rel=\"nofollow noopener\">Diario de Avisos<\/a>\u00a0og britiske\u00a0<a href=\"https:\/\/www.mirror.co.uk\/news\/world-news\/breaking-man-arrested-tenerife-airport-36541868\" rel=\"nofollow noopener\" target=\"_blank\">Mirror<\/a>.\u00a0<\/p>\n<p>Den 80 \u00e5r gamle mannen ble stanset i sikkerhetskontrollen p\u00e5 Tenerife S\u00f8r lufthavn p\u00e5 den spanske ferie\u00f8ya etter at ansatte inns\u00e5 at noe ikke stemte.\u00a0<\/p>\n<p>Ved f\u00f8rste \u00f8yekast s\u00e5 de ut som et alminnelig eldre ektepar, men da kvinnen ikke reagerte, hadde unormalt lav kroppstemperatur og ikke pustet gikk alarmen, skriver\u00a0<a href=\"https:\/\/diariodeavisos.elespanol.com\/2026\/01\/aeropuerto-tenerife-sur-fallecida\/\" target=\"_self\" rel=\"nofollow noopener\">Diario de Avisos<\/a>.\u00a0<\/p>\n<p>    <a itemprop=\"url\" href=\"https:\/\/sol.no\/nyheter\/ny-melding-om-millionfunn\/84093529\" rel=\"nofollow noopener\" target=\"_blank\"><\/p>\n<p>        <img loading=\"lazy\" decoding=\"async\" src=\"https:\/\/www.europesays.com\/no\/wp-content\/uploads\/2026\/01\/84093534.webp.webp\" width=\"980\" height=\"441\" title=\"Ny melding om millionfunn\" alt=\"\" class=\"lazyload\" style=\"--aspect-ratio-image: 2.22; \"\/><\/p>\n<p>        Ny melding om millionfunn<\/p>\n<p>sol.no<\/p>\n<p>    <\/a><\/p>\n<p>I l\u00f8pet av f\u00e5 minutter skal sikkerhetsvakter,\u00a0mannskaper fra Guardia Civil og rettsmedisinsk personell ha blitt tilkalt, sier en ansatt ved flyplassen til avisen.\u00a0<\/p>\n<p>Skyldte p\u00e5 flyplassen\t<\/p>\n<p>Mannen hevdet f\u00f8rst at kona hadde d\u00f8dd inne p\u00e5 flyplassen noen timer tidligere. Flere ansatte opplyste at mannen gjentatte ganger fors\u00f8kte \u00e5 skylde p\u00e5 forhold ved flyplassens fasiliteter. Dette etterforskes n\u00e5 av myndighetene, skriver Mirror.\u00a0<\/p>\n<p>    <a itemprop=\"url\" href=\"https:\/\/sol.no\/nyheter\/nye-opplysninger-jeg-har-kroppsdelene-i-fryseren\/84086989\" rel=\"nofollow noopener\" target=\"_blank\"><\/p>\n<p>        <img loading=\"lazy\" decoding=\"async\" src=\"https:\/\/www.europesays.com\/no\/wp-content\/uploads\/2026\/01\/84087101.webp.webp\" width=\"980\" height=\"441\" title=\"Nye opplysninger: - Jeg har kroppsdelene i fryseren\" alt=\"\" class=\"lazyload\" style=\"--aspect-ratio-image: 2.22; \"\/><\/p>\n<p>        Nye opplysninger: &#8211; Jeg har kroppsdelene i fryseren<\/p>\n<p>sol.no<\/p>\n<p>    <\/a><\/p>\n<p>Mannen ble p\u00e5grepet p\u00e5 flyplassen og skal ha samarbeidet med politiet. Hendelsen etterforskes for \u00e5 fastsl\u00e5 omstendighetene rundt kvinnens d\u00f8d.\u00a0<\/p>\n<p>Skjedd f\u00f8r\t<\/p>\n<p>Hendelsen skjer kort tid etter en lignende sak i M\u00e1laga. 19. desember ble en 89 \u00e5r gammel kvinne trillet om bord p\u00e5 et easyJet-fly fra M\u00e1laga til Gatwick.\u00a0<\/p>\n<p>F\u00f8r flyet rakk \u00e5 lette fra rullebanen inns\u00e5 kabinpersonalet at kvinnen allerede var d\u00f8d. Flyet ble snudd og avgangen ble forsinket med 12 timer, skriver <a href=\"https:\/\/www.dailymail.co.uk\/news\/article-15398909\/British-family-accused-wheeling-DEAD-grandmother-easyJet-flight-Spain-telling-cabin-crew-tired.html\" rel=\"nofollow noopener\" target=\"_blank\">Daily Mail<\/a>.\u00a0<\/p>\n<p>Kvinnen skal ha blitt hjulpet om bord p\u00e5 flyet av fem slektninger. Vitner\u00a0fortalte at kvinnen ble trillet i rullestol til gruppens plasser bakerst i flyet og l\u00f8ftet opp i setet hennes.\u00a0De hevdet at gruppen kun fikk g\u00e5 om bord fordi de fortalte en ansatt ved ombordstigningen, som hadde stilt sp\u00f8rsm\u00e5l ved kvinnens tilsynelatende d\u00e5rlige helsetilstand, at hun \u00abbare var tr\u00f8tt\u00bb, skriver <a href=\"https:\/\/www.dailymail.co.uk\/news\/article-15398909\/British-family-accused-wheeling-DEAD-grandmother-easyJet-flight-Spain-telling-cabin-crew-tired.html\" rel=\"nofollow noopener\" target=\"_blank\">Daily Mail.<\/a>\u00a0<\/p>\n<p>Flere passasjerer hevder at kvinnen allerede var d\u00f8d f\u00f8r ombordstigningen. EasyJet p\u00e5 sin side mener hun ble betegnet som\u00a0flygedyktig f\u00f8r boarding.\u00a0<\/p>\n<p>&#8211;\u00a0V\u00e5re tanker g\u00e5r til passasjerens familie og venner, og vi tilbyr st\u00f8tte og bistand i denne vanskelige tiden. Passasjerenes og mannskapets velferd er alltid easyJets h\u00f8yeste prioritet, og vi vil takke passasjerene for forst\u00e5elsen i forbindelse med forsinkelsen, sier en talsperson for easyJet, if\u00f8lge <a href=\"https:\/\/www.mirror.co.uk\/news\/world-news\/breaking-man-arrested-tenerife-airport-36541868\" rel=\"nofollow noopener\" target=\"_blank\">Mirror<\/a>.\u00a0<\/p>\n","protected":false},"excerpt":{"rendered":"Flere medier: Ansatte i sikkerhetskontrollen p\u00e5 Tenerife slo alarm da de inns\u00e5 at noe ikke stemte.\u00a0 Dette er&hellip;\n","protected":false},"author":2,"featured_media":137291,"comment_status":"","ping_status":"","sticky":false,"template":"","format":"standard","meta":{"footnotes":""},"categories":[12],"tags":[20,21,24,25,15,22,23,13,30,28,29,14,16,1992,26,27,42,43,44,45],"class_list":{"0":"post-137290","1":"post","2":"type-post","3":"status-publish","4":"format-standard","5":"has-post-thumbnail","7":"category-verden","8":"tag-breaking-news","9":"tag-breakingnews","10":"tag-featured-news","11":"tag-featurednews","12":"tag-headlines","13":"tag-latest-news","14":"tag-latestnews","15":"tag-news","16":"tag-no","17":"tag-norge","18":"tag-norway","19":"tag-nyheter","20":"tag-overskrifter","21":"tag-reise","22":"tag-top-stories","23":"tag-topstories","24":"tag-verden","25":"tag-world","26":"tag-world-news","27":"tag-worldnews"},"share_on_mastodon":{"url":"https:\/\/pubeurope.com\/@no\/115894341060425835","error":""},"_links":{"self":[{"href":"https:\/\/www.europesays.com\/no\/wp-json\/wp\/v2\/posts\/137290","targetHints":{"allow":["GET"]}}],"collection":[{"href":"https:\/\/www.europesays.com\/no\/wp-json\/wp\/v2\/posts"}],"about":[{"href":"https:\/\/www.europesays.com\/no\/wp-json\/wp\/v2\/types\/post"}],"author":[{"embeddable":true,"href":"https:\/\/www.europesays.com\/no\/wp-json\/wp\/v2\/users\/2"}],"replies":[{"embeddable":true,"href":"https:\/\/www.europesays.com\/no\/wp-json\/wp\/v2\/comments?post=137290"}],"version-history":[{"count":0,"href":"https:\/\/www.europesays.com\/no\/wp-json\/wp\/v2\/posts\/137290\/revisions"}],"wp:featuredmedia":[{"embeddable":true,"href":"https:\/\/www.europesays.com\/no\/wp-json\/wp\/v2\/media\/137291"}],"wp:attachment":[{"href":"https:\/\/www.europesays.com\/no\/wp-json\/wp\/v2\/media?parent=137290"}],"wp:term":[{"taxonomy":"category","embeddable":true,"href":"https:\/\/www.europesays.com\/no\/wp-json\/wp\/v2\/categories?post=137290"},{"taxonomy":"post_tag","embeddable":true,"href":"https:\/\/www.europesays.com\/no\/wp-json\/wp\/v2\/tags?post=137290"}],"curies":[{"name":"wp","href":"https:\/\/api.w.org\/{rel}","templated":true}]}}