{"id":137349,"date":"2026-01-14T17:04:13","date_gmt":"2026-01-14T17:04:13","guid":{"rendered":"https:\/\/www.europesays.com\/no\/137349\/"},"modified":"2026-01-14T17:04:13","modified_gmt":"2026-01-14T17:04:13","slug":"opplevde-jordskjelv-ristet-ganske-greit","status":"publish","type":"post","link":"https:\/\/www.europesays.com\/no\/137349\/","title":{"rendered":"Opplevde jordskjelv: &#8211; Ristet ganske greit"},"content":{"rendered":"<p> \u2013 Da har vi nettopp hatt jordskjelv, og det ristet ganske greit, skriver Jan Thomas p\u00e5\u00a0<a href=\"https:\/\/www.instagram.com\/janthomasofficial\/\" style=\"letter-spacing: 0.01em;\" rel=\"nofollow noopener\" target=\"_blank\">Instagram<\/a>.\u00a0<\/p>\n<p>For tiden befinner kjendisstylisten og hans bedre halvdel, Harlem Alexander, seg p\u00e5 ferie i Mexico.\u00a0<\/p>\n<p>        <img class=\"image__img lazyload\" itemprop=\"image\" title=\"Foto: Privat\" alt=\"FEIRET JUL: Paret har feriert i Mexico siden juleferien og feiret jul der. Foto: Privat\" width=\"675\" height=\"972\" bad-src=\"https:\/\/www.europesays.com\/no\/wp-content\/uploads\/2026\/01\/18463521.webp.jpeg\" fetchpriority=\"auto\" \/><\/p>\n<p>      FEIRET JUL: Paret har feriert i Mexico siden juleferien og feiret jul der.<br \/>\n         Foto: Privat<\/p>\n<p>Men alt skulle ikke bare bli ferieidyll for det kommende ekteparet.\u00a0<\/p>\n<p>Krysser fingrene<\/p>\n<p>Jan Thomas opplyser overfor sine f\u00f8lgere at jordskjelvet hadde en styrke p\u00e5 4,2\u00a0p\u00e5\u00a0Richters skala.<\/p>\n<p><a href=\"https:\/\/www.seher.no\/kjendis\/ristet-ganske-greit\/84099447\" rel=\"nofollow noopener\" target=\"_blank\">Se og H\u00f8r<\/a>\u00a0omtalte saken f\u00f8rst.\u00a0<\/p>\n<p>\u2013 4,2 er st\u00f8rre enn hva dere kan tenke. Men vi bor i en helt ny bygning s\u00e5 det gikk bra, skriver han.<\/p>\n<p>        <img class=\"image__img lazyload\" itemprop=\"image\" title=\"Foto: Skjermdump, Instagram @janthomas\" alt=\"DELER: Onsdag publiserte Jan Thomas dette bildet p\u00e5 Instagram. Foto: Skjermdump, Instagram @janthomas\" width=\"675\" height=\"1161\" bad-src=\"https:\/\/www.europesays.com\/no\/wp-content\/uploads\/2026\/01\/18463488.webp.jpeg\" fetchpriority=\"auto\" \/><\/p>\n<p>      DELER: Onsdag publiserte Jan Thomas dette bildet p\u00e5 Instagram.<br \/>\n         Foto: Skjermdump, Instagram @janthomas<\/p>\n<p>Til TV 2 skriver Jan Thomas i en tekstmelding at dette ikke er f\u00f8rste gang han kjenner naturkreftene p\u00e5 kroppen.<\/p>\n<p>\u2013 Skremmende<\/p>\n<p>\u2013 Jeg m\u00e5 nesten si at jeg dessverre har litt for god erfaring med jordskjelv. Jeg bodde i Los Angeles\u00a0fra januar 1986 til p\u00e5sken 2002, og fikk med meg hvert eneste ett i den perioden, s\u00e5 dette er en f\u00f8lelse jeg kjenner altfor godt, sier han til TV 2, og fortsetter:<\/p>\n<p>\u2013 Det er skremmende, og man er ikke i tvil om hva det er n\u00e5r det skjer. <\/p>\n<p>Kjendisstylisten forteller at denne gangen utspilte det seg ved at han satt p\u00e5 balkongen med kaffekoppen sin, da hele bygningen begynte \u00e5 riste ganske kraftig.<\/p>\n<p>At skjelvet ble m\u00e5lt til 4,2 beskriver han ikke som krise, men absolutt alvorlig nok til \u00e5 kjenne det godt.<\/p>\n<p>\u2013 Vi har ikke f\u00e5tt noen tsunami-advarsel, men vi er forberedt p\u00e5 at det kan komme etterskjelv, s\u00e5 vi f\u00f8lger med og tar forholdsregler der det er n\u00f8dvendig. <\/p>\n<p>\u2013 F\u00f8ler seg veldig hjelpel\u00f8s<\/p>\n<p>If\u00f8lge kjendisstylisten var dette Harlem Alexanders f\u00f8rste opplevelse med jordskjelv.\u00a0<\/p>\n<p>\u2013 Og jeg tror nok han h\u00e5per det ogs\u00e5 blir det siste. <\/p>\n<p>Selv tror Jan Thomas at hans utk\u00e5rede ikke skj\u00f8nte hva det var med en gang, men forteller at han ikke likte det.<\/p>\n<p>\u2013\u00a0Man f\u00f8ler seg veldig hjelpel\u00f8s n\u00e5r naturkreftene herjer.<\/p>\n<p>\u2013 Alt i alt g\u00e5r det fint med oss, og vi f\u00f8ler oss trygge \u2013 men det setter definitivt ting i perspektiv, avslutter Jan Thomas.<\/p>\n<p>        <img class=\"image__img lazyload\" itemprop=\"image\" title=\"Foto: Privat\" alt=\"G\u00c5R BRA: Jan Thomas betrygger om at alt har g\u00e5tt fint med dem. Foto: Privat\" width=\"675\" height=\"790\" bad-src=\"https:\/\/www.europesays.com\/no\/wp-content\/uploads\/2026\/01\/18463537.webp.jpeg\" fetchpriority=\"auto\" \/><\/p>\n<p>      G\u00c5R BRA: Jan Thomas betrygger om at alt har g\u00e5tt fint med dem.<br \/>\n         Foto: Privat<\/p>\n<p><script async src=\"\/\/www.instagram.com\/embed.js\"><\/script><\/p>\n","protected":false},"excerpt":{"rendered":"\u2013 Da har vi nettopp hatt jordskjelv, og det ristet ganske greit, skriver Jan Thomas p\u00e5\u00a0Instagram.\u00a0 For tiden&hellip;\n","protected":false},"author":2,"featured_media":137350,"comment_status":"","ping_status":"","sticky":false,"template":"","format":"standard","meta":{"footnotes":""},"categories":[10],"tags":[20,21,24,25,15,22,23,13,30,28,29,14,16,26,27],"class_list":{"0":"post-137349","1":"post","2":"type-post","3":"status-publish","4":"format-standard","5":"has-post-thumbnail","7":"category-norge","8":"tag-breaking-news","9":"tag-breakingnews","10":"tag-featured-news","11":"tag-featurednews","12":"tag-headlines","13":"tag-latest-news","14":"tag-latestnews","15":"tag-news","16":"tag-no","17":"tag-norge","18":"tag-norway","19":"tag-nyheter","20":"tag-overskrifter","21":"tag-top-stories","22":"tag-topstories"},"share_on_mastodon":{"url":"https:\/\/pubeurope.com\/@no\/115894541656635329","error":""},"_links":{"self":[{"href":"https:\/\/www.europesays.com\/no\/wp-json\/wp\/v2\/posts\/137349","targetHints":{"allow":["GET"]}}],"collection":[{"href":"https:\/\/www.europesays.com\/no\/wp-json\/wp\/v2\/posts"}],"about":[{"href":"https:\/\/www.europesays.com\/no\/wp-json\/wp\/v2\/types\/post"}],"author":[{"embeddable":true,"href":"https:\/\/www.europesays.com\/no\/wp-json\/wp\/v2\/users\/2"}],"replies":[{"embeddable":true,"href":"https:\/\/www.europesays.com\/no\/wp-json\/wp\/v2\/comments?post=137349"}],"version-history":[{"count":0,"href":"https:\/\/www.europesays.com\/no\/wp-json\/wp\/v2\/posts\/137349\/revisions"}],"wp:featuredmedia":[{"embeddable":true,"href":"https:\/\/www.europesays.com\/no\/wp-json\/wp\/v2\/media\/137350"}],"wp:attachment":[{"href":"https:\/\/www.europesays.com\/no\/wp-json\/wp\/v2\/media?parent=137349"}],"wp:term":[{"taxonomy":"category","embeddable":true,"href":"https:\/\/www.europesays.com\/no\/wp-json\/wp\/v2\/categories?post=137349"},{"taxonomy":"post_tag","embeddable":true,"href":"https:\/\/www.europesays.com\/no\/wp-json\/wp\/v2\/tags?post=137349"}],"curies":[{"name":"wp","href":"https:\/\/api.w.org\/{rel}","templated":true}]}}