{"id":137351,"date":"2026-01-14T17:05:10","date_gmt":"2026-01-14T17:05:10","guid":{"rendered":"https:\/\/www.europesays.com\/no\/137351\/"},"modified":"2026-01-14T17:05:10","modified_gmt":"2026-01-14T17:05:10","slug":"utvider-siktelsen-mot-frosta-legen-94-fornaermede","status":"publish","type":"post","link":"https:\/\/www.europesays.com\/no\/137351\/","title":{"rendered":"Utvider siktelsen mot Frosta-legen &#8211; 94 forn\u00e6rmede"},"content":{"rendered":"\n<p class=\"_lead_o9xde_2 _lead_xtcu6_50 layout-component text-serif-m layout-normal text-serif-l layout-component layout-wide layout-padded _wide_17hqh_1 layout-padded\">Siktelsen er ogs\u00e5 skjerpet. <\/p>\n<p><img alt=\" Foto: J\u00f8rgen Braastad \/ VG\" class=\"_image_qp4xg_65 layout-component layout-wide\" data-fullscreen- data-track-element-type=\"Article image fullscreen\" data-track-name=\"ImageFullscreen\" fetchpriority=\"high\" decoding=\"sync\" loading=\"eager\" height=\"822\" itemprop=\"image\"  src=\"https:\/\/www.europesays.com\/no\/wp-content\/uploads\/2026\/01\/3e070529-c8d3-49ea-9a69-5d119c805558.jpeg\"  style=\"object-position:0% 0%\" width=\"1233\"\/> Foto: J\u00f8rgen Braastad \/ VG<\/p>\n<ul aria-hidden=\"true\" class=\"_images_ntbth_112\">\n<li><a class=\"_link_ntbth_117\" href=\"https:\/\/www.vg.no\/forfatter\/hedda-kurseth\" style=\"z-index:1\" title=\"Hedda Kurseth\" rel=\"nofollow noopener\" target=\"_blank\"><img alt=\"Bilde av Hedda Kurseth\" class=\"_image_ntbth_93\" fetchpriority=\"low\" loading=\"lazy\" decoding=\"async\" itemprop=\"image\"  src=\"https:\/\/www.europesays.com\/no\/wp-content\/uploads\/2026\/01\/1768410309_191_b6ad06ce-2f4e-4492-9dd9-7cfbdae81f6d.jpeg\"  width=\"480\"\/><\/a><\/li>\n<\/ul>\n<p> Oppdatert onsdag 14. januar kl. 18:03     <\/p>\n<p class=\"_paragraph_o9xde_4 _paragraph_xtcu6_10 layout-component text-serif-m layout-normal text-serif-m layout-padded\">Det skriver politiet i en pressemelding. <\/p>\n<p class=\"_paragraph_o9xde_4 _paragraph_xtcu6_10 layout-component text-serif-m layout-normal text-serif-m layout-padded\">\u2013 Politiet har tidligere g\u00e5tt ut med at Arne Bye var siktet for mulige straffbare forhold overfor 16 forn\u00e6rmede. Siktelsen er n\u00e5 utvidet til \u00e5 gjelde 94 forn\u00e6rmede, skriver de. <\/p>\n<p class=\"_paragraph_o9xde_4 _paragraph_xtcu6_10 layout-component text-serif-m layout-normal text-serif-m layout-padded\">Av de 94 forn\u00e6rmede var 17 en del av tiltalen som har v\u00e6rt til behandling i domstolene tidligere.<\/p>\n<p class=\"_paragraph_o9xde_4 _paragraph_xtcu6_10 layout-component text-serif-m layout-normal text-serif-m layout-padded\">Siktelsen gjelder: <\/p>\n<ul class=\"_list_o9xde_3 _list_xtcu6_9 _unordered_o9xde_106 layout-component text-serif-m layout-normal text-serif-m layout-padded\">\n<li class=\"_item_o9xde_30\">5 tilfeller av grov voldtekt i perioden 2007 til 2022.<\/li>\n<li class=\"_item_o9xde_30\">29 tilfeller av voldtekt til samleie i perioden 2007 til 2022.<\/li>\n<li class=\"_item_o9xde_30\">58 tilfeller av voldtekt til seksuell omgang i perioden 2005 til 2021.<\/li>\n<li class=\"_item_o9xde_30\">74 tilfeller av misbruk av overmaktsforhold som er knyttet til voldtektstilfellene.<\/li>\n<li class=\"_item_o9xde_30\">Ett tilfelle av misbruk av overmaktsforhold som ikke er knyttet til et voldtektstilfelle.<\/li>\n<li class=\"_item_o9xde_30\">Ett tilfelle av seksuell omgang med barn under 16 \u00e5r. Dette forholdet er knyttet til et voldtektstilfelle der den forn\u00e6rmede var under 16 \u00e5r da den angivelige voldtekten fant sted.<\/li>\n<li class=\"_item_o9xde_30\">Ett tilfelle av produksjon av overgrepsmateriale en forn\u00e6rmet under 18 \u00e5r er filmet p\u00e5 en seksualiserende m\u00e5te. Dette forholdet er ikke knyttet til forhold som gjelder seksuelle overgrep.<\/li>\n<\/ul>\n<p class=\"_paragraph_o9xde_4 _paragraph_xtcu6_10 layout-component text-serif-m layout-normal text-serif-m layout-padded\">Alle de forn\u00e6rmede skal v\u00e6re tidligere pasienter av legen. <\/p>\n<p class=\"_paragraph_o9xde_4 _paragraph_xtcu6_10 layout-component text-serif-m layout-normal text-serif-m layout-padded\">\u2013 Siktelsen mot Bye er alvorlig, og er resultatet av det etterforskingsarbeidet politiet har gjennomf\u00f8rt den siste tiden, sier politiadvokat Ole Andreas Aftret. <\/p>\n<p>    <img decoding=\"async\" alt=\"Tips oss illustrasjon\" src=\"https:\/\/www.europesays.com\/no\/wp-content\/uploads\/2025\/10\/pssst-small.webp.webp\"\/>    <\/p>\n<p class=\"title-serif-s\">Har du tips?<\/p>\n<p class=\"text-sans-m\">Send oss informasjon, bilder eller video.<\/p>\n<p>  <a href=\"https:\/\/www.vg.no\/tips-oss\" rel=\"nofollow noopener\" target=\"_blank\"> Tips oss <\/a>      <\/p>\n","protected":false},"excerpt":{"rendered":"Siktelsen er ogs\u00e5 skjerpet. Foto: J\u00f8rgen Braastad \/ VG Oppdatert onsdag 14. januar kl. 18:03 Det skriver politiet&hellip;\n","protected":false},"author":2,"featured_media":137352,"comment_status":"","ping_status":"","sticky":false,"template":"","format":"standard","meta":{"footnotes":""},"categories":[5],"tags":[31,20,21,24,25,15,19,22,23,17,18,13,30,28,29,14,16,26,27],"class_list":{"0":"post-137351","1":"post","2":"type-post","3":"status-publish","4":"format-standard","5":"has-post-thumbnail","7":"category-overskrifter","8":"tag-breaking","9":"tag-breaking-news","10":"tag-breakingnews","11":"tag-featured-news","12":"tag-featurednews","13":"tag-headlines","14":"tag-hovedoppslag","15":"tag-latest-news","16":"tag-latestnews","17":"tag-main-news","18":"tag-mainnews","19":"tag-news","20":"tag-no","21":"tag-norge","22":"tag-norway","23":"tag-nyheter","24":"tag-overskrifter","25":"tag-top-stories","26":"tag-topstories"},"share_on_mastodon":{"url":"https:\/\/pubeurope.com\/@no\/115894545485060853","error":""},"_links":{"self":[{"href":"https:\/\/www.europesays.com\/no\/wp-json\/wp\/v2\/posts\/137351","targetHints":{"allow":["GET"]}}],"collection":[{"href":"https:\/\/www.europesays.com\/no\/wp-json\/wp\/v2\/posts"}],"about":[{"href":"https:\/\/www.europesays.com\/no\/wp-json\/wp\/v2\/types\/post"}],"author":[{"embeddable":true,"href":"https:\/\/www.europesays.com\/no\/wp-json\/wp\/v2\/users\/2"}],"replies":[{"embeddable":true,"href":"https:\/\/www.europesays.com\/no\/wp-json\/wp\/v2\/comments?post=137351"}],"version-history":[{"count":0,"href":"https:\/\/www.europesays.com\/no\/wp-json\/wp\/v2\/posts\/137351\/revisions"}],"wp:featuredmedia":[{"embeddable":true,"href":"https:\/\/www.europesays.com\/no\/wp-json\/wp\/v2\/media\/137352"}],"wp:attachment":[{"href":"https:\/\/www.europesays.com\/no\/wp-json\/wp\/v2\/media?parent=137351"}],"wp:term":[{"taxonomy":"category","embeddable":true,"href":"https:\/\/www.europesays.com\/no\/wp-json\/wp\/v2\/categories?post=137351"},{"taxonomy":"post_tag","embeddable":true,"href":"https:\/\/www.europesays.com\/no\/wp-json\/wp\/v2\/tags?post=137351"}],"curies":[{"name":"wp","href":"https:\/\/api.w.org\/{rel}","templated":true}]}}