{"id":137361,"date":"2026-01-14T17:13:09","date_gmt":"2026-01-14T17:13:09","guid":{"rendered":"https:\/\/www.europesays.com\/no\/137361\/"},"modified":"2026-01-14T17:13:09","modified_gmt":"2026-01-14T17:13:09","slug":"trafikk-vaer-havnet-i-grofta","status":"publish","type":"post","link":"https:\/\/www.europesays.com\/no\/137361\/","title":{"rendered":"Trafikk, V\u00e6r | Havnet i gr\u00f8fta"},"content":{"rendered":"\n<p>Det kom en del sn\u00f8 natt til onsdag og onsdag formiddag som har f\u00f8rt til flere trafikale problemer.<\/p>\n<p>P\u00e5 Trevatn kj\u00f8rte en traktor av veien langs Trevassvegen ved R\u00f8stefeltet i S\u00f8ndre Land.<\/p>\n<p>Traktoren hadde p\u00e5montert sn\u00f8freser og var sannsynligvis ute p\u00e5 oppdrag p\u00e5 sideveier da den kj\u00f8rte av p\u00e5 hovedveien.<\/p>\n<p>Avkj\u00f8ringen var lite dramatisk, og traktoren havnet utenfor veibanen.<\/p>\n<p>Veien m\u00e5tte stenge under berging av traktoren onsdag ettermiddag. Det er ikke meldt om noen personskader etter uhellet.<\/p>\n<p>Varslet<\/p>\n<p>Sn\u00f8v\u00e6ret og v\u00e6rskiftet denne uken har v\u00e6rt meldt p\u00e5 forh\u00e5nd, og det har kommet advarsel om \u00e5 ta det rolig i trafikken.<\/p>\n<p>Det var en rekke hendelser mandag og tirsdag denne uken, og tirsdag sendte blant annet DNB ut melding til sine kunder og ba folk v\u00e6re ekstra forsiktige. De sendte ogs\u00e5 med lenke til sitt eget forsikringsselskap.<\/p>\n<p>   <img decoding=\"async\" width=\"1170\" height=\"1211\" fetchpriority=\"low\"  loading=\"lazy\"  src=\"https:\/\/www.europesays.com\/no\/wp-content\/uploads\/2026\/01\/photo+%2833%29.jpg\" alt=\"\" class=\"brick-c-cFOWSL\" style=\"--brick-image-ratio: 1170 \/ 1211;\"\/><\/p>\n<p>  Flere hendelser<\/p>\n<p>Politiet i Innlandet har meldt om en rekke hendelser i trafikken mandag.<\/p>\n<p>I Valdres skled en buss av veien i \u00d8ystre Slidre. Det var bare f\u00f8rer i bussen og det var ingen personskader etter hendelsen.<\/p>\n<p>I Gran sentrum var tre kj\u00f8ret\u00f8y involvert i en ulykke tidlig onsdag ettermiddag. En personbil, en lastebil og en buss. Det var lav hastighet og ingen personskade, men det var en del trafikale utfordringer p\u00e5 stedet. Langs riksvei 3 ble to lastebiler st\u00e5ende fast p\u00e5 hver sin busslomme. De har svingt av veien og ble sittende i mye sn\u00f8.<\/p>\n<p>P\u00e5 Ringebu kj\u00f8rte en lastebil i gr\u00f8fta onsdag morgen, og i Kongsvinger kj\u00f8rte en bil av veien og inn i en betongkonstruksjon.<\/p>\n<p>I Morgentimene onsdag var det ogs\u00e5 en front mot front-ulykke p\u00e5 E6 ved Moelv. Det var ingen alvorlige personskader i ulykken.<\/p>\n<p>Onsdag ettermiddag fikk OA inn melding om et vogntog som sto fas i bakkene opp mot riksvei 4 fra Raufoss. Vogntoget var borte da v\u00e5r tipser kj\u00f8rte forbi like etterp\u00e5.<\/p>\n<p>\u2013 Rundet 1000 oppdrag<\/p>\n<p>Kjell-Harald Foss, eier og daglig leder i Bilberging Innlandet AS sier til <a href=\"https:\/\/www.ringsaker-blad.no\/her-gikk-det-galt\/s\/5-79-986031\" rel=\"Follow nofollow noopener\" target=\"_blank\">Ringsaker Blad<\/a> at det har v\u00e6rt s\u00e6rdeles mye \u00e5 gj\u00f8re den siste uka. B\u00e5de p\u00e5 grunn av sn\u00f8mengdene det siste d\u00f8gnet, men ogs\u00e5 kuldeperioden som var i helga. S\u00e5 det har v\u00e6rt folk som har kj\u00f8rt ut av vegen p\u00e5 grunn av sn\u00f8, og de som ikke har f\u00e5tt start p\u00e5 bilen p\u00e5 grunn av kulda.<\/p>\n<p>\u2013 Bare mandag var det 250 oppdrag for oss, men det er viktig \u00e5 understreke at det gjelder alle byene rundt Mj\u00f8sa. Men totalt den siste uka har vi nok rundet 1000 oppdrag, sier Foss til <a href=\"https:\/\/www.ringsaker-blad.no\/her-gikk-det-galt\/s\/5-79-986031\" rel=\"Follow nofollow noopener\" target=\"_blank\">Ringsaker Blad<\/a>.<\/p>\n","protected":false},"excerpt":{"rendered":"Det kom en del sn\u00f8 natt til onsdag og onsdag formiddag som har f\u00f8rt til flere trafikale problemer.&hellip;\n","protected":false},"author":2,"featured_media":137362,"comment_status":"","ping_status":"","sticky":false,"template":"","format":"standard","meta":{"footnotes":""},"categories":[10],"tags":[36,20,21,24,25,15,22,23,13,30,28,29,14,16,6527,1510,26,27,224,553],"class_list":{"0":"post-137361","1":"post","2":"type-post","3":"status-publish","4":"format-standard","5":"has-post-thumbnail","7":"category-norge","8":"tag-art","9":"tag-breaking-news","10":"tag-breakingnews","11":"tag-featured-news","12":"tag-featurednews","13":"tag-headlines","14":"tag-latest-news","15":"tag-latestnews","16":"tag-news","17":"tag-no","18":"tag-norge","19":"tag-norway","20":"tag-nyheter","21":"tag-overskrifter","22":"tag-sno","23":"tag-story","24":"tag-top-stories","25":"tag-topstories","26":"tag-trafikk","27":"tag-vaer"},"share_on_mastodon":{"url":"https:\/\/pubeurope.com\/@no\/115894576957760630","error":""},"_links":{"self":[{"href":"https:\/\/www.europesays.com\/no\/wp-json\/wp\/v2\/posts\/137361","targetHints":{"allow":["GET"]}}],"collection":[{"href":"https:\/\/www.europesays.com\/no\/wp-json\/wp\/v2\/posts"}],"about":[{"href":"https:\/\/www.europesays.com\/no\/wp-json\/wp\/v2\/types\/post"}],"author":[{"embeddable":true,"href":"https:\/\/www.europesays.com\/no\/wp-json\/wp\/v2\/users\/2"}],"replies":[{"embeddable":true,"href":"https:\/\/www.europesays.com\/no\/wp-json\/wp\/v2\/comments?post=137361"}],"version-history":[{"count":0,"href":"https:\/\/www.europesays.com\/no\/wp-json\/wp\/v2\/posts\/137361\/revisions"}],"wp:featuredmedia":[{"embeddable":true,"href":"https:\/\/www.europesays.com\/no\/wp-json\/wp\/v2\/media\/137362"}],"wp:attachment":[{"href":"https:\/\/www.europesays.com\/no\/wp-json\/wp\/v2\/media?parent=137361"}],"wp:term":[{"taxonomy":"category","embeddable":true,"href":"https:\/\/www.europesays.com\/no\/wp-json\/wp\/v2\/categories?post=137361"},{"taxonomy":"post_tag","embeddable":true,"href":"https:\/\/www.europesays.com\/no\/wp-json\/wp\/v2\/tags?post=137361"}],"curies":[{"name":"wp","href":"https:\/\/api.w.org\/{rel}","templated":true}]}}