{"id":137363,"date":"2026-01-14T17:14:07","date_gmt":"2026-01-14T17:14:07","guid":{"rendered":"https:\/\/www.europesays.com\/no\/137363\/"},"modified":"2026-01-14T17:14:07","modified_gmt":"2026-01-14T17:14:07","slug":"hamkam-kjoper-stoppertalent-fra-rival","status":"publish","type":"post","link":"https:\/\/www.europesays.com\/no\/137363\/","title":{"rendered":"HamKam kj\u00f8per stoppertalent fra rival"},"content":{"rendered":"<p>Gjone, med aldersbestemte landskamper for U20-landslaget p\u00e5 CV-en, har i en \u00e5rrekke blitt sett p\u00e5 som et stort stoppertalent.<\/p>\n<p>Gjone var involvert i tolv kamper i Eliteserien i fjor, men bare seks av dem var fra start av.<\/p>\n<p>Det har bidratt til \u00e5 f\u00e5 andre beilere p\u00e5 banen siden 20-\u00e5ringen \u00f8nsker seg en mer stabil kamphverdag.<\/p>\n<p>Tirsdag avsl\u00f8rte <a href=\"https:\/\/www.h-a.no\/ha-erfarer-martin-20-er-aktuell-for-hamkam\/s\/5-139-1915388\" rel=\"nofollow noopener\" target=\"_blank\">Hamar-Arbeiderblad<\/a> at HamKam var interessert i midtstopperen, og onsdag f\u00e5r TV 2 opplyst at partene har kommet til enighet om en avtale.<\/p>\n<p>Siden kontrakten til Gjone g\u00e5r ut til sommeren, f\u00e5r HamKam fatt i Gjone for det som m\u00e5 sies \u00e5 v\u00e6re en billig penge.<\/p>\n<p class=\"bold m-bold\" data-lab-font_weight=\"bold\">TV 2 f\u00e5r opplyst at totalpakken p\u00e5 overgangen er p\u00e5 rundt halvannen million kroner, og at Sandefjord i tillegg har sikret seg videresalgsprosenter.<\/p>\n<p>Det siste ble sett p\u00e5 som viktig for Sandefjords del.<\/p>\n<p>L\u00f8ser Mares-floken?<\/p>\n<p>Overgangen gir uansett mening: I HamKam sliter klubben med at Luc Mares streiker fordi han \u00f8nsker seg en overgang til MLS-klubben Montreal.<\/p>\n<p>HamKam har avsl\u00e5tt en rekke bud p\u00e5 29-\u00e5ringen, men slik TV 2 forst\u00e5r det forventer partene at den saken har et siste kapittel i seg.<\/p>\n<p>Med Gjone p\u00e5 vei inn d\u00f8rene er det uansett mer sannsynlig at Mares ikke ikler seg HamKam-drakta igjen.<\/p>\n<p>Verken sportssjef J\u00f8rgen Bj\u00f8rn i HamKam eller Matteus B\u00e5rdsen har besvart TV 2s henvendelser onsdag.<\/p>\n","protected":false},"excerpt":{"rendered":"Gjone, med aldersbestemte landskamper for U20-landslaget p\u00e5 CV-en, har i en \u00e5rrekke blitt sett p\u00e5 som et stort&hellip;\n","protected":false},"author":2,"featured_media":137364,"comment_status":"","ping_status":"","sticky":false,"template":"","format":"standard","meta":{"footnotes":""},"categories":[5],"tags":[20,21,24,25,15,19,22,23,17,18,13,30,28,29,14,16,26,27],"class_list":{"0":"post-137363","1":"post","2":"type-post","3":"status-publish","4":"format-standard","5":"has-post-thumbnail","7":"category-overskrifter","8":"tag-breaking-news","9":"tag-breakingnews","10":"tag-featured-news","11":"tag-featurednews","12":"tag-headlines","13":"tag-hovedoppslag","14":"tag-latest-news","15":"tag-latestnews","16":"tag-main-news","17":"tag-mainnews","18":"tag-news","19":"tag-no","20":"tag-norge","21":"tag-norway","22":"tag-nyheter","23":"tag-overskrifter","24":"tag-top-stories","25":"tag-topstories"},"share_on_mastodon":{"url":"https:\/\/pubeurope.com\/@no\/115894580852965229","error":""},"_links":{"self":[{"href":"https:\/\/www.europesays.com\/no\/wp-json\/wp\/v2\/posts\/137363","targetHints":{"allow":["GET"]}}],"collection":[{"href":"https:\/\/www.europesays.com\/no\/wp-json\/wp\/v2\/posts"}],"about":[{"href":"https:\/\/www.europesays.com\/no\/wp-json\/wp\/v2\/types\/post"}],"author":[{"embeddable":true,"href":"https:\/\/www.europesays.com\/no\/wp-json\/wp\/v2\/users\/2"}],"replies":[{"embeddable":true,"href":"https:\/\/www.europesays.com\/no\/wp-json\/wp\/v2\/comments?post=137363"}],"version-history":[{"count":0,"href":"https:\/\/www.europesays.com\/no\/wp-json\/wp\/v2\/posts\/137363\/revisions"}],"wp:featuredmedia":[{"embeddable":true,"href":"https:\/\/www.europesays.com\/no\/wp-json\/wp\/v2\/media\/137364"}],"wp:attachment":[{"href":"https:\/\/www.europesays.com\/no\/wp-json\/wp\/v2\/media?parent=137363"}],"wp:term":[{"taxonomy":"category","embeddable":true,"href":"https:\/\/www.europesays.com\/no\/wp-json\/wp\/v2\/categories?post=137363"},{"taxonomy":"post_tag","embeddable":true,"href":"https:\/\/www.europesays.com\/no\/wp-json\/wp\/v2\/tags?post=137363"}],"curies":[{"name":"wp","href":"https:\/\/api.w.org\/{rel}","templated":true}]}}