{"id":137365,"date":"2026-01-14T17:24:07","date_gmt":"2026-01-14T17:24:07","guid":{"rendered":"https:\/\/www.europesays.com\/no\/137365\/"},"modified":"2026-01-14T17:24:07","modified_gmt":"2026-01-14T17:24:07","slug":"vi-ma-lose-det-sa-raskt-som-overhodet-mulig-nrk-troms-og-finnmark","status":"publish","type":"post","link":"https:\/\/www.europesays.com\/no\/137365\/","title":{"rendered":"\u2013 Vi m\u00e5 l\u00f8se det s\u00e5 raskt som overhodet mulig \u2013 NRK Troms og Finnmark"},"content":{"rendered":"<p>Det innkalles til <a href=\"https:\/\/www.nrk.no\/tromsogfinnmark\/matsituasjonen-pa-svalbard_-naeringsminister-myrseth-kaller-inn-til-hastemote-1.17727775\" ec-id=\"pp:article:1.17727775\" ec-name=\"hastem\u00f8te\" rel=\"nofollow noopener\" target=\"_blank\">hastem\u00f8te<\/a> torsdag om matsituasjonen p\u00e5 Svalbard. Matleveranser har uteblitt, og ferskvarehyllene blir t\u00f8mt i Longyearbyens eneste dagligvarebutikk, Svalbardbutikken.<\/p>\n<p>N\u00e6ringsminister fra Ap, Cecilie Myrseth, sier at forsyningsberedskapen til Svalbard skal v\u00e6re trygg.<\/p>\n<p>\u2013 Derfor har jeg bedt om et m\u00f8te med Coop i morgen, der vi m\u00e5 f\u00e5 oversikt over situasjonen. S\u00e5 m\u00e5 vi f\u00e5 frakta leveranser opp dit s\u00e5 raskt som overhodet mulig.<\/p>\n<p>Det var Geir Pollestad (Sp) som tok opp saken i dagens sp\u00f8rretime p\u00e5 Stortinget.<\/p>\n<p>Administrerende direkt\u00f8r i Coop Svalbard SA, Ronny Str\u00f8mnes, sier til NRK at han bekymres over \u00e5 ikke kunne levere ferskvarer til kundene sine:<\/p>\n<p>\u2013 Som enhver annen, norsk dagligvarebutikk, sier Str\u00f8mnes.<\/p>\n","protected":false},"excerpt":{"rendered":"Det innkalles til hastem\u00f8te torsdag om matsituasjonen p\u00e5 Svalbard. Matleveranser har uteblitt, og ferskvarehyllene blir t\u00f8mt i Longyearbyens&hellip;\n","protected":false},"author":2,"featured_media":137366,"comment_status":"","ping_status":"","sticky":false,"template":"","format":"standard","meta":{"footnotes":""},"categories":[12],"tags":[20,21,24,25,15,22,23,13,30,28,29,14,16,26,27,42,43,44,45],"class_list":{"0":"post-137365","1":"post","2":"type-post","3":"status-publish","4":"format-standard","5":"has-post-thumbnail","7":"category-verden","8":"tag-breaking-news","9":"tag-breakingnews","10":"tag-featured-news","11":"tag-featurednews","12":"tag-headlines","13":"tag-latest-news","14":"tag-latestnews","15":"tag-news","16":"tag-no","17":"tag-norge","18":"tag-norway","19":"tag-nyheter","20":"tag-overskrifter","21":"tag-top-stories","22":"tag-topstories","23":"tag-verden","24":"tag-world","25":"tag-world-news","26":"tag-worldnews"},"share_on_mastodon":{"url":"https:\/\/pubeurope.com\/@no\/115894620260694686","error":""},"_links":{"self":[{"href":"https:\/\/www.europesays.com\/no\/wp-json\/wp\/v2\/posts\/137365","targetHints":{"allow":["GET"]}}],"collection":[{"href":"https:\/\/www.europesays.com\/no\/wp-json\/wp\/v2\/posts"}],"about":[{"href":"https:\/\/www.europesays.com\/no\/wp-json\/wp\/v2\/types\/post"}],"author":[{"embeddable":true,"href":"https:\/\/www.europesays.com\/no\/wp-json\/wp\/v2\/users\/2"}],"replies":[{"embeddable":true,"href":"https:\/\/www.europesays.com\/no\/wp-json\/wp\/v2\/comments?post=137365"}],"version-history":[{"count":0,"href":"https:\/\/www.europesays.com\/no\/wp-json\/wp\/v2\/posts\/137365\/revisions"}],"wp:featuredmedia":[{"embeddable":true,"href":"https:\/\/www.europesays.com\/no\/wp-json\/wp\/v2\/media\/137366"}],"wp:attachment":[{"href":"https:\/\/www.europesays.com\/no\/wp-json\/wp\/v2\/media?parent=137365"}],"wp:term":[{"taxonomy":"category","embeddable":true,"href":"https:\/\/www.europesays.com\/no\/wp-json\/wp\/v2\/categories?post=137365"},{"taxonomy":"post_tag","embeddable":true,"href":"https:\/\/www.europesays.com\/no\/wp-json\/wp\/v2\/tags?post=137365"}],"curies":[{"name":"wp","href":"https:\/\/api.w.org\/{rel}","templated":true}]}}