{"id":137376,"date":"2026-01-14T17:40:09","date_gmt":"2026-01-14T17:40:09","guid":{"rendered":"https:\/\/www.europesays.com\/no\/137376\/"},"modified":"2026-01-14T17:40:09","modified_gmt":"2026-01-14T17:40:09","slug":"kronprinsen-fikk-vaere-med-pa-slagsimulering-ved-nye-sus-betryggende-a-se-dere-jobbe-stavanger-aftenblad","status":"publish","type":"post","link":"https:\/\/www.europesays.com\/no\/137376\/","title":{"rendered":"Kronprinsen fikk v\u00e6re med p\u00e5 slagsimulering ved Nye SUS: \u2013 Betryggende \u00e5 se dere jobbe &#8211; Stavanger Aftenblad"},"content":{"rendered":"<ol>\n<li><a href=\"https:\/\/news.google.com\/rss\/articles\/CBMiyAFBVV95cUxPdUZMVjhxZ0plNDFTN09fQ1B6bldkcG9yOWlLVGRPZl9kT0h4NmJrNndEcFM0VXVEREdHMTFOQnRPOTR4Q1ZuZUcxNkNTMV8tOGpLeTFHbTJsRHBRNnpfeUZzeTAyT0RyM2FUNy15TVRNMkFzQTBlVFB6TTE4Z1d2ZTE3cTlGZkRhSDRXYzlfRDM4RC1jakxOTEdHQTBsRklxWEQwdlBHel84UDVITW80d1J2M2I5SGFjWnJYeEV5Qk1na0JSVWZqcw?oc=5\" target=\"_blank\" rel=\"nofollow noopener\">Kronprinsen fikk v\u00e6re med p\u00e5 slagsimulering ved Nye SUS: \u2013 Betryggende \u00e5 se dere jobbe<\/a>&nbsp;&nbsp;Stavanger Aftenblad<\/li>\n<li><a href=\"https:\/\/news.google.com\/rss\/articles\/CBMiswFBVV95cUxOcUxHcG5zRl9kMVE3TEJkVnlMenA3MkJOZ0NVeFY1TEZ2UUlKdEpCMUJzZXZWR0ZSUDRUU0dKcy1LQ3lkN2dMT0VTU1BheE1NTUE0djFoaU1KZTJpOGFSSFFHbzFqbjdlMmJzYjZCNjRROGZQX1NQSUJNaVdyTjFTS1kycWNYQWZqMWdQamRqWWxBQm1MaGdHYlVsQm41Qks0OVFlWmd1N19ldm1pY2tsd1diOA?oc=5\" target=\"_blank\" rel=\"nofollow noopener\">SUS-\u00e5pningen: \u2013 En festdag med bismak<\/a>&nbsp;&nbsp;Stavanger Aftenblad<\/li>\n<li><a href=\"https:\/\/news.google.com\/rss\/articles\/CBMiggFBVV95cUxPNkhuS2ZfZVhtZ1NYeDVOeV9HOXVJdXVHNW4wR0c4bl83VnRsRE5Ecjl3LWZMbC16cnl3YW9fLWdZcWJSUk9vMkJPN3NCbnVDN2Vyc19KN29YSWdvZlF2elpMUkxPT2RraHN3VjJGTDV6em9DOXRhWlR0dm53MUdGemhB?oc=5\" target=\"_blank\" rel=\"nofollow noopener\">Kronprinsen er p\u00e5 plass p\u00e5 Ullandhaug<\/a>&nbsp;&nbsp;NRK<\/li>\n<li><a href=\"https:\/\/news.google.com\/rss\/articles\/CBMipgFBVV95cUxNdk5MVDBUb0o3N0RlLXlVUmY5dFVGZ3RTM1RUdWdya1hKX09OY0FTLUlZVU5lWkpxOXpaWER0RUUxQUMxMF9HbVE2SEh1S3IzWVNWVDdqNjVQYXNkcWs1eDNCbTVYWW1HaUkzamQ3SDBYakJrUFhoTHhDTWxkV0g0bWhYNHFLcElzUmVtYVc2SkJRZGVqSHFqV1JWRmlrcU1XWmUzWkxn?oc=5\" target=\"_blank\" rel=\"nofollow noopener\">Kronprinsen \u00e5pnet nye Stavanger universitetssjukehus<\/a>&nbsp;&nbsp;adressa.no<\/li>\n<li><a href=\"https:\/\/news.google.com\/rss\/articles\/CBMifEFVX3lxTFBVdFktNThGbWZmUURQekR4ekFKdjNwZEZWYWVXTkhWWnR5dmxPLVNBUEZyd29IWjNFMWJRek5CZEFDTmtIZUpjaGZoWkU3bmRnTllEdmFsejFCbFlrV0ZTYTlzRE84OUl5cmJnQW5WTHQxM3V1RFFpYmZ0YV8?oc=5\" target=\"_blank\" rel=\"nofollow noopener\">Kronprins Haakon, Kongelig bes\u00f8k | Kronprinsen p\u00e5 bedriftsbes\u00f8k i Sandnes<\/a>&nbsp;&nbsp;Sandnesposten<\/li>\n<\/ol>\n","protected":false},"excerpt":{"rendered":"Kronprinsen fikk v\u00e6re med p\u00e5 slagsimulering ved Nye SUS: \u2013 Betryggende \u00e5 se dere jobbe&nbsp;&nbsp;Stavanger Aftenblad SUS-\u00e5pningen: \u2013&hellip;\n","protected":false},"author":2,"featured_media":137377,"comment_status":"","ping_status":"","sticky":false,"template":"","format":"standard","meta":{"footnotes":""},"categories":[10],"tags":[20,21,24,25,15,22,23,13,30,28,29,14,16,26,27],"class_list":{"0":"post-137376","1":"post","2":"type-post","3":"status-publish","4":"format-standard","5":"has-post-thumbnail","7":"category-norge","8":"tag-breaking-news","9":"tag-breakingnews","10":"tag-featured-news","11":"tag-featurednews","12":"tag-headlines","13":"tag-latest-news","14":"tag-latestnews","15":"tag-news","16":"tag-no","17":"tag-norge","18":"tag-norway","19":"tag-nyheter","20":"tag-overskrifter","21":"tag-top-stories","22":"tag-topstories"},"share_on_mastodon":{"url":"https:\/\/pubeurope.com\/@no\/115894683206346346","error":""},"_links":{"self":[{"href":"https:\/\/www.europesays.com\/no\/wp-json\/wp\/v2\/posts\/137376","targetHints":{"allow":["GET"]}}],"collection":[{"href":"https:\/\/www.europesays.com\/no\/wp-json\/wp\/v2\/posts"}],"about":[{"href":"https:\/\/www.europesays.com\/no\/wp-json\/wp\/v2\/types\/post"}],"author":[{"embeddable":true,"href":"https:\/\/www.europesays.com\/no\/wp-json\/wp\/v2\/users\/2"}],"replies":[{"embeddable":true,"href":"https:\/\/www.europesays.com\/no\/wp-json\/wp\/v2\/comments?post=137376"}],"version-history":[{"count":0,"href":"https:\/\/www.europesays.com\/no\/wp-json\/wp\/v2\/posts\/137376\/revisions"}],"wp:featuredmedia":[{"embeddable":true,"href":"https:\/\/www.europesays.com\/no\/wp-json\/wp\/v2\/media\/137377"}],"wp:attachment":[{"href":"https:\/\/www.europesays.com\/no\/wp-json\/wp\/v2\/media?parent=137376"}],"wp:term":[{"taxonomy":"category","embeddable":true,"href":"https:\/\/www.europesays.com\/no\/wp-json\/wp\/v2\/categories?post=137376"},{"taxonomy":"post_tag","embeddable":true,"href":"https:\/\/www.europesays.com\/no\/wp-json\/wp\/v2\/tags?post=137376"}],"curies":[{"name":"wp","href":"https:\/\/api.w.org\/{rel}","templated":true}]}}