{"id":137390,"date":"2026-01-14T18:01:11","date_gmt":"2026-01-14T18:01:11","guid":{"rendered":"https:\/\/www.europesays.com\/no\/137390\/"},"modified":"2026-01-14T18:01:11","modified_gmt":"2026-01-14T18:01:11","slug":"snosludd-og-is-over-oslo-omradet-nrk-ostfold-lokale-nyheter-tv-og-radio","status":"publish","type":"post","link":"https:\/\/www.europesays.com\/no\/137390\/","title":{"rendered":"Sn\u00f8,sludd og is over Oslo-omr\u00e5det \u2013 NRK \u00d8stfold \u2013 Lokale nyheter, TV og radio"},"content":{"rendered":"<p>Varselet gjelder for Akershus, Oslo, og deler av Buskerud og \u00d8stfold, melder <a href=\"https:\/\/www.yr.no\/nb\/v%C3%A6rvarsel\/timetabell\/1-72837\/Norge\/Oslo\/Oslo\/Oslo?i=0\" ec-id=\"https:\/\/www.yr.no\/nb\/v%C3%A6rvarsel\/timetabell\/1-72837\/Norge\/Oslo\/Oslo\/Oslo\" ec-name=\"Meteorologisk institutt p\u00e5 sine nettsider\" rel=\"nofollow noopener\" target=\"_blank\">Meteorologisk institutt p\u00e5 sine nettsider<\/a>.<\/p>\n<p>Isvarselet gjelder i omr\u00e5den rundt Ytre Oslofjord, fra Telemarkskysten til svenskegrensen, og inn mot Hurumlandet.<\/p>\n<p><strong>Fra tirsdag kveld kl. 21 til onsdag formiddag k. 11.er det ventet 10\u201320 cm sn\u00f8. I slutten av perioden kan det g\u00e5 over til sludd i s\u00f8rlig del av omr\u00e5det.<\/strong><\/p>\n<p>Nedb\u00f8r og overgang til mildere v\u00e6r kan gi is og glatte veier fra sent tirsdag kveld. Nedb\u00f8ren kan komme b\u00e5de som sn\u00f8 og regn.<\/p>\n<p><img decoding=\"async\"   src=\"data:image\/gif;base64,R0lGODlhAQABAIAAAAAAAP\/\/\/yH5BAEAAAAALAAAAAABAAEAAAIBRAA7\" loading=\"eager\" alt=\"Sn\u00f8 og sludd-kart for 13.01.2026\" title=\"Foto: Yr.no\"\/><\/p>\n<p class=\"\">Slik ser meteorologene for seg at sn\u00f8v\u00e6ret vil bre seg ut over det sentrale \u00d8stlandet til natten, med <\/p>\n<p>Foto: Yr.no<\/p>\n<p>Lokalt vanskelige kj\u00f8reforhold<\/p>\n<p>Det er ventet krevende kj\u00f8reforhold, og skal man ut \u00e5 kj\u00f8re s\u00e5 m\u00e5 man regne med \u00e5 bruke lengre tid enn normalt.<\/p>\n<p><strong>\u2013 Beregn ekstra tid til transport og kj\u00f8ring, bruk riktige dekk og kj\u00f8r etter forholdene, er oppfordringen fra meteorologene.<\/strong><\/p>\n<p>Veimeldinger kan sjekkes p\u00e5 <a href=\"https:\/\/www.vegvesen.no\/trafikk\" ec-id=\"https:\/\/www.vegvesen.no\/trafikk\" ec-name=\"vegvesen.no\/trafikk\" rel=\"nofollow noopener\" target=\"_blank\">vegvesen.no\/trafikk<\/a><\/p>\n<p>I B\u00e6rum sier tjenesteleder for veidrift, Christian Stranden\u00e6s, at det kan v\u00e6re lurt \u00e5 vurdere \u00e5 la bilen st\u00e5 i morgen tidlig.<\/p>\n<p><img decoding=\"async\"   src=\"data:image\/gif;base64,R0lGODlhAQABAIAAAAAAAP\/\/\/yH5BAEAAAAALAAAAAABAAEAAAIBRAA7\" loading=\"eager\" alt=\"Christian Stranden\u00e6s i B\u00e6rum kommune\" title=\"Foto: Nadir Alam \/ NRK\"\/><\/p>\n<p class=\"\">Tjenesteleder for veidrift i B\u00e6rum kommune, Christian Stranden\u00e6s, oppfordrer til \u00e5 la bilen st\u00e5 onsdag morgen.<\/p>\n<p>Foto: Nadir Alam \/ NRK<\/p>\n<p>\u2013 For \u00e5 minske trafikanter p\u00e5 veiene, oppfordrer vi folk til \u00e5 ta hjemmekontor, sier Stranden\u00e6s.<\/p>\n<p>I Ruter er de ogs\u00e5 forberedt p\u00e5 enda en dag med skurr i kollektivtrafikken.<\/p>\n<p>\u2013 Alle etater er i beredskap for \u00e5 forsikre oss om at vi er klare for et nytt sn\u00f8fall, sier pressevakt i Ruter, \u00d8ystein Dahl Johansen.<\/p>\n<p><img decoding=\"async\"   src=\"data:image\/gif;base64,R0lGODlhAQABAIAAAAAAAP\/\/\/yH5BAEAAAAALAAAAAABAAEAAAIBRAA7\" loading=\"eager\" alt=\"Veikamera p\u00e5 E6 ved St\u00f8kken i \u00c5s\" title=\"Foto: Vegvesenet\"\/><\/p>\n<p class=\"\">Det sn\u00f8r p\u00e5 E6 ved \u00c5s i Akershus og langs alle hovedveiene rundt Oslo og i \u00d8stfold.<\/p>\n<p>Foto: Vegvesenet<\/p>\n<p>Sn\u00f8 p\u00e5 gang<\/p>\n<p>Det har allerede kommet noen f\u00e5 centimeter med sn\u00f8 over \u00d8stlandet, og langs hovedveiene g\u00e5r det n\u00e5 br\u00f8ytebiler mange steder.<\/p>\n<p>\u2013 Det sn\u00f8r langs alle hovedveiene p\u00e5 \u00d8stlandet, E6 og E18 i hele distriktet, sier trafikkoperat\u00f8r Gunnar Dovland i Vegtrafikksentralen.<\/p>\n<p><img decoding=\"async\"   src=\"data:image\/gif;base64,R0lGODlhAQABAIAAAAAAAP\/\/\/yH5BAEAAAAALAAAAAABAAEAAAIBRAA7\" loading=\"eager\" alt=\"Simon Gjerl\u00f8w\" title=\"Foto: Christian Nygaard-Monsen \/ NRK\"\/><\/p>\n<p class=\"\">Br\u00f8ytebilsj\u00e5f\u00f8r Simon Gjerl\u00f8w har holdt E6 kj\u00f8rbar tirsdag ettermiddag.<\/p>\n<p>Foto: Christian Nygaard-Monsen \/ NRK<\/p>\n<p>Det g\u00e5r ogs\u00e5 mange br\u00f8ytetog p\u00e5 hovedveiene, som holder farten nede.<\/p>\n<p>Br\u00f8ytebilsj\u00e5f\u00f8r Simon Gjerl\u00f8w kj\u00f8rer p\u00e5 E6 gjennom Sarpsborg tirsdag ettermiddag.<\/p>\n<p>\u2013 Vi m\u00e5 v\u00e6re s\u00e5 tidlig ute som mulig for \u00e5 f\u00e5 effekt av saltet for \u00e5 f\u00e5 effekt p\u00e5 glatta, sier han.<\/p>\n<p><img decoding=\"async\"   src=\"data:image\/gif;base64,R0lGODlhAQABAIAAAAAAAP\/\/\/yH5BAEAAAAALAAAAAABAAEAAAIBRAA7\" loading=\"eager\" alt=\"Isvarsel kysten Telemark til svenskegrensen\" title=\"Foto: Yr.no\"\/><\/p>\n<p class=\"\">Det er utstedt is- og h\u00e5lkevarsel for hele kysten fra Telemark til svenskegrensen, og i Ytre Oslofjord.<\/p>\n<p>Foto: Yr.no<\/p>\n<p>Flere uhell p\u00e5 \u00d8stlandet<\/p>\n<p>Selv om det verste v\u00e6ret f\u00f8rst er ventet til kvelden og natten, s\u00e5 har det allerede startet \u00e5 sn\u00f8 mange steder.<\/p>\n<p><strong>Det har gitt en rekke uhell p\u00e5 glatta:<\/strong><\/p>\n<ul>\n<li>17.25 meldes det om <strong>bil av veien<\/strong> p\u00e5 E18 ved Svartskog i Nordre Follo. En person meldes skadd og f\u00f8lges opp av helse.<\/li>\n<li>17.06 melder politiet om en <strong>buss som har kj\u00f8rt av veien<\/strong> langs H\u00f8landsveien i Aurskog-H\u00f8land. Det er ikke meldt om personskade. Det var 6\u20137 passasjerer om bord som er flyttet over i annen buss. Bussen lener seg mot en fjellvegg, og sj\u00e5f\u00f8ren m\u00e5tte hjelpes ut ved \u00e5 klippe opp frontruta p\u00e5 bussen.<\/li>\n<li>16.28 ble det meldt om <strong>kollisjon mellom to biler<\/strong> p\u00e5 Skjetten i Akershus. Ingen personskade.<\/li>\n<li>16.16 m\u00e5tte brannvesenet dra en bil opp, som sto i fare for \u00e5 skli ut i vannet i Vansj\u00f8 i Moss etter \u00e5 ha kj\u00f8rt av veien.<\/li>\n<li>15.24 kj\u00f8rte en<strong> bil av veien<\/strong> ved Lyseren i Indre \u00d8stfold. Her er en eldre kvinne kj\u00f8rt til sykehus for sjekk.<\/li>\n<li>13.08 kj\u00f8rte en <strong>bil ut av Bjabergveien<\/strong> ved Spydeberg i Indre \u00d8stfold. En person klaget p\u00e5 smerter.<\/li>\n<\/ul>\n<p><img decoding=\"async\"   src=\"data:image\/gif;base64,R0lGODlhAQABAIAAAAAAAP\/\/\/yH5BAEAAAAALAAAAAABAAEAAAIBRAA7\" loading=\"eager\" alt=\"Uhell Krapfoss\" title=\"Foto: Privat\"\/><\/p>\n<p class=\"\">En bil kj\u00f8rte av veien i Moss og havnet nesten i Vansj\u00f8. Bilf\u00f8reren m\u00e5tte holde p\u00e5 bremsen inntil brannvesenet kom til stedet.<\/p>\n<p>Foto: Privat<\/p>\n<p>Publisert<\/p>\n<p>13.01.2026, kl. 18.13<\/p>\n<p>Oppdatert<\/p>\n<p>14.01.2026, kl. 05.24<\/p>\n","protected":false},"excerpt":{"rendered":"Varselet gjelder for Akershus, Oslo, og deler av Buskerud og \u00d8stfold, melder Meteorologisk institutt p\u00e5 sine nettsider. Isvarselet&hellip;\n","protected":false},"author":2,"featured_media":137391,"comment_status":"","ping_status":"","sticky":false,"template":"","format":"standard","meta":{"footnotes":""},"categories":[5],"tags":[20,21,24,25,15,19,22,23,17,18,13,30,28,29,14,16,26,27],"class_list":{"0":"post-137390","1":"post","2":"type-post","3":"status-publish","4":"format-standard","5":"has-post-thumbnail","7":"category-overskrifter","8":"tag-breaking-news","9":"tag-breakingnews","10":"tag-featured-news","11":"tag-featurednews","12":"tag-headlines","13":"tag-hovedoppslag","14":"tag-latest-news","15":"tag-latestnews","16":"tag-main-news","17":"tag-mainnews","18":"tag-news","19":"tag-no","20":"tag-norge","21":"tag-norway","22":"tag-nyheter","23":"tag-overskrifter","24":"tag-top-stories","25":"tag-topstories"},"share_on_mastodon":{"url":"https:\/\/pubeurope.com\/@no\/115894765620759069","error":""},"_links":{"self":[{"href":"https:\/\/www.europesays.com\/no\/wp-json\/wp\/v2\/posts\/137390","targetHints":{"allow":["GET"]}}],"collection":[{"href":"https:\/\/www.europesays.com\/no\/wp-json\/wp\/v2\/posts"}],"about":[{"href":"https:\/\/www.europesays.com\/no\/wp-json\/wp\/v2\/types\/post"}],"author":[{"embeddable":true,"href":"https:\/\/www.europesays.com\/no\/wp-json\/wp\/v2\/users\/2"}],"replies":[{"embeddable":true,"href":"https:\/\/www.europesays.com\/no\/wp-json\/wp\/v2\/comments?post=137390"}],"version-history":[{"count":0,"href":"https:\/\/www.europesays.com\/no\/wp-json\/wp\/v2\/posts\/137390\/revisions"}],"wp:featuredmedia":[{"embeddable":true,"href":"https:\/\/www.europesays.com\/no\/wp-json\/wp\/v2\/media\/137391"}],"wp:attachment":[{"href":"https:\/\/www.europesays.com\/no\/wp-json\/wp\/v2\/media?parent=137390"}],"wp:term":[{"taxonomy":"category","embeddable":true,"href":"https:\/\/www.europesays.com\/no\/wp-json\/wp\/v2\/categories?post=137390"},{"taxonomy":"post_tag","embeddable":true,"href":"https:\/\/www.europesays.com\/no\/wp-json\/wp\/v2\/tags?post=137390"}],"curies":[{"name":"wp","href":"https:\/\/api.w.org\/{rel}","templated":true}]}}