{"id":137399,"date":"2026-01-14T18:10:11","date_gmt":"2026-01-14T18:10:11","guid":{"rendered":"https:\/\/www.europesays.com\/no\/137399\/"},"modified":"2026-01-14T18:10:11","modified_gmt":"2026-01-14T18:10:11","slug":"jeg-er-litt-nervos","status":"publish","type":"post","link":"https:\/\/www.europesays.com\/no\/137399\/","title":{"rendered":"\u2013 Jeg er litt nerv\u00f8s"},"content":{"rendered":"<p>    Den svenske artisten skal under kniven i januar.<\/p>\n<p>\n        Carola H\u00e4ggkvist omtaler cysten som \u00aben slags ufarlig polypp\u00bb.<br \/>\n        Heiko Junge \/ NTB\n    <\/p>\n<p>Det forteller H\u00e4ggkvist p\u00e5 <a href=\"https:\/\/www.instagram.com\/p\/DTfP33HDAI7\/?utm_source=ig_embed\" target=\"_blank\" rel=\"nofollow noopener\">Instagram<\/a>.<\/p>\n<p>Det er en cyste hun skal operere bort. Den sitter under hennes venstre stemmeb\u00e5nd og har i det siste vokst, forteller 58-\u00e5ringen.\u00a0<\/p>\n<p>Operasjonen finner sted denne m\u00e5neden.\u00a0<\/p>\n<p class=\"font-weight-bold m-font-weight-bold\" data-lab-font_weight=\"font-weight-bold\">\u2013 At jeg skal\u00a0\u00ablegge meg under kniven\u00bb gj\u00f8r meg b\u00e5de litt nerv\u00f8s og litt skjelven, men det skal g\u00e5 bra, skriver H\u00e4ggkvist.<\/p>\n<p>\u2013 Jeg gr\u00e5t innvendig<\/p>\n<p>H\u00e4ggkvist har utsatt gjennomf\u00f8ringen av inngrepet til n\u00e5 fordi hun har klart \u00e5 gjennomf\u00f8re konsertene sine.<\/p>\n<p class=\"font-weight-bold m-font-weight-bold\" data-lab-font_weight=\"font-weight-bold\">En vond opplevelse under en julekonsert i G\u00f8teborg i desember gjorde det klart for artisten at tiden for \u00e5 operere var inne.<\/p>\n<p>\u2013 Jeg ville synge av hele mitt hjerte, s\u00e6rlig i den sterke Elvis-sangen \u00abIf I Can Dream\u00bb, men der brast det, og jeg fikk knapt frem tonene i det hele tatt, forteller Carola.<\/p>\n<p>\u2013 Jeg gr\u00e5t innvendig, fortsetter hun.<\/p>\n<p>Takknemlig<\/p>\n<p>If\u00f8lge H\u00e4ggkvist har legen hennes utf\u00f8rt lignende operasjoner p\u00e5 andre sangere.<\/p>\n<p>Hun gleder seg til \u00e5 kunne synge igjen.<\/p>\n<p class=\"font-weight-bold m-font-weight-bold\" data-lab-font_weight=\"font-weight-bold\">\u2013 Og om det ikke skulle g\u00e5 s\u00e5 bra, er jeg takknemlig for den tiden jeg har f\u00e5tt i sangens tjeneste s\u00e5 langt, skriver hun.<\/p>\n<p><script async src=\"\/\/www.instagram.com\/embed.js\"><\/script><\/p>\n","protected":false},"excerpt":{"rendered":"Den svenske artisten skal under kniven i januar. Carola H\u00e4ggkvist omtaler cysten som \u00aben slags ufarlig polypp\u00bb. Heiko&hellip;\n","protected":false},"author":2,"featured_media":137400,"comment_status":"","ping_status":"","sticky":false,"template":"","format":"standard","meta":{"footnotes":""},"categories":[58],"tags":[71,30,28,29,72],"class_list":{"0":"post-137399","1":"post","2":"type-post","3":"status-publish","4":"format-standard","5":"has-post-thumbnail","7":"category-underholdning","8":"tag-entertainment","9":"tag-no","10":"tag-norge","11":"tag-norway","12":"tag-underholdning"},"share_on_mastodon":{"url":"https:\/\/pubeurope.com\/@no\/115894801041333795","error":""},"_links":{"self":[{"href":"https:\/\/www.europesays.com\/no\/wp-json\/wp\/v2\/posts\/137399","targetHints":{"allow":["GET"]}}],"collection":[{"href":"https:\/\/www.europesays.com\/no\/wp-json\/wp\/v2\/posts"}],"about":[{"href":"https:\/\/www.europesays.com\/no\/wp-json\/wp\/v2\/types\/post"}],"author":[{"embeddable":true,"href":"https:\/\/www.europesays.com\/no\/wp-json\/wp\/v2\/users\/2"}],"replies":[{"embeddable":true,"href":"https:\/\/www.europesays.com\/no\/wp-json\/wp\/v2\/comments?post=137399"}],"version-history":[{"count":0,"href":"https:\/\/www.europesays.com\/no\/wp-json\/wp\/v2\/posts\/137399\/revisions"}],"wp:featuredmedia":[{"embeddable":true,"href":"https:\/\/www.europesays.com\/no\/wp-json\/wp\/v2\/media\/137400"}],"wp:attachment":[{"href":"https:\/\/www.europesays.com\/no\/wp-json\/wp\/v2\/media?parent=137399"}],"wp:term":[{"taxonomy":"category","embeddable":true,"href":"https:\/\/www.europesays.com\/no\/wp-json\/wp\/v2\/categories?post=137399"},{"taxonomy":"post_tag","embeddable":true,"href":"https:\/\/www.europesays.com\/no\/wp-json\/wp\/v2\/tags?post=137399"}],"curies":[{"name":"wp","href":"https:\/\/api.w.org\/{rel}","templated":true}]}}