{"id":137411,"date":"2026-01-14T18:23:13","date_gmt":"2026-01-14T18:23:13","guid":{"rendered":"https:\/\/www.europesays.com\/no\/137411\/"},"modified":"2026-01-14T18:23:13","modified_gmt":"2026-01-14T18:23:13","slug":"statens-vegvesen-laerdal-fann-fem-feil-pa-same-bil-det-vart-dyrt","status":"publish","type":"post","link":"https:\/\/www.europesays.com\/no\/137411\/","title":{"rendered":"Statens vegvesen, L\u00e6rdal | Fann fem feil p\u00e5 same bil \u2013 det vart dyrt"},"content":{"rendered":"\n<p>167 tunge k\u00f8yret\u00f8y og fleire varebilar var innom p\u00e5 kontrollplassen p\u00e5 H\u00e5bakken i L\u00e6rdal for veging og vurdering tysdag ettermiddag og kveld. <\/p>\n<p>Nokre vart plukka ut til utvida kontroll og kontroll\u00f8rane fr\u00e5 Statens vegvesen melder om at det var mykje som var i orden, men slett ikkje alt. Noko som fekk konsekvensar for dei involverte. <\/p>\n<ul>\n<li>Eit vogntog hadde teknisk overlast, og fekk bruksforbod og p\u00e5legg om omlasting f\u00f8r vidare transport.<\/li>\n<li>Eit vogntog hadde teknisk mangel p\u00e5 parkeringsbrems.<\/li>\n<li>Ein f\u00f8rar av vogntog fekk \u00e5tvaring for mindre brot p\u00e5 regelverket om k\u00f8yre- og kviletid.<\/li>\n<\/ul>\n<p><b>S\u00e5 var det han som kom ut med fem feil i loggen. <\/b><\/p>\n<p>Han vart f\u00f8rst meld til politiet for manglande bruk av sj\u00e5f\u00f8rkort i fartsskrivar. Her vart det ogs\u00e5 straff til transportf\u00f8retaket han arbeidde for. Det vart meldt til politiet for manglande kalibrering av fartsskrivaren i lastebilen. <\/p>\n<p><b>Det same transportf\u00f8retaket mangla ogs\u00e5 godstransportl\u00f8yve, og fekk eit gebyr p\u00e5 kr 60.000 kroner for dette. <\/b><\/p>\n<p>Vidare mangla lastebilen gyldig obligatorisk bombrikkeavtale, og transportf\u00f8retaket fekk gebyr p\u00e5 kr 8.000 kroner for dette. <\/p>\n<p>Og som ikkje dette var nok fekk f\u00f8raren gebyr for manglande medbragte kjettingar.<\/p>\n","protected":false},"excerpt":{"rendered":"167 tunge k\u00f8yret\u00f8y og fleire varebilar var innom p\u00e5 kontrollplassen p\u00e5 H\u00e5bakken i L\u00e6rdal for veging og vurdering&hellip;\n","protected":false},"author":2,"featured_media":4378,"comment_status":"","ping_status":"","sticky":false,"template":"","format":"standard","meta":{"footnotes":""},"categories":[10],"tags":[36,20,21,24,25,15,459,22,23,5341,13,30,28,29,14,16,1899,1510,26,27],"class_list":{"0":"post-137411","1":"post","2":"type-post","3":"status-publish","4":"format-standard","5":"has-post-thumbnail","7":"category-norge","8":"tag-art","9":"tag-breaking-news","10":"tag-breakingnews","11":"tag-featured-news","12":"tag-featurednews","13":"tag-headlines","14":"tag-kontroll","15":"tag-latest-news","16":"tag-latestnews","17":"tag-laerdal","18":"tag-news","19":"tag-no","20":"tag-norge","21":"tag-norway","22":"tag-nyheter","23":"tag-overskrifter","24":"tag-statens-vegvesen","25":"tag-story","26":"tag-top-stories","27":"tag-topstories"},"share_on_mastodon":{"url":"https:\/\/pubeurope.com\/@no\/115894852787937271","error":""},"_links":{"self":[{"href":"https:\/\/www.europesays.com\/no\/wp-json\/wp\/v2\/posts\/137411","targetHints":{"allow":["GET"]}}],"collection":[{"href":"https:\/\/www.europesays.com\/no\/wp-json\/wp\/v2\/posts"}],"about":[{"href":"https:\/\/www.europesays.com\/no\/wp-json\/wp\/v2\/types\/post"}],"author":[{"embeddable":true,"href":"https:\/\/www.europesays.com\/no\/wp-json\/wp\/v2\/users\/2"}],"replies":[{"embeddable":true,"href":"https:\/\/www.europesays.com\/no\/wp-json\/wp\/v2\/comments?post=137411"}],"version-history":[{"count":0,"href":"https:\/\/www.europesays.com\/no\/wp-json\/wp\/v2\/posts\/137411\/revisions"}],"wp:featuredmedia":[{"embeddable":true,"href":"https:\/\/www.europesays.com\/no\/wp-json\/wp\/v2\/media\/4378"}],"wp:attachment":[{"href":"https:\/\/www.europesays.com\/no\/wp-json\/wp\/v2\/media?parent=137411"}],"wp:term":[{"taxonomy":"category","embeddable":true,"href":"https:\/\/www.europesays.com\/no\/wp-json\/wp\/v2\/categories?post=137411"},{"taxonomy":"post_tag","embeddable":true,"href":"https:\/\/www.europesays.com\/no\/wp-json\/wp\/v2\/tags?post=137411"}],"curies":[{"name":"wp","href":"https:\/\/api.w.org\/{rel}","templated":true}]}}