{"id":137412,"date":"2026-01-14T18:24:12","date_gmt":"2026-01-14T18:24:12","guid":{"rendered":"https:\/\/www.europesays.com\/no\/137412\/"},"modified":"2026-01-14T18:24:12","modified_gmt":"2026-01-14T18:24:12","slug":"danmark-i-skjebnemote-i-washington-d-c-om-gronland-dette-star-pa-spill","status":"publish","type":"post","link":"https:\/\/www.europesays.com\/no\/137412\/","title":{"rendered":"Danmark i skjebnem\u00f8te i Washington D.C. om Gr\u00f8nland: Dette st\u00e5r p\u00e5 spill"},"content":{"rendered":"\n<ul class=\"_list_o9xde_3 _list_64s2r_85 _unordered_o9xde_106 text-sans-m\">\n<li class=\"_item_o9xde_30\">Danmarks utenriksminister Lars L\u00f8kke Rasmussen m\u00f8ter USAs visepresident JD Vance i Washington D.C.<\/li>\n<li class=\"_item_o9xde_30\">Gr\u00f8nland er p\u00e5 agendaen, med Trump-administrasjonens krav om at USA trenger kontroll over \u00f8ya.<\/li>\n<li class=\"_item_o9xde_30\">Krisen skaper uro blant Nato-allierte, inkludert Norge, Sverige og Island.<\/li>\n<li class=\"_item_o9xde_30\">Gr\u00f8nland \u00f8nsker \u00e5 forbli under dansk kontroll, til tross for USAs press.<\/li>\n<\/ul>\n<p>Vis mer <\/p>\n<p class=\"_paragraph_o9xde_4 _paragraph_xtcu6_10 layout-component text-serif-m layout-normal text-serif-m layout-padded\">Lars L\u00f8kke Rasmussen og den danske delegasjonen ankom Washington DC. p\u00e5 et tidspunkt der relasjonen mellom de to Nato-allierte Danmark og USA er p\u00e5 et sv\u00e6rt kritisk punkt.<\/p>\n<p class=\"_paragraph_o9xde_4 _paragraph_xtcu6_10 layout-component text-serif-m layout-normal text-serif-m layout-padded\">M\u00f8tet var i gang like f\u00f8r klokken 17.00 &#8211; og ble ferdig like etter 17.50. <\/p>\n<p class=\"_paragraph_o9xde_4 _paragraph_xtcu6_10 layout-component text-serif-m layout-normal text-serif-m layout-padded\">Det har forel\u00f8pig ikke kommet noen uttalelser om hvordan m\u00f8tet gikk. Men en video publisert av <a href=\"https:\/\/nyheder.tv2.dk\/live\/2025-01-06-kampen-om-groenlands-fremtid\/debriefing-med-delegationer?entry=75159e04-b982-46d8-a1c2-180794cc57d6\" class=\"_link_o9xde_39\" rel=\"nofollow noopener\" target=\"_blank\">dansk TV2<\/a> viser Danmarks utenriksminister Lars L\u00f8kke Rasmussen gi en \u00abfistbump\u00bb til Danmarks ambassad\u00f8r til USA Jesper M\u00f8ller S\u00f8rensen like etterp\u00e5.<\/p>\n<p class=\"_paragraph_o9xde_4 _paragraph_xtcu6_10 layout-component text-serif-m layout-normal text-serif-m layout-padded\">Den danske delegasjonen vil snart holde en pressekonferanse p\u00e5 Danmarks ambassade i Washington. <\/p>\n<ul class=\"_list_o9xde_3 _list_xtcu6_9 _unordered_o9xde_106 layout-component text-serif-m layout-normal text-serif-m layout-padded\">\n<li class=\"_item_o9xde_30\">Siste nytt finner du her \u2013 <a href=\"https:\/\/www.vg.no\/nyheter\/i\/rrgVpa\/siste-nytt-om-groenland\" data-track-element-type=\"Link\" data-track-id=\"link:rrgVpa\" class=\"_link_o9xde_39\" rel=\"nofollow noopener\" target=\"_blank\">i VGs livestudio<\/a><\/li>\n<\/ul>\n<p class=\"_paragraph_o9xde_4 _paragraph_xtcu6_10 layout-component text-serif-m layout-normal text-serif-m layout-padded\">P\u00e5 vei inn i m\u00f8tet delte den danske ambassad\u00f8ren et bilde av L\u00f8kke Rasmussen og <a href=\"https:\/\/www.vg.no\/tag\/groenland?utm_source=vg-article&amp;utm_medium=auto-tagger&amp;utm_campaign=rrgmel\" class=\"_link_o9xde_39\" rel=\"nofollow noopener\" target=\"_blank\">Gr\u00f8nlands<\/a> minister for utenrikssaker Vivian Motzfeldt:<\/p>\n<p class=\"_root_1xq52_1\" lang=\"da\" dir=\"auto\">Kongerigets st\u00e6rkeste hold p\u00e5 vej til Det Hvide Hus \ud83c\uddec\ud83c\uddf1\ud83c\udde9\ud83c\uddf0 <\/p>\n<p class=\"_paragraph_o9xde_4 _paragraph_xtcu6_10 layout-component text-serif-m layout-normal text-serif-m layout-padded\">Alt st\u00e5r og faller p\u00e5 president Donald Trumps krav om at <a href=\"https:\/\/www.vg.no\/nyheter\/i\/Pd98dX\/danmarks-statsminister-ber-usa-stoppe-groenland-truslene\" data-track-element-type=\"Link\" data-track-id=\"link:Pd98dX\" class=\"_link_o9xde_39\" rel=\"nofollow noopener\" target=\"_blank\">USA \u00abtrenger Gr\u00f8nland\u00bb<\/a>. Hvilke planer har han, egentlig? Og st\u00e5r Nato-alliansen i fare?<\/p>\n<p class=\"_paragraph_o9xde_4 _paragraph_xtcu6_10 layout-component text-serif-m layout-normal text-serif-m layout-padded\">VG var tilstede utenfor Eisenhower Executive Office Building i Washington DC, der det avgj\u00f8rende toppm\u00f8tet ble avholdt.<\/p>\n<p>Utenriksminister Marco Rubio p\u00e5 vei inn til m\u00f8tet. Foto: BRENDAN SMIALOWSKI \/ AFP \/ NTB<\/p>\n<p>Norge, Sverige og Danmark sender personell<\/p>\n<p class=\"_paragraph_o9xde_4 _paragraph_xtcu6_10 layout-component text-serif-m layout-normal text-serif-m layout-padded\">Samtidig blir det kjent at Danmark<a href=\"https:\/\/naalakkersuisut.gl\/Nyheder\/2026\/01\/1401_forsvaret?sc_lang=da\" class=\"_link_o9xde_39\" rel=\"nofollow noopener\" target=\"_blank\"> har sendt <\/a>milit\u00e6re forsterkninger til Gr\u00f8nland.<\/p>\n<p class=\"_paragraph_o9xde_4 _paragraph_xtcu6_10 layout-component text-serif-m layout-normal text-serif-m layout-padded\">\u2013 De sikkerhetspolitiske spenningene har spred seg til Arktis. Det betyr at vi har behov for en \u00f8kt tilstedev\u00e6relse i og rundt Gr\u00f8nland, sier Danmarks forsvarsminister Troels Lund Poulsen p\u00e5 en pressekonferanse klokken 17:30 fra forsvarsdepartementet i Danmark. <\/p>\n<p class=\"_paragraph_o9xde_4 _paragraph_xtcu6_10 layout-component text-serif-m layout-normal text-serif-m layout-padded\">Onsdag ettermiddag bekreftet ogs\u00e5 Sveriges statsminister Ulf Kristersson<a href=\"https:\/\/x.com\/SwedishPM?ref_src=twsrc%5Etfw%7Ctwcamp%5Etweetembed%7Ctwterm%5E2011469780729868447%7Ctwgr%5Ef917e31dbc7871d58841485adeebd1520b0a70ad%7Ctwcon%5Es1_&amp;ref_url=https%3A%2F%2Fpublisher.direkt.ifragasatt.se%2Fbroadcast%2Fe8bfff02-1253-4df2-b2b8-0e873cd6e0cc\" class=\"_link_o9xde_39\" rel=\"nofollow\"> p\u00e5 X <\/a>at offiserer fra det svenske forsvaret har ankommet Gr\u00f8nland, og at de inng\u00e5r i en gruppe fra flere allierte land. <\/p>\n<p class=\"_paragraph_o9xde_4 _paragraph_xtcu6_10 layout-component text-serif-m layout-normal text-serif-m layout-padded\"><strong class=\"_strong_o9xde_25\">Norge har ogs\u00e5 sendt personell til Gr\u00f8nland, bekrefter Forsvarsdepartementet til VG:<\/strong><\/p>\n<p class=\"_paragraph_o9xde_4 _paragraph_xtcu6_10 layout-component text-serif-m layout-normal text-serif-m layout-padded\">\u2013 Det p\u00e5g\u00e5r n\u00e5 dialog i NATO om hvordan vi kan forsterke sikkerheten i Arktis, ogs\u00e5 for omr\u00e5dene i og rundt Gr\u00f8nland. Det er ikke trukket noen konklusjoner enn\u00e5, men vi gj\u00f8r vurderinger i dialog med allierte. I denne sammenheng har Norge besluttet \u00e5 sende to personer fra Forsvaret til Gr\u00f8nland med det form\u00e5l \u00e5 kartlegge det videre samarbeidet mellom allierte, sier forsvarsminister Tore O. Sandvik til VG.<\/p>\n<p class=\"_paragraph_o9xde_4 _paragraph_xtcu6_10 layout-component text-serif-m layout-normal text-serif-m layout-padded\">Poulsen sier Danmark \u00f8ker den milit\u00e6re tilstedev\u00e6relsen i tett samarbeid med Nato og sine nordiske kolleger, og at det vil v\u00e6re \u00f8kt \u00f8vingsaktivitet fra i dag og i tiden som kommer. Tilstedev\u00e6relsen vil v\u00e6re mer permanent, sier han.<\/p>\n<p class=\"_paragraph_o9xde_4 _paragraph_xtcu6_10 layout-component text-serif-m layout-normal text-serif-m layout-padded\">\u2013 I fellesskap st\u00e5r vi sterkere, sier Poulsen. <\/p>\n<p class=\"_paragraph_o9xde_4 _paragraph_xtcu6_10 layout-component text-serif-m layout-normal text-serif-m layout-padded\">Han sier dette er til gagn for hele alliansen. <\/p>\n<p class=\"_paragraph_o9xde_4 _paragraph_xtcu6_10 layout-component text-serif-m layout-normal text-serif-m layout-padded\">\u2013 Det nye er at det er flere av v\u00e5re Nato-allierte som kommer til \u00e5 v\u00e6re i Gr\u00f8nland enten fra i kveld eller i l\u00f8pet av de kommende dagene, sier han. <\/p>\n<p>Advarsel fra Trump<\/p>\n<p class=\"_paragraph_o9xde_4 _paragraph_xtcu6_10 layout-component text-serif-m layout-normal text-serif-m layout-padded\">Et samlet EU-parlament<a href=\"https:\/\/www.vg.no\/nyheter\/i\/rrgVpa\/siste-nytt-om-groenland?pinnedEntry=64898\" data-track-element-type=\"Link\" data-track-id=\"link:rrgVpa\" class=\"_link_o9xde_39\" rel=\"nofollow noopener\" target=\"_blank\"> har kommet <\/a>med en ford\u00f8mmelse av rekken av uttalelser fra Trump onsdag kveld. <\/p>\n<p class=\"_paragraph_o9xde_4 _paragraph_xtcu6_10 layout-component text-serif-m layout-normal text-serif-m layout-padded\">Timer f\u00f8r m\u00f8tet delte den amerikanske presidenen <a href=\"https:\/\/www.vg.no\/nyheter\/i\/OkQzLV\/donald-trump-nato-mer-effektivt-om-usa-eier-groenland\" data-track-element-type=\"Link\" data-track-id=\"link:OkQzLV\" class=\"_link_o9xde_39\" rel=\"nofollow noopener\" target=\"_blank\">en advarsel<\/a> mot Nato p\u00e5 sitt nettsted Truth Social:<\/p>\n<p><img alt=\"\" class=\"_image_qp4xg_65 layout-component layout-normal\" data-fullscreen- data-track-element-type=\"Article image fullscreen\" data-track-name=\"ImageFullscreen\" decoding=\"async\" loading=\"lazy\" height=\"1976\" itemprop=\"image\"  src=\"https:\/\/www.europesays.com\/no\/wp-content\/uploads\/2026\/01\/be3dd9a5-7721-41bf-a82c-acd5c93fa8ab.png\"  style=\"object-position:0% 0%\" width=\"1206\"\/><\/p>\n<p class=\"_paragraph_o9xde_4 _paragraph_xtcu6_10 layout-component text-serif-m layout-normal text-serif-m layout-padded\">If\u00f8lge Trump er Gr\u00f8nland avgj\u00f8rende for USAs nasjonale sikkerhet og for deres s\u00e5kalte \u00abGolden Dome\u00bb, som er Trump-administrasjonens planer for et omfattende luftvern- og missilsystem, noe lignende Israels Iron Dome.<\/p>\n<p class=\"_paragraph_o9xde_4 _paragraph_xtcu6_10 layout-component text-serif-m layout-normal text-serif-m layout-padded\">Hvis ikke Nato, her implisitt USA, tar kontroll over Gr\u00f8nland, vil Russland eller Kina gj\u00f8re det, advarer Trump. <\/p>\n<p class=\"_paragraph_o9xde_4 _paragraph_xtcu6_10 layout-component text-serif-m layout-normal text-serif-m layout-padded\">Uten USA vil ikke Nato fungere, fortsetter han.<\/p>\n<p class=\"_paragraph_o9xde_4 _paragraph_xtcu6_10 layout-component text-serif-m layout-normal text-serif-m layout-padded\">\u2013 Nato blir mer formidabel og effektiv hvis Gr\u00f8nland ligger i USAs hender. Ingenting annet er akseptabelt, avslutter Trump. <\/p>\n<p class=\"_paragraph_o9xde_4 _paragraph_xtcu6_10 layout-component text-serif-m layout-normal text-serif-m layout-padded\">Men trusselen Trump viser til fra Russland og Kina finnes ikke, <a href=\"https:\/\/www.vg.no\/nyheter\/i\/Rj9KpW\/dansk-forsker-advarer-trusselen-trump-viser-til-finnes-ikke\" data-track-element-type=\"Link\" data-track-id=\"link:Rj9KpW\" class=\"_link_o9xde_39\" rel=\"nofollow noopener\" target=\"_blank\">sier en dansk ekspert til VG<\/a>. USA har dessuten allerede alle muligheter til \u00e5 utplassere s\u00e5 mye milit\u00e6rt personell de \u00f8nsker i Gr\u00f8nland, gjennom en forsvarsavtale med Danmark fra 1951. <\/p>\n<p class=\"_paragraph_o9xde_4 _paragraph_xtcu6_10 layout-component text-serif-m layout-normal text-serif-m layout-padded\">Flere eksperter har ogs\u00e5 trukket frem Gr\u00f8nlands mineralforekomster som noe USA kan v\u00e6re interessert i. VG bes\u00f8kte omr\u00e5dene der mineralene ligger i april i fjor: <a href=\"https:\/\/www.vg.no\/nyheter\/i\/nyKjln\/groenland-de-skjulte-skattene\" data-track-element-type=\"Link\" data-track-id=\"link:nyKjln\" class=\"_link_o9xde_39\" rel=\"nofollow noopener\" target=\"_blank\">Les mer om dette her.<\/a><\/p>\n<p class=\"_paragraph_o9xde_4 _paragraph_xtcu6_10 layout-component text-serif-m layout-normal text-serif-m layout-padded\"><strong class=\"_strong_o9xde_25\">Les ogs\u00e5: <\/strong><a href=\"https:\/\/www.vg.no\/nyheter\/i\/Rzw29x\/befolkningen-paa-groenland-dette-er-vaart-land\" data-track-element-type=\"Link\" data-track-id=\"link:Rzw29x\" class=\"_link_o9xde_39\" rel=\"nofollow noopener\" target=\"_blank\">Befolkningen i Gr\u00f8nland: \u2013 Dette er v\u00e5rt land. <\/a><\/p>\n<p>   Vance kuppet m\u00f8tet<\/p>\n<p class=\"_paragraph_o9xde_4 _paragraph_xtcu6_10 layout-component text-serif-m layout-normal text-serif-m layout-padded\">Det var Rasmussen som <a href=\"https:\/\/www.vg.no\/nyheter\/i\/bOnL75\/danmarks-utenriksminster-skal-moete-usa-onsdag\" data-track-element-type=\"Link\" data-track-id=\"link:bOnL75\" class=\"_link_o9xde_39\" rel=\"nofollow noopener\" target=\"_blank\">ba om et m\u00f8te<\/a> med utenriksminister Marco Rubio. S\u00e5 ble det klart at ogs\u00e5 visepresident JD Vance, som <a href=\"https:\/\/www.vg.no\/nyheter\/i\/RzwlBr\/usa-topper-paa-omstridt-groenland-besoek-eksperter-frykter-nato-krise\" data-track-element-type=\"Link\" data-track-id=\"link:RzwlBr\" class=\"_link_o9xde_39\" rel=\"nofollow noopener\" target=\"_blank\">bes\u00f8kte Gr\u00f8nland<\/a> i fjor vinter sammen med Trumps eldste s\u00f8nn Don jr., ville delta, og dessuten v\u00e6re vert for hele m\u00f8tet.<\/p>\n<p class=\"_paragraph_o9xde_4 _paragraph_xtcu6_10 layout-component text-serif-m layout-normal text-serif-m layout-padded\">Gr\u00f8nlands utenriksminister Vivian Motzfeldt deltar ogs\u00e5, sammen med Rasmussen. M\u00f8tet finner sted rett ved siden av Det hvite hus, p\u00e5 Vance\u2019 kontor.<\/p>\n<p class=\"_paragraph_o9xde_4 _paragraph_xtcu6_10 layout-component text-serif-m layout-normal text-serif-m layout-padded\">\u2013 V\u00e5r bakgrunn for \u00e5 be om det m\u00f8tet har v\u00e6rt \u00e5 dra hele denne diskusjonen, som ikke har blitt mindre anspent siden sist, inn i et m\u00f8telokale hvor man se p\u00e5 hverandre i \u00f8ynene, har Rasmussen uttalt i forkant.<\/p>\n<p><img alt=\"Et dansk patruljefart\u00f8y utenfor Nuuk i april i fjor.  Foto: Fredrik Solstad \/ VG\" class=\"_image_qp4xg_65 layout-component layout-normal\" data-fullscreen- data-track-element-type=\"Article image fullscreen\" data-track-name=\"ImageFullscreen\" decoding=\"async\" loading=\"lazy\" height=\"2013\" itemprop=\"image\"  src=\"https:\/\/www.europesays.com\/no\/wp-content\/uploads\/2026\/01\/94c73423-34e0-4eab-9fba-813e0dbd4d7f.jpeg\"  style=\"object-position:0% 0%\" width=\"2926\"\/>Et dansk patruljefart\u00f8y utenfor Nuuk i april i fjor.  Foto: Fredrik Solstad \/ VG<\/p>\n<p class=\"_paragraph_o9xde_4 _paragraph_xtcu6_10 layout-component text-serif-m layout-normal text-serif-m layout-padded\">Da Trump i sin forrige presidentperiode, i 2019, sa at han ville kj\u00f8pe Gr\u00f8nland, var det f\u00e5 som tok ham p\u00e5 alvor.<\/p>\n<p class=\"_paragraph_o9xde_4 _paragraph_xtcu6_10 layout-component text-serif-m layout-normal text-serif-m layout-padded\">If\u00f8lge <a href=\"https:\/\/www.nbcnews.com\/politics\/white-house\/buying-greenland-cost-much-700-billion-rcna253921\" class=\"_link_o9xde_39\" rel=\"nofollow noopener\" target=\"_blank\">NBC News<\/a> er det laget et estimat p\u00e5 at \u00e5 kj\u00f8pe Gr\u00f8nland kan koste USA s\u00e5 mye som 700 milliarder dollar. <\/p>\n<p class=\"_paragraph_o9xde_4 _paragraph_xtcu6_10 layout-component text-serif-m layout-normal text-serif-m layout-padded\">Trump er ikke den f\u00f8rste amerikanske presidenten som har \u00f8nsket seg \u00f8ya, som sikkerhetspolitisk ligger sv\u00e6rt strategisk til og er rik p\u00e5 sjeldne mineraler. Tilbake p\u00e5 1800-tallet ble det gjort et fremst\u00f8t, og ogs\u00e5 etter andre verdens krig.<\/p>\n<p class=\"_paragraph_o9xde_4 _paragraph_xtcu6_10 layout-component text-serif-m layout-normal text-serif-m layout-padded\"><strong class=\"_strong_o9xde_25\">Men n\u00e5, ett \u00e5r inn i Trumps andre presidentperiode, og etter gjentatte utsagn om at \u00abUSA trenger Gr\u00f8nland\u00bb, er tonen en helt annen.<\/strong><\/p>\n<p class=\"_paragraph_o9xde_4 _paragraph_xtcu6_10 layout-component text-serif-m layout-normal text-serif-m layout-padded\">\u00abDet er alvor n\u00e5\u00bb, har Danmarks statsminister Mette Frederiksen betrodd til kollega Jonas Gahr St\u00f8re:<\/p>\n<p class=\"_paragraph_o9xde_4 _paragraph_xtcu6_10 layout-component text-serif-m layout-normal text-serif-m layout-padded\">Gr\u00f8nland er en del av Kongeriket Danmark og dermed dansk territorium, men har sitt eget selvstyre.<\/p>\n<p class=\"_paragraph_o9xde_4 _paragraph_xtcu6_10 layout-component text-serif-m layout-normal text-serif-m layout-padded\">Gr\u00f8nlands selvstyre har gitt <a href=\"https:\/\/www.vg.no\/nyheter\/i\/OkQzLV\/donald-trump-nato-mer-effektivt-om-usa-eier-groenland\" data-track-element-type=\"Link\" data-track-id=\"link:OkQzLV\" class=\"_link_o9xde_39\" rel=\"nofollow noopener\" target=\"_blank\">klar beskjed<\/a> til Trump: Gr\u00f8nland er ikke til slags, vi velger Danmark, Nato og EU.<\/p>\n<p class=\"_paragraph_o9xde_4 _paragraph_xtcu6_10 layout-component text-serif-m layout-normal text-serif-m layout-padded\"><strong class=\"_strong_o9xde_25\">Kroatias president:<\/strong> <a href=\"https:\/\/www.vg.no\/nyheter\/i\/d4lLao\/ud-svarer-kroatias-president-svalbard-er-norsk\" data-track-element-type=\"Link\" data-track-id=\"link:d4lLao\" class=\"_link_o9xde_39\" rel=\"nofollow noopener\" target=\"_blank\">\u2013 La dem ta Svalbard <\/a><\/p>\n<p><img alt=\"Demonstrasjon mot Trump i Nuuk i mars i fjor.  Foto: CHRISTIAN KLINDT SOELBECK \/ AFP \/ NTB\" class=\"_image_qp4xg_65 layout-component layout-normal\" data-fullscreen- data-track-element-type=\"Article image fullscreen\" data-track-name=\"ImageFullscreen\" decoding=\"async\" loading=\"lazy\" height=\"5464\" itemprop=\"image\"  src=\"https:\/\/www.europesays.com\/no\/wp-content\/uploads\/2026\/01\/487fb8c0-79f7-40f7-98c7-ff771a7845f7.png\"  style=\"object-position:0% 0%\" width=\"8192\"\/>Demonstrasjon mot Trump i Nuuk i mars i fjor.  Foto: CHRISTIAN KLINDT SOELBECK \/ AFP \/ NTBInvadere \u2013 eller kj\u00f8pe \u00f8ya?<\/p>\n<p class=\"_paragraph_o9xde_4 _paragraph_xtcu6_10 layout-component text-serif-m layout-normal text-serif-m layout-padded\">Trump har sagt at USA vil overta kontrollen over Gr\u00f8nland, og at det skal skje mens han er president, alts\u00e5 innen tre \u00e5r. If\u00f8lge presidenten kan v\u00e6re et alternativ \u00e5 bruke det amerikanske milit\u00e6ret for en invasjon. <\/p>\n<p class=\"_paragraph_o9xde_4 _paragraph_xtcu6_10 layout-component text-serif-m layout-normal text-serif-m layout-padded\">Men utenriksminister Rubio har understreket at det er mer sannsynlig med en transaksjon \u2013 at USA kj\u00f8per territoriet fra Danmark, eller at de inng\u00e5r en avtale med Gr\u00f8nland om tilknytning, business og kontroll.<\/p>\n<p class=\"_paragraph_o9xde_4 _paragraph_xtcu6_10 layout-component text-serif-m layout-normal text-serif-m layout-padded\">I starten av januar delte tidligere Trump-medarbeider og kona til Trumps sjefstrateg Stephen Miller <a href=\"https:\/\/www.vg.no\/nyheter\/i\/K83mEy\/tidligere-trump-medarbeider-postet-bilde-av-groenland-med-amerikansk-flagg\" data-track-element-type=\"Link\" data-track-id=\"link:K83mEy\" class=\"_link_o9xde_39\" rel=\"nofollow noopener\" target=\"_blank\">dette kartet<\/a>:<\/p>\n<p> Peker p\u00e5 Kina og Russland<\/p>\n<p class=\"_paragraph_o9xde_4 _paragraph_xtcu6_10 layout-component text-serif-m layout-normal text-serif-m layout-padded\">For \u00e5 legitimere behovet for Gr\u00f8nland, hevder Det hvite hus at \u00f8ya er \u00abavgj\u00f8rende for \u00e5 avskrekke fiender i Arktis\u00bb.<\/p>\n<p class=\"_paragraph_o9xde_4 _paragraph_xtcu6_10 layout-component text-serif-m layout-normal text-serif-m layout-padded\">Fiendene det siktes til, er Kina og Russland, som if\u00f8lge USA har gjort inntog i Gr\u00f8nland. <\/p>\n<p class=\"_paragraph_o9xde_4 _paragraph_xtcu6_10 layout-component text-serif-m layout-normal text-serif-m layout-padded\">Danmark er ikke enig i Trumps p\u00e5stand om at det er masse kinesiske og russiske investeringer og milit\u00e6raktivitet i Gr\u00f8nland. Men de har gitt ham rett i at sikkerheten er for d\u00e5rlig, og lover n\u00e5 \u00f8kt innsats i Gr\u00f8nland og i Arktis. <\/p>\n<p><img alt=\"Vance under sitt bes\u00f8k til Gr\u00f8nland i mars i fjor.  Foto: JIM WATSON \/ AFP \/ NTB\" class=\"_image_qp4xg_65 layout-component layout-normal\" data-fullscreen- data-track-element-type=\"Article image fullscreen\" data-track-name=\"ImageFullscreen\" decoding=\"async\" loading=\"lazy\" height=\"5504\" itemprop=\"image\"  src=\"https:\/\/www.europesays.com\/no\/wp-content\/uploads\/2026\/01\/8865bb24-684e-4d91-9981-793f9c74faa9.jpeg\"  style=\"object-position:0% 0%\" width=\"8256\"\/>Vance under sitt bes\u00f8k til Gr\u00f8nland i mars i fjor.  Foto: JIM WATSON \/ AFP \/ NTBSt\u00e5r overfor paradoks<\/p>\n<p class=\"_paragraph_o9xde_4 _paragraph_xtcu6_10 layout-component text-serif-m layout-normal text-serif-m layout-padded\">Krisealarmen har g\u00e5tt i K\u00f8benhavn, og det har v\u00e6rt hektisk m\u00f8teaktivitet i hele Norden og innad i Nato. <\/p>\n<p class=\"_paragraph_o9xde_4 _paragraph_xtcu6_10 layout-component text-serif-m layout-normal text-serif-m layout-padded\">Mette Frederiksen har advart at Nato-alliansen er truet dersom USA skulle fors\u00f8ke \u00e5 overta kontroll over Gr\u00f8nland.<\/p>\n<p class=\"_paragraph_o9xde_4 _paragraph_xtcu6_10 layout-component text-serif-m layout-normal text-serif-m layout-padded\">USA er Natos st\u00f8rste og viktigste bidragsyter, og dersom USA g\u00e5r til angrep p\u00e5 et annet Nato-land ved \u00e5 g\u00e5 inn i Gr\u00f8nland, vil hele alliansen kunne kollapse fra innsiden.<\/p>\n<p class=\"_paragraph_o9xde_4 _paragraph_xtcu6_10 layout-component text-serif-m layout-normal text-serif-m layout-padded\">Flere Nato-land har allerede tatt til orde for \u00e5 sende styrker til Gr\u00f8nland. <\/p>\n<p class=\"_paragraph_o9xde_4 _paragraph_xtcu6_10 layout-component text-serif-m layout-normal text-serif-m layout-padded\"><strong class=\"_strong_o9xde_25\">Danskene \u2013 og Norge indirekte \u2013 st\u00e5r overfor et paradoks: <\/strong><\/p>\n<p class=\"_paragraph_o9xde_4 _paragraph_xtcu6_10 layout-component text-serif-m layout-normal text-serif-m layout-padded\">P\u00e5 den ene siden vil de styre egen sikkerhetspolitikk, men p\u00e5 den andre er de avhengige av USA.<\/p>\n<p><img alt=\"Gr\u00f8nlands utenriksminister Vivian Motzfeldt og Danmarks utenriksminister Lars L\u00f8kke Rasmussen utenfor den danske ambassaden i Washington D.C. f\u00f8r m\u00f8tet.  Foto: MADS CLAUS RASMUSSEN \/ AFP \/ NTB\" class=\"_image_qp4xg_65 layout-component layout-normal\" data-fullscreen- data-track-element-type=\"Article image fullscreen\" data-track-name=\"ImageFullscreen\" decoding=\"async\" loading=\"lazy\" height=\"3369\" itemprop=\"image\"  src=\"https:\/\/www.europesays.com\/no\/wp-content\/uploads\/2026\/01\/9085e763-5139-4aa7-9c16-493d22e46512.jpeg\"  style=\"object-position:0% 0%\" width=\"4728\"\/>Gr\u00f8nlands utenriksminister Vivian Motzfeldt og Danmarks utenriksminister Lars L\u00f8kke Rasmussen utenfor den danske ambassaden i Washington D.C. f\u00f8r m\u00f8tet.  Foto: MADS CLAUS RASMUSSEN \/ AFP \/ NTB<\/p>\n<p class=\"_paragraph_o9xde_4 _paragraph_xtcu6_10 layout-component text-serif-m layout-normal text-serif-m layout-padded\">Norge, Sverige, Finland og Island sl\u00e5r n\u00e5 ring rundt Danmark og Gr\u00f8nland. Det samme gj\u00f8r allierte i Europa.<\/p>\n<p class=\"_paragraph_o9xde_4 _paragraph_xtcu6_10 layout-component text-serif-m layout-normal text-serif-m layout-padded\">Gr\u00f8nland er dansk \u2013 og at det er Danmark og Gr\u00f8nland alene som avgj\u00f8r sp\u00f8rsm\u00e5l om Gr\u00f8nland, mener de. <\/p>\n<p class=\"_paragraph_o9xde_4 _paragraph_xtcu6_10 layout-component text-serif-m layout-normal text-serif-m layout-padded\">USA har i lang tid hatt en milit\u00e6rbase i Gr\u00f8nland, i Pituffik. Under visepresident Vance\u2019 kontroversielle bes\u00f8k til \u00f8ya i fjor, var det hit han dro. Uten \u00e5 bes\u00f8ke befolkningen. <\/p>\n<p class=\"_paragraph_o9xde_4 _paragraph_xtcu6_10 layout-component text-serif-m layout-normal text-serif-m layout-padded\"><strong class=\"_strong_o9xde_25\">Gr\u00f8nlendere til VG i Nuuk:<\/strong> <a href=\"https:\/\/www.vg.no\/nyheter\/i\/W01azL\/groenlendere-om-usa-besoeket-crazy\" data-track-element-type=\"Link\" data-track-id=\"link:W01azL\" class=\"_link_o9xde_39\" rel=\"nofollow noopener\" target=\"_blank\">\u2013 Crazy<\/a><\/p>\n<p><img alt=\"VG i Washington D.C.: USA-korrespondent Ingeborg Huse Amundsen og fotograf Thomas Nilsson utenfor den danske ambassaden.\" class=\"_image_qp4xg_65 layout-component layout-normal\" data-fullscreen- data-track-element-type=\"Article image fullscreen\" data-track-name=\"ImageFullscreen\" decoding=\"async\" loading=\"lazy\" height=\"3088\" itemprop=\"image\"  src=\"https:\/\/www.europesays.com\/no\/wp-content\/uploads\/2026\/01\/e4127822-e39d-4fe7-bb12-5e153bea432a.jpeg\"  style=\"object-position:0% 0%\" width=\"2316\"\/>VG i Washington D.C.: USA-korrespondent Ingeborg Huse Amundsen og fotograf Thomas Nilsson utenfor den danske ambassaden.    <\/p>\n","protected":false},"excerpt":{"rendered":"Danmarks utenriksminister Lars L\u00f8kke Rasmussen m\u00f8ter USAs visepresident JD Vance i Washington D.C. Gr\u00f8nland er p\u00e5 agendaen, med&hellip;\n","protected":false},"author":2,"featured_media":137413,"comment_status":"","ping_status":"","sticky":false,"template":"","format":"standard","meta":{"footnotes":""},"categories":[5],"tags":[1238,20,21,1524,55,24,25,2112,15,19,529,3330,22,23,17,18,2030,13,30,28,29,14,16,26,27,50],"class_list":{"0":"post-137412","1":"post","2":"type-post","3":"status-publish","4":"format-standard","5":"has-post-thumbnail","7":"category-overskrifter","8":"tag-amerikansk-politikk","9":"tag-breaking-news","10":"tag-breakingnews","11":"tag-danmark","12":"tag-donald-trump","13":"tag-featured-news","14":"tag-featurednews","15":"tag-gronland","16":"tag-headlines","17":"tag-hovedoppslag","18":"tag-j-d-vance","19":"tag-lars-lokke-rasmussen","20":"tag-latest-news","21":"tag-latestnews","22":"tag-main-news","23":"tag-mainnews","24":"tag-mette-frederiksen","25":"tag-news","26":"tag-no","27":"tag-norge","28":"tag-norway","29":"tag-nyheter","30":"tag-overskrifter","31":"tag-top-stories","32":"tag-topstories","33":"tag-usa"},"share_on_mastodon":{"url":"https:\/\/pubeurope.com\/@no\/115894856216598389","error":""},"_links":{"self":[{"href":"https:\/\/www.europesays.com\/no\/wp-json\/wp\/v2\/posts\/137412","targetHints":{"allow":["GET"]}}],"collection":[{"href":"https:\/\/www.europesays.com\/no\/wp-json\/wp\/v2\/posts"}],"about":[{"href":"https:\/\/www.europesays.com\/no\/wp-json\/wp\/v2\/types\/post"}],"author":[{"embeddable":true,"href":"https:\/\/www.europesays.com\/no\/wp-json\/wp\/v2\/users\/2"}],"replies":[{"embeddable":true,"href":"https:\/\/www.europesays.com\/no\/wp-json\/wp\/v2\/comments?post=137412"}],"version-history":[{"count":0,"href":"https:\/\/www.europesays.com\/no\/wp-json\/wp\/v2\/posts\/137412\/revisions"}],"wp:featuredmedia":[{"embeddable":true,"href":"https:\/\/www.europesays.com\/no\/wp-json\/wp\/v2\/media\/137413"}],"wp:attachment":[{"href":"https:\/\/www.europesays.com\/no\/wp-json\/wp\/v2\/media?parent=137412"}],"wp:term":[{"taxonomy":"category","embeddable":true,"href":"https:\/\/www.europesays.com\/no\/wp-json\/wp\/v2\/categories?post=137412"},{"taxonomy":"post_tag","embeddable":true,"href":"https:\/\/www.europesays.com\/no\/wp-json\/wp\/v2\/tags?post=137412"}],"curies":[{"name":"wp","href":"https:\/\/api.w.org\/{rel}","templated":true}]}}