{"id":137418,"date":"2026-01-14T18:30:11","date_gmt":"2026-01-14T18:30:11","guid":{"rendered":"https:\/\/www.europesays.com\/no\/137418\/"},"modified":"2026-01-14T18:30:11","modified_gmt":"2026-01-14T18:30:11","slug":"trobbelet-fortsetter-kan-bli-problematisk-drammens-tidende","status":"publish","type":"post","link":"https:\/\/www.europesays.com\/no\/137418\/","title":{"rendered":"Tr\u00f8bbelet fortsetter: \u2013 Kan bli problematisk &#8211; Drammens Tidende"},"content":{"rendered":"<ol>\n<li><a href=\"https:\/\/news.google.com\/rss\/articles\/CBMif0FVX3lxTFBtTUhYVGxITTlDZXhOTGE3X1lFX1Z2Q3hhQ2ozbDI3bnpZeHVVSWJpeE11ZTlNZldmaTVub3FmNU5hZW1jZDFGOW9rZHlDd1AxNEo3ZXktczlyNk5ZX1JBTWNpNVNUeWhheXFWY21LLXQxVXh4SWtVdExFV0ZfdzA?oc=5\" target=\"_blank\" rel=\"nofollow noopener\">Tr\u00f8bbelet fortsetter: \u2013 Kan bli problematisk<\/a>&nbsp;&nbsp;Drammens Tidende<\/li>\n<li><a href=\"https:\/\/news.google.com\/rss\/articles\/CBMifEFVX3lxTE1abWlCa2Nfb2Y2RlF4d29YeUxNRzBsb2ZJTmRyWkdNNU1WOWNQeWpkQ3A3LW5QNFI0Mlp5a2hnVFN3VklzdjNISGhtenBnbjVNN1JiQWswOE5VZkZZSWU4OFJrQnlhbTJJX09mWU1hdlVmczRzTU1ESEFqcHA?oc=5\" target=\"_blank\" rel=\"nofollow noopener\">Chris har 13-timers arbeidsdager i kaoset: \u2013 V\u00e6r s\u00e5 snill og bli hjemme<\/a>&nbsp;&nbsp;Drammens Tidende<\/li>\n<li><a href=\"https:\/\/news.google.com\/rss\/articles\/CBMigwFBVV95cUxOZExMYm1XN09MWG4tM2JQVVI0WDdXbThZSExWRHZubEhMc1RBcHc3UVk0engya2htQ3RrT09pemlQYjFGUVM3VzZDdWd5WXYwaXBZV1lFRGFkZlM5ZWJHeU5SdkJPU19FMlhBLWdCT3VCcXh4TFJidG14QzJxZFBUQVFIUQ?oc=5\" target=\"_blank\" rel=\"nofollow noopener\">Ny utforkj\u00f8ring &#8211; 30 trafikkuhell p\u00e5 et d\u00f8gn<\/a>&nbsp;&nbsp;DRM24.no<\/li>\n<li><a href=\"https:\/\/news.google.com\/rss\/articles\/CBMimAFBVV95cUxOc3lJMXctcXJSVEVpTDZFMXlEQnpEdU9sOFZzd1ZXeVZZSUNXcFhvREpfaXZqSFdBUk5rQ2dxVmdWTzgtMXBPRmFfYmI0Z1hfdGZvV3IydnExZ1piRExZNWEwWlFwS3M5a2pRVkdoZ21EdU9NSERxTkxNM1pTNVBCUER4LWh5WEZkaW9lWm9EbXRWdW9tS0ZtLQ?oc=5\" target=\"_blank\" rel=\"nofollow noopener\">Trafikk, V\u00e6ret | Sn\u00f8kaoset uteble: \u2013 Krysser fingrene for at det fortsetter s\u00e5nn<\/a>&nbsp;&nbsp;Drammens Tidende<\/li>\n<li><a href=\"https:\/\/news.google.com\/rss\/articles\/CBMiakFVX3lxTE9RVFJGX0VhemRhWXBpcXU1U0pjcmVCelRtazE1dFNBeGhtY2JwUzY2ZW9aRVI4Y1dnZnBad3hIQ2xfS3NKekFXZmQyenVoNXhhbzlfNUZJV1FsVjRCclZIYnRDTFZyS3VuUGc?oc=5\" target=\"_blank\" rel=\"nofollow noopener\">Svelvik, Nyhet | Rykket ut til utforkj\u00f8ring<\/a>&nbsp;&nbsp;Drammens Tidende<\/li>\n<\/ol>\n","protected":false},"excerpt":{"rendered":"Tr\u00f8bbelet fortsetter: \u2013 Kan bli problematisk&nbsp;&nbsp;Drammens Tidende Chris har 13-timers arbeidsdager i kaoset: \u2013 V\u00e6r s\u00e5 snill og&hellip;\n","protected":false},"author":2,"featured_media":137419,"comment_status":"","ping_status":"","sticky":false,"template":"","format":"standard","meta":{"footnotes":""},"categories":[10],"tags":[20,21,24,25,15,22,23,13,30,28,29,14,16,26,27],"class_list":{"0":"post-137418","1":"post","2":"type-post","3":"status-publish","4":"format-standard","5":"has-post-thumbnail","7":"category-norge","8":"tag-breaking-news","9":"tag-breakingnews","10":"tag-featured-news","11":"tag-featurednews","12":"tag-headlines","13":"tag-latest-news","14":"tag-latestnews","15":"tag-news","16":"tag-no","17":"tag-norge","18":"tag-norway","19":"tag-nyheter","20":"tag-overskrifter","21":"tag-top-stories","22":"tag-topstories"},"share_on_mastodon":{"url":"https:\/\/pubeurope.com\/@no\/115894880014988012","error":""},"_links":{"self":[{"href":"https:\/\/www.europesays.com\/no\/wp-json\/wp\/v2\/posts\/137418","targetHints":{"allow":["GET"]}}],"collection":[{"href":"https:\/\/www.europesays.com\/no\/wp-json\/wp\/v2\/posts"}],"about":[{"href":"https:\/\/www.europesays.com\/no\/wp-json\/wp\/v2\/types\/post"}],"author":[{"embeddable":true,"href":"https:\/\/www.europesays.com\/no\/wp-json\/wp\/v2\/users\/2"}],"replies":[{"embeddable":true,"href":"https:\/\/www.europesays.com\/no\/wp-json\/wp\/v2\/comments?post=137418"}],"version-history":[{"count":0,"href":"https:\/\/www.europesays.com\/no\/wp-json\/wp\/v2\/posts\/137418\/revisions"}],"wp:featuredmedia":[{"embeddable":true,"href":"https:\/\/www.europesays.com\/no\/wp-json\/wp\/v2\/media\/137419"}],"wp:attachment":[{"href":"https:\/\/www.europesays.com\/no\/wp-json\/wp\/v2\/media?parent=137418"}],"wp:term":[{"taxonomy":"category","embeddable":true,"href":"https:\/\/www.europesays.com\/no\/wp-json\/wp\/v2\/categories?post=137418"},{"taxonomy":"post_tag","embeddable":true,"href":"https:\/\/www.europesays.com\/no\/wp-json\/wp\/v2\/tags?post=137418"}],"curies":[{"name":"wp","href":"https:\/\/api.w.org\/{rel}","templated":true}]}}