{"id":137420,"date":"2026-01-14T18:31:35","date_gmt":"2026-01-14T18:31:35","guid":{"rendered":"https:\/\/www.europesays.com\/no\/137420\/"},"modified":"2026-01-14T18:31:35","modified_gmt":"2026-01-14T18:31:35","slug":"solskjaer-favoritt-linkes-til-norsk-storklubb","status":"publish","type":"post","link":"https:\/\/www.europesays.com\/no\/137420\/","title":{"rendered":"&#8211; Solskj\u00e6r-favoritt linkes til norsk storklubb"},"content":{"rendered":"<p>Stemningen var spent da Danmarks\u00a0utenriksminister Lars L\u00f8kke Rasmussen og Gr\u00f8nlands minister for utenrikssaker Vivian Motzfeldt entret den amerikanske visepresidentens kontor onsdag ettermiddag.<\/p>\n<p>Trump-administrasjonen har gjort det klart at den \u00f8nsker amerikansk kontroll over Gr\u00f8nland. Det pr\u00f8ver danskene og gr\u00f8nlenderne \u00e5 unng\u00e5.<\/p>\n<p>Partene ankom\u00a0Eisenhower Executive Office Building, like over gata for Det hvite hus, klokka 16.30 norsk tid. Like f\u00f8r klokka\u00a017 meldte danske\u00a0<a href=\"https:\/\/nyheder.tv2.dk\/live\/2025-01-06-kampen-om-groenlands-fremtid\/moedet-er-nu-i-gang?entry=ed0c4838-b08c-42f7-80a7-536cb2f6cc29\" rel=\"nofollow noopener\" target=\"_blank\">TV 2<\/a>\u00a0at m\u00f8tet var i gang, og en times tid seinere at det var over.<\/p>\n<p>Det er innkalt til et pressem\u00f8te ved den danske ambassaden rundt klokka 19.30.\u00a0<\/p>\n<p>        <img loading=\"lazy\" decoding=\"async\" src=\"https:\/\/www.europesays.com\/no\/wp-content\/uploads\/2026\/01\/1768415492_943_84099469.webp.webp\" width=\"667\" height=\"381\" title=\"F\u00d8R SKJEBNEM\u00d8TET: Gr\u00f8nlands minister for utenrikssaker Vivian Motzfeldt (t.v.) fulgt av Danmarks utenriksminister Lars L\u00f8kke Rasmussen p\u00e5 vei ut av den danske ambassaden i Washington D.C. f\u00f8r m\u00f8tet. Foto: Mads Claus Rasmussen \/ Ritzau Scanpix \/ AFP \/ NTB\" alt=\"\" class=\"\" style=\"--aspect-ratio-image: 1.75; \"\/><\/p>\n<p>\n        F\u00d8R SKJEBNEM\u00d8TET: Gr\u00f8nlands minister for utenrikssaker Vivian Motzfeldt (t.v.) fulgt av Danmarks utenriksminister Lars L\u00f8kke Rasmussen p\u00e5 vei ut av den danske ambassaden i Washington D.C. f\u00f8r m\u00f8tet. Foto: Mads Claus Rasmussen \/ Ritzau Scanpix \/ AFP \/ NTB\n    <\/p>\n<p>Ga ambassad\u00f8ren knoken  <\/p>\n<p>TV-bilder fra danske medier viser den dansk-gr\u00f8nlandske delegasjonen forlate bygget.<\/p>\n<p>Den danske utenriksministeren la p\u00e5 sprang mot bilen sin, f\u00f8r han ga landets ambassad\u00f8r til USA, Jesper M\u00f8ller S\u00f8rensen, knoken og tente seg en sigarett.<\/p>\n<p><a href=\"https:\/\/www.berlingske.dk\/politik\/kampen-om-groenland--foelg-med-her\" rel=\"nofollow noopener\" target=\"_blank\">Berlingske<\/a> erfarer at m\u00f8tet\u00a0\u00abhar g\u00e5tt bra\u00bb. Avisas korrespondent forklarer at m\u00f8tets lengde gj\u00f8r at den danske delegasjonen ser p\u00e5 det \u00absom en suksess\u00bb.<\/p>\n<p>&#8211; Hvis USA bare hadde sagt\u00a0\u00abvi vil eie Gr\u00f8nland\u00bb, hadde L\u00f8kke og Motzfeldt sagt\u00a0\u00abnei takk\u00bb, og s\u00e5 hadde samtalen sendt der, sier\u00a0Jacob Heinel Jensen.<\/p>\n<p>Det samme erfarer <a href=\"https:\/\/www.dr.dk\/nyheder\/indland\/groenland\/live-storpolitisk-drama-mellem-usa-danmark-og-groenland?focusId=10849082\" rel=\"nofollow noopener\" target=\"_blank\">TV 2<\/a>, fra et medlem av den danske delegasjonen.<\/p>\n<p>&#8211; De er lettet og synes at m\u00f8tet gikk bra, sier korrespondent Christine Cordsen.<\/p>\n<p>Det har ikke kommet noen signaler er fra amerikansk hold etter m\u00f8tet, men da det\u00a0 p\u00e5gikk delte Det hvite hus&#8217; offisielle konto p\u00e5 X et\u00a0<a href=\"https:\/\/x.com\/WhiteHouse\/status\/2011476301060702329\" rel=\"nofollow\">innlegg<\/a>\u00a0med teksten\u00a0\u00abHvilken vei, Gr\u00f8nland-mann?\u00bb til et bilde av et veivalg mellom USA med skyfri himmel og Russland og Kina med tordenskyer.<\/p>\n<p>Donald Trump har hevdet at det er et stort russisk og kinesisk n\u00e6rv\u00e6r rundt Gr\u00f8nland. Det\u00a0<a href=\"https:\/\/www.dagbladet.no\/nyheter\/trump-topp-kan-skje-innen-uker\/84096681\" rel=\"nofollow noopener\" target=\"_blank\">avvises av tidligere forsvarssjef, n\u00e5 FFI-forsker Sverre Diesen<\/a>.<\/p>\n<p>Trump: &#8211; Blir et stort problem<\/p>\n<p>Gr\u00f8nlands regjeringsleder Jens-Frederik Nielsen gikk i forkant av m\u00f8tet ut med et tydelig budskap, under en felles pressekonferanse med Danmarks statsminister Mette Frederiksen: <a href=\"https:\/\/www.dagbladet.no\/nyheter\/det-vanskeligste-ligger-foran-oss\/84094040\" rel=\"nofollow noopener\" target=\"_blank\">Gr\u00f8nland er ikke til salgs, og vil ikke eies av USA<\/a>.<\/p>\n<p>Det s\u00e5 ikke ut til \u00e5 ha p\u00e5virket den amerikanske presidenten.<\/p>\n<p>&#8211;\u00a0Jeg er uenig med ham. Jeg vet ikke hvem han er. Jeg vet ingenting om ham, men det kommer til \u00e5 bli et stort problem for ham, <a href=\"https:\/\/www.dagbladet.no\/nyheter\/et-stort-problem-for-dem\/84095687\" rel=\"nofollow noopener\" target=\"_blank\">sa Trump da han tirsdag kveld fikk sp\u00f8rsm\u00e5l om Nielsens uttalelse<\/a>.<\/p>\n<p>        <img loading=\"lazy\" decoding=\"async\" src=\"https:\/\/www.europesays.com\/no\/wp-content\/uploads\/2026\/01\/1768415494_400_84099440.webp.webp\" width=\"980\" height=\"559\" title=\"VISEPRESIDENTEN P\u00c5 STEDET: USAs visepresident p\u00e5 vei inn i Eisenhower Executive Office Building f\u00f8r m\u00f8tet. Foto: Brendan Smialowski \/ AFP \/ NTB\" alt=\"\" class=\"\" style=\"--aspect-ratio-image: 1.75; \"\/><\/p>\n<p>\n        VISEPRESIDENTEN P\u00c5 STEDET: USAs visepresident p\u00e5 vei inn i Eisenhower Executive Office Building f\u00f8r m\u00f8tet. Foto: Brendan Smialowski \/ AFP \/ NTB\n    <\/p>\n<p><a href=\"https:\/\/www.dagbladet.no\/nyheter\/nato-bor-bane-vei\/84097972\" rel=\"nofollow noopener\" target=\"_blank\">Onsdag har han gjentatt standpunktet<\/a> om at \u00abUSA trenger Gr\u00f8nland av nasjonale sikkerhetshensyn\u00bb, og at \u00abNato b\u00f8r bane vei for at vi f\u00e5r det\u00bb.<\/p>\n<p>Danmarks forsvarsminister\u00a0Troels Lund Poulsen bekreftet tidligere onsdag at Danmark skal trappe opp sitt milit\u00e6re n\u00e6rv\u00e6r p\u00e5 Gr\u00f8nland.<\/p>\n<p><a href=\"https:\/\/www.dr.dk\/nyheder\/indland\/groenland\/efter-pres-fra-usa-danmark-er-nu-begyndt-sende-militaere-forstaerkninger-til-groenland\" target=\"_blank\" rel=\"nofollow noopener\">Danmarks Radio<\/a>\u00a0og danske\u00a0<a href=\"https:\/\/nyheder.tv2.dk\/live\/2025-01-06-kampen-om-groenlands-fremtid\/danmark-sender-militaert-personel-til-groenland-erfarer-tv-2?entry=fc872c42-04c9-448f-846c-0657819a17c8\" rel=\"nofollow noopener\" target=\"_blank\">TV 2<\/a>\u00a0melder at en fortropp fra det danske forsvaret har ankommet \u00f8ya, med henvisning til ikke navngitte kilder. Den vil snart f\u00e5 selskap av europeiske tropper, som skal v\u00e6re p\u00e5 vei. Forsvarsdepartementet bekrefter til Dagbladet at to personer fra Forsvaret sendes til Gr\u00f8nland for \u00ab\u00e5 kartlegge det videre samarbeidet mellom allierte\u00bb.<\/p>\n<p>    <a itemprop=\"url\" href=\"https:\/\/www.dagbladet.no\/nyheter\/trump-topp-kan-skje-innen-uker\/84096681\" rel=\"nofollow noopener\" target=\"_blank\"><\/p>\n<p>        <img loading=\"lazy\" decoding=\"async\" src=\"https:\/\/www.europesays.com\/no\/wp-content\/uploads\/2026\/01\/1768415495_677_84097191.webp.webp\" width=\"980\" height=\"441\" title=\"Trump-topp: - Kan skje innen \u00abuker\u00bb\" alt=\"\" class=\"lazyload\" style=\"--aspect-ratio-image: 2.22; \"\/><\/p>\n<p>        Trump-topp: &#8211; Kan skje innen \u00abuker\u00bb<\/p>\n<p>    <\/a><\/p>\n<p>Tidligere utenriksminister: &#8211; Kan ende galt  <\/p>\n<p>M\u00f8tet i Washington skulle egentlig avholdes av USAs utenriksminister Marco Rubio. J.D. Vances deltakelse ble f\u00f8rst kjent tirsdag.<\/p>\n<p>Sistnevnte\u00a0dro selv til Gr\u00f8nland i fjor v\u00e5r og har anklaget danske myndigheter for \u00e5 \u00abfors\u00f8mme\u00bb Gr\u00f8nland.<\/p>\n<p>Hans <a href=\"https:\/\/www.dagbladet.no\/nyheter\/reaksjonene-hagler-etter-vance-tale\/82683910\" rel=\"nofollow noopener\" target=\"_blank\">tordentale under sikkerhetskonferansen i M\u00fcnchen<\/a> og opptreden under <a href=\"https:\/\/www.dagbladet.no\/nyheter\/ny-anklage-store-store-problemer\/82901414\" rel=\"nofollow noopener\" target=\"_blank\">skandalem\u00f8tet mellom Trump og Ukrainas president Volodymyr Zelenskyj<\/a> i fjor er ogs\u00e5 frisk i minnet hos mange.<\/p>\n<p>Danmarks tidligere\u00a0utenriksminister Holger K. Nielsen har beskrevet visepresidentens plutselige deltakelse som\u00a0\u00abveldig dramatisk\u00bb.<\/p>\n<p>&#8211; Det kan ende galt, sa han tidligere onsdag til <a href=\"https:\/\/nyheder.tv2.dk\/live\/2025-01-06-kampen-om-groenlands-fremtid\/det-kan-ende-galt-siger-tidligere-udenrigsminister?entry=393c9296-1e32-40e6-bcf9-daf2cffd2615\" rel=\"nofollow noopener\" target=\"_blank\">TV 2<\/a>.<\/p>\n","protected":false},"excerpt":{"rendered":"Stemningen var spent da Danmarks\u00a0utenriksminister Lars L\u00f8kke Rasmussen og Gr\u00f8nlands minister for utenrikssaker Vivian Motzfeldt entret den amerikanske&hellip;\n","protected":false},"author":2,"featured_media":137421,"comment_status":"","ping_status":"","sticky":false,"template":"","format":"standard","meta":{"footnotes":""},"categories":[5],"tags":[20,21,134,24,25,92,15,19,22,23,17,18,13,30,28,29,14,16,1540,83,26,27],"class_list":{"0":"post-137420","1":"post","2":"type-post","3":"status-publish","4":"format-standard","5":"has-post-thumbnail","7":"category-overskrifter","8":"tag-breaking-news","9":"tag-breakingnews","10":"tag-eliteserien","11":"tag-featured-news","12":"tag-featurednews","13":"tag-fotball","14":"tag-headlines","15":"tag-hovedoppslag","16":"tag-latest-news","17":"tag-latestnews","18":"tag-main-news","19":"tag-mainnews","20":"tag-news","21":"tag-no","22":"tag-norge","23":"tag-norway","24":"tag-nyheter","25":"tag-overskrifter","26":"tag-rosenborg","27":"tag-sport","28":"tag-top-stories","29":"tag-topstories"},"share_on_mastodon":{"url":"https:\/\/pubeurope.com\/@no\/115894883664236901","error":""},"_links":{"self":[{"href":"https:\/\/www.europesays.com\/no\/wp-json\/wp\/v2\/posts\/137420","targetHints":{"allow":["GET"]}}],"collection":[{"href":"https:\/\/www.europesays.com\/no\/wp-json\/wp\/v2\/posts"}],"about":[{"href":"https:\/\/www.europesays.com\/no\/wp-json\/wp\/v2\/types\/post"}],"author":[{"embeddable":true,"href":"https:\/\/www.europesays.com\/no\/wp-json\/wp\/v2\/users\/2"}],"replies":[{"embeddable":true,"href":"https:\/\/www.europesays.com\/no\/wp-json\/wp\/v2\/comments?post=137420"}],"version-history":[{"count":0,"href":"https:\/\/www.europesays.com\/no\/wp-json\/wp\/v2\/posts\/137420\/revisions"}],"wp:featuredmedia":[{"embeddable":true,"href":"https:\/\/www.europesays.com\/no\/wp-json\/wp\/v2\/media\/137421"}],"wp:attachment":[{"href":"https:\/\/www.europesays.com\/no\/wp-json\/wp\/v2\/media?parent=137420"}],"wp:term":[{"taxonomy":"category","embeddable":true,"href":"https:\/\/www.europesays.com\/no\/wp-json\/wp\/v2\/categories?post=137420"},{"taxonomy":"post_tag","embeddable":true,"href":"https:\/\/www.europesays.com\/no\/wp-json\/wp\/v2\/tags?post=137420"}],"curies":[{"name":"wp","href":"https:\/\/api.w.org\/{rel}","templated":true}]}}