{"id":137426,"date":"2026-01-14T18:39:08","date_gmt":"2026-01-14T18:39:08","guid":{"rendered":"https:\/\/www.europesays.com\/no\/137426\/"},"modified":"2026-01-14T18:39:08","modified_gmt":"2026-01-14T18:39:08","slug":"han-var-spent-pa-det-a-bli-pappa-nrk-sorlandet-lokale-nyheter-tv-og-radio","status":"publish","type":"post","link":"https:\/\/www.europesays.com\/no\/137426\/","title":{"rendered":"\u2013 Han var spent p\u00e5 det \u00e5 bli pappa \u2013 NRK S\u00f8rlandet \u2013 Lokale nyheter, TV og radio"},"content":{"rendered":"<p><strong>\u2013 Han var spent p\u00e5 det \u00e5 bli pappa. Han var veldig omtenksom. Han tr\u00f8sta gutten mye da han grein. <\/strong><\/p>\n<p>Det sa kvinnen som er samboer med mannen som er tiltalt for \u00e5 ha ristet babyen deres slik at han d\u00f8de.<\/p>\n<p>Moren til babyen er fremdeles samboer med tiltalte, og tror ikke han er skyldig.<\/p>\n<p><strong>Paret har ogs\u00e5 f\u00e5tt et nytt barn etter at deres f\u00f8rstef\u00f8dte d\u00f8de.<\/strong><\/p>\n<p>Erkl\u00e6rte seg ikke skyldig<\/p>\n<p>Faren i 30-\u00e5rene er tiltalt for grov kroppsskade med d\u00f8den til f\u00f8lge.<\/p>\n<p>Strafferammen er inntil ti \u00e5rs fengsel.<\/p>\n<p><strong>Han erkl\u00e6rte seg ikke skyldig i retten.<\/strong><\/p>\n<p>Hendelsen skjedde da faren var alene hjemme med barnet 19. oktober 2023.<\/p>\n<p>P\u00e5talemyndigheten mener barnefaren ristet s\u00f8nnen med stor kraft, slik at han ble p\u00e5f\u00f8rt d\u00f8delige skader.<\/p>\n<p><img decoding=\"async\"   src=\"data:image\/gif;base64,R0lGODlhAQABAIAAAAAAAP\/\/\/yH5BAEAAAAALAAAAAABAAEAAAIBRAA7\" loading=\"eager\" alt=\"en person i hvit skjorte\" title=\"Foto: Kjetil Samuelsen \/ NRK\"\/><\/p>\n<p class=\"\">Politiadvokat Anders Skranefjeld og statsadvokat Jan Tallaksen er aktorer i saken. <\/p>\n<p>Foto: Kjetil Samuelsen \/ NRK<\/p>\n<p>\u2013 Han hadde surklelyder<\/p>\n<p><strong>Moren til barnet fortalte i retten at gutten hadde hatt helseutfordringer i forkant av d\u00f8dsfallet.<\/strong><\/p>\n<p>Han kunne gr\u00e5te mye, og v\u00e6re vanskelig \u00e5 roe, forteller mora.<\/p>\n<p>Aktor lurer p\u00e5 hvordan tiltalte da oppf\u00f8rte seg.<\/p>\n<p>Kvinnen sier han kanskje kunne st\u00f8nne litt oppgitt.<\/p>\n<p><strong>\u2013 Han kunne jo bli frustrert n\u00e5r ingenting hjalp. <\/strong><\/p>\n<p>Den aktuelle dagen hendelsen skjedde, hadde barnet kommet med flere \u00absmerteskrik\u00bb f\u00f8r hun forlot boligen for \u00e5 g\u00e5 i et m\u00f8te, if\u00f8lge moren.<\/p>\n<p>Hun forteller at hun fullammet, og at faren skulle gi gutten flaske hvis han ble sulten.<\/p>\n<p>Ringte legevakta dager i forveien<\/p>\n<p>Moren fortalte retten at gutten f\u00f8r denne dagen hadde mye plager med surkling, og at han sleit med pusten.<\/p>\n<p><strong>\u2013 Han kunne ogs\u00e5 bli helt stiv i kroppen.<\/strong><\/p>\n<p><strong>De var til behandling hos kiropraktor.<\/strong><\/p>\n<p>Faren ringte ogs\u00e5 legevakta ni dager f\u00f8r hendelsen og fortalte at gutten slet med \u00e5 puste. <\/p>\n<p>Det kom frem under forsvarers utsp\u00f8rring av tiltalte. <\/p>\n<p><img decoding=\"async\"   src=\"data:image\/gif;base64,R0lGODlhAQABAIAAAAAAAP\/\/\/yH5BAEAAAAALAAAAAABAAEAAAIBRAA7\" loading=\"eager\" alt=\"Krimteknikere unders\u00f8ker bolig\" title=\"Foto: Siv Kristin S\u00e6llmann \/ NRK\"\/><\/p>\n<p class=\"\">Gutten d\u00f8de to dager etter hendelsen 19. oktober 2023. Kripos gjorde omfattende unders\u00f8kelser i boligen. <\/p>\n<p>Foto: Siv Kristin S\u00e6llmann \/ NRK<\/p>\n<p>Det ble fremvist journaler som viser at faren sa det hadde v\u00e6rt slik over tid. <\/p>\n<p>Retten fikk ogs\u00e5 se video av barnet der foreldrene mener han puster unaturlig.<\/p>\n<p>Tiltalte har fortalt at han skulle gi barnet flaske, og at gutten satte melka i halsen den aktuelle ettermiddagen.<\/p>\n<p><strong>Deretter slutta han \u00e5 puste, if\u00f8lge farens forklaring.<\/strong><\/p>\n<p><img decoding=\"async\"   src=\"data:image\/gif;base64,R0lGODlhAQABAIAAAAAAAP\/\/\/yH5BAEAAAAALAAAAAABAAEAAAIBRAA7\" loading=\"eager\" alt=\"en mann i dress som st\u00e5r ved et podium\" title=\"Foto: Kjetil Samuelsen \/ NRK\"\/><\/p>\n<p class=\"\">Statsadvokat Jan Tallaksen er aktor i saken. Han mener barnets skader ikke kan forklares p\u00e5 andre m\u00e5ter enn at han var utsatt for et traume. <\/p>\n<p>Foto: Kjetil Samuelsen \/ NRK<\/p>\n<p>Ringte selv AMK<\/p>\n<p>Faren ringte AMK, og ble instruert til \u00e5 sette i gang livredning slik at barnet etter hvert fikk tilbake pusten.<\/p>\n<p><strong>Gutten d\u00f8de etter to dager p\u00e5 sykehuset. <\/strong><\/p>\n<p>Politiet rykket ut til familiens bolig i etterkant av hendelsen, og sikret bevis i flere dager.<\/p>\n<p><img decoding=\"async\"   src=\"data:image\/gif;base64,R0lGODlhAQABAIAAAAAAAP\/\/\/yH5BAEAAAAALAAAAAABAAEAAAIBRAA7\" loading=\"eager\" alt=\"D\u00f8dsfall Lister\" title=\"Foto: Siv Kristin S\u00e6llmann \/ NRK\"\/><\/p>\n<p class=\"\">Kripos unders\u00f8kte familiens bolig etter d\u00f8dsfallet. <\/p>\n<p>Foto: Siv Kristin S\u00e6llmann \/ NRK<\/p>\n<p>Etter nesten to \u00e5rs etterforskning, ble det tatt ut tiltale mot faren etter ordre fra Riksadvokaten.<\/p>\n<p>\u2013 Det var ikke noe feil med gutten etter v\u00e5rt syn, og han var et friskt barn.<\/p>\n<p>Det sa statsadvokat i Agder Jan Tallaksen i sitt innledningsforedrag.<\/p>\n<p>Han mener retten m\u00e5 se p\u00e5 hva slags hendelse som kan forklare det samla skadebildet.<\/p>\n<p><strong>\u2013 Vi mener barnet er p\u00e5f\u00f8rt et traume, og at det er tiltalte som har p\u00e5f\u00f8rt han dette, sier Tallaksen.<\/strong><\/p>\n<p>Han er en av to aktorer i saken som g\u00e5r over 15 dager.<\/p>\n<p>Publisert<\/p>\n<p>14.01.2026, kl. 15.21<\/p>\n<p>Oppdatert<\/p>\n<p>14.01.2026, kl. 15.31<\/p>\n","protected":false},"excerpt":{"rendered":"\u2013 Han var spent p\u00e5 det \u00e5 bli pappa. Han var veldig omtenksom. Han tr\u00f8sta gutten mye da&hellip;\n","protected":false},"author":2,"featured_media":137427,"comment_status":"","ping_status":"","sticky":false,"template":"","format":"standard","meta":{"footnotes":""},"categories":[10],"tags":[20,21,24,25,15,22,23,13,30,28,29,14,16,26,27],"class_list":{"0":"post-137426","1":"post","2":"type-post","3":"status-publish","4":"format-standard","5":"has-post-thumbnail","7":"category-norge","8":"tag-breaking-news","9":"tag-breakingnews","10":"tag-featured-news","11":"tag-featurednews","12":"tag-headlines","13":"tag-latest-news","14":"tag-latestnews","15":"tag-news","16":"tag-no","17":"tag-norge","18":"tag-norway","19":"tag-nyheter","20":"tag-overskrifter","21":"tag-top-stories","22":"tag-topstories"},"share_on_mastodon":{"url":"https:\/\/pubeurope.com\/@no\/115894915203905647","error":""},"_links":{"self":[{"href":"https:\/\/www.europesays.com\/no\/wp-json\/wp\/v2\/posts\/137426","targetHints":{"allow":["GET"]}}],"collection":[{"href":"https:\/\/www.europesays.com\/no\/wp-json\/wp\/v2\/posts"}],"about":[{"href":"https:\/\/www.europesays.com\/no\/wp-json\/wp\/v2\/types\/post"}],"author":[{"embeddable":true,"href":"https:\/\/www.europesays.com\/no\/wp-json\/wp\/v2\/users\/2"}],"replies":[{"embeddable":true,"href":"https:\/\/www.europesays.com\/no\/wp-json\/wp\/v2\/comments?post=137426"}],"version-history":[{"count":0,"href":"https:\/\/www.europesays.com\/no\/wp-json\/wp\/v2\/posts\/137426\/revisions"}],"wp:featuredmedia":[{"embeddable":true,"href":"https:\/\/www.europesays.com\/no\/wp-json\/wp\/v2\/media\/137427"}],"wp:attachment":[{"href":"https:\/\/www.europesays.com\/no\/wp-json\/wp\/v2\/media?parent=137426"}],"wp:term":[{"taxonomy":"category","embeddable":true,"href":"https:\/\/www.europesays.com\/no\/wp-json\/wp\/v2\/categories?post=137426"},{"taxonomy":"post_tag","embeddable":true,"href":"https:\/\/www.europesays.com\/no\/wp-json\/wp\/v2\/tags?post=137426"}],"curies":[{"name":"wp","href":"https:\/\/api.w.org\/{rel}","templated":true}]}}