{"id":137436,"date":"2026-01-14T18:54:07","date_gmt":"2026-01-14T18:54:07","guid":{"rendered":"https:\/\/www.europesays.com\/no\/137436\/"},"modified":"2026-01-14T18:54:07","modified_gmt":"2026-01-14T18:54:07","slug":"meniskskade-for-henrik-jakobsen-ute-av-handballguttas-em-tropp","status":"publish","type":"post","link":"https:\/\/www.europesays.com\/no\/137436\/","title":{"rendered":"Meniskskade for Henrik Jakobsen \u2013 ute av h\u00e5ndballguttas EM-tropp"},"content":{"rendered":"\n<p class=\"_lead_o9xde_2 _lead_xtcu6_50 layout-component text-serif-m layout-normal text-serif-l layout-component layout-wide layout-padded _wide_17hqh_1 layout-padded\">Henrik Jakobsen har en meniskskade i kneet og m\u00e5 opereres. Derfor forlater han Norges tropp dagen f\u00f8r \u00e5pningskampen i h\u00e5ndball-EM.<\/p>\n<p><img alt=\"Henrik Jakobsen i aksjon i kampen mot Danmark forrige uke. Han p\u00e5dro seg en kneskade som setter ham utenfor EM.  Foto: Patrick Post \/ NTB\" class=\"_image_qp4xg_65 layout-component layout-wide\" data-fullscreen- data-track-element-type=\"Article image fullscreen\" data-track-name=\"ImageFullscreen\" fetchpriority=\"high\" decoding=\"sync\" loading=\"eager\" height=\"4509\" itemprop=\"image\"  src=\"https:\/\/www.europesays.com\/no\/wp-content\/uploads\/2026\/01\/0dc6196b-228a-47ec-81b3-6025ef01eb74.jpeg\"  style=\"object-position:0% 0%\" width=\"6764\"\/>Henrik Jakobsen i aksjon i kampen mot Danmark forrige uke. Han p\u00e5dro seg en kneskade som setter ham utenfor EM.  Foto: Patrick Post \/ NTB<\/p>\n<ul aria-hidden=\"true\" class=\"_images_ntbth_112\">\n<li><a class=\"_link_ntbth_117\" href=\"https:\/\/www.vg.no\/forfatter\/ntb\" style=\"z-index:1\" title=\"NTB\" rel=\"nofollow noopener\" target=\"_blank\"><img alt=\"Bilde av NTB\" class=\"_image_ntbth_93\" fetchpriority=\"low\" loading=\"lazy\" decoding=\"async\" itemprop=\"image\"  src=\"https:\/\/www.europesays.com\/no\/wp-content\/uploads\/2026\/01\/1768416847_132_c33980b0-5d07-4027-84a1-813f90a7c8d6.png\"  width=\"480\"\/><\/a><\/li>\n<\/ul>\n<p> Oppdatert onsdag 14. januar kl. 19:15     <\/p>\n<p class=\"_paragraph_o9xde_4 _paragraph_xtcu6_10 layout-component text-serif-m layout-normal text-serif-m layout-padded\">Jakobsen p\u00e5dro seg en kneskade i kampen mot Danmark i Golden League-turneringen i Nederland forrige uke. Landslagets medisinske apparat hadde h\u00e5p om at han ville bli klar til torsdagens EM-\u00e5pning mot Ukraina, men smertene ble ikke borte.<\/p>\n<p class=\"_paragraph_o9xde_4 _paragraph_xtcu6_10 layout-component text-serif-m layout-normal text-serif-m layout-padded\">Onsdag ettermiddag ble det gjennomf\u00f8rt en MR-unders\u00f8kelse som p\u00e5viste skaden.<\/p>\n<p class=\"_paragraph_o9xde_4 _paragraph_xtcu6_10 layout-component text-serif-m layout-normal text-serif-m layout-padded\">\u2013 Bildene viser at Henrik har en rift i menisken. V\u00e5r anbefaling er operasjon. Skaden er av en slik art at han normalt sett vil kunne v\u00e6re tilbake p\u00e5 h\u00e5ndballbanen noen uker etter operasjonen, sier landslagslege Thomas Torgalsen til handball.no.<\/p>\n<p class=\"_paragraph_o9xde_4 _paragraph_xtcu6_10 layout-component text-serif-m layout-normal text-serif-m layout-padded\">\u2013 Dette var veldig kjedelige nyheter, s\u00e5 klart. Samtidig er det greit \u00e5 f\u00e5 vite hvorfor jeg har hatt vondt de siste dagene, og det er ogs\u00e5 oppl\u00f8ftende \u00e5 tenke p\u00e5 at jeg kan v\u00e6re tilbake p\u00e5 banen allerede om noen uker, sier GOG-spilleren selv.<\/p>\n<p class=\"_paragraph_o9xde_4 _paragraph_xtcu6_10 layout-component text-serif-m layout-normal text-serif-m layout-padded\">\u2013 Men jeg hadde sett fram til \u00e5 spille EM n\u00e5.<\/p>\n<p class=\"_paragraph_o9xde_4 _paragraph_xtcu6_10 layout-component text-serif-m layout-normal text-serif-m layout-padded\">Landslagssjef Jonas Wille kaller forel\u00f8pig ikke inn en ny spiller i troppen.<\/p>\n<p class=\"_paragraph_o9xde_4 _paragraph_xtcu6_10 layout-component text-serif-m layout-normal text-serif-m layout-padded\">\u2013 Vi kommer til \u00e5 vurdere situasjonen de neste dagene, sier han.<\/p>\n","protected":false},"excerpt":{"rendered":"Henrik Jakobsen har en meniskskade i kneet og m\u00e5 opereres. Derfor forlater han Norges tropp dagen f\u00f8r \u00e5pningskampen&hellip;\n","protected":false},"author":2,"featured_media":137437,"comment_status":"","ping_status":"","sticky":false,"template":"","format":"standard","meta":{"footnotes":""},"categories":[5],"tags":[20,21,24,25,15,19,22,23,17,18,13,30,28,29,14,16,26,27],"class_list":{"0":"post-137436","1":"post","2":"type-post","3":"status-publish","4":"format-standard","5":"has-post-thumbnail","7":"category-overskrifter","8":"tag-breaking-news","9":"tag-breakingnews","10":"tag-featured-news","11":"tag-featurednews","12":"tag-headlines","13":"tag-hovedoppslag","14":"tag-latest-news","15":"tag-latestnews","16":"tag-main-news","17":"tag-mainnews","18":"tag-news","19":"tag-no","20":"tag-norge","21":"tag-norway","22":"tag-nyheter","23":"tag-overskrifter","24":"tag-top-stories","25":"tag-topstories"},"share_on_mastodon":{"url":"https:\/\/pubeurope.com\/@no\/115894974194908179","error":""},"_links":{"self":[{"href":"https:\/\/www.europesays.com\/no\/wp-json\/wp\/v2\/posts\/137436","targetHints":{"allow":["GET"]}}],"collection":[{"href":"https:\/\/www.europesays.com\/no\/wp-json\/wp\/v2\/posts"}],"about":[{"href":"https:\/\/www.europesays.com\/no\/wp-json\/wp\/v2\/types\/post"}],"author":[{"embeddable":true,"href":"https:\/\/www.europesays.com\/no\/wp-json\/wp\/v2\/users\/2"}],"replies":[{"embeddable":true,"href":"https:\/\/www.europesays.com\/no\/wp-json\/wp\/v2\/comments?post=137436"}],"version-history":[{"count":0,"href":"https:\/\/www.europesays.com\/no\/wp-json\/wp\/v2\/posts\/137436\/revisions"}],"wp:featuredmedia":[{"embeddable":true,"href":"https:\/\/www.europesays.com\/no\/wp-json\/wp\/v2\/media\/137437"}],"wp:attachment":[{"href":"https:\/\/www.europesays.com\/no\/wp-json\/wp\/v2\/media?parent=137436"}],"wp:term":[{"taxonomy":"category","embeddable":true,"href":"https:\/\/www.europesays.com\/no\/wp-json\/wp\/v2\/categories?post=137436"},{"taxonomy":"post_tag","embeddable":true,"href":"https:\/\/www.europesays.com\/no\/wp-json\/wp\/v2\/tags?post=137436"}],"curies":[{"name":"wp","href":"https:\/\/api.w.org\/{rel}","templated":true}]}}