{"id":137450,"date":"2026-01-14T19:06:06","date_gmt":"2026-01-14T19:06:06","guid":{"rendered":"https:\/\/www.europesays.com\/no\/137450\/"},"modified":"2026-01-14T19:06:06","modified_gmt":"2026-01-14T19:06:06","slug":"hoggestabben-no-kan-melde-oppbud-men-det-er-opp-til-kundene","status":"publish","type":"post","link":"https:\/\/www.europesays.com\/no\/137450\/","title":{"rendered":"Hoggestabben.no kan melde oppbud \u2013 men det er opp til kundene"},"content":{"rendered":"<p>Dette er e-posten i sin helhet<\/p>\n<p class=\"_paragraph_o9xde_4 _paragraph_xtcu6_10 _paragraph_16v91_10 layout-component text-serif-m layout-normal text-sans-m layout-padded\">Jeg heter Alen Jacob, eier og gr\u00fcnder av\u00a0Hoggestabben.no.<br \/>Dette er den vanskeligste oppdateringen jeg har m\u00e5ttet gi dere. Vi har jobbet lenge for \u00e5 stabilisere drift, sikre finansiering og komme \u00e0 jour med leveranser. N\u00e5 m\u00e5 vi se realitet i \u00f8ynene: Vi har ikke lykkes. <\/p>\n<p class=\"_paragraph_o9xde_4 _paragraph_xtcu6_10 _paragraph_16v91_10 layout-component text-serif-m layout-normal text-sans-m layout-padded\">Vi har ikke klart \u00e5 lande nye investorer i tide, og situasjonen har utviklet seg til et punkt der handlingsrommet v\u00e5rt er blitt sv\u00e6rt lite. Samtidig vil jeg si dette klart:\u00a0Jeg forst\u00e5r frustrasjonen deres. N\u00e5r man bestiller ved, bestiller man varme og trygghet. N\u00e5r vi ikke leverer som avtalt, er det et tillitsbrudd. <\/p>\n<p class=\"_paragraph_o9xde_4 _paragraph_xtcu6_10 _paragraph_16v91_10 layout-component text-serif-m layout-normal text-sans-m layout-padded\">Hoggestabben har levert 1,5 millioner sekker + p\u00e5 d\u00f8ren til v\u00e5re lojale kunder og det har v\u00e6rt til en pris som ligger 30-70% lavere enn prisene til konkurrentene tidligere \u00e5r.<\/p>\n<p class=\"_paragraph_o9xde_4 _paragraph_xtcu6_10 _paragraph_16v91_10 layout-component text-serif-m layout-normal text-sans-m layout-padded\">Store deler av dette har g\u00e5tt meget bra, men det som ikke har g\u00e5tt bra har v\u00e6rt s\u00e5 betydelig at det har v\u00e6rt nok til \u00e5 ramme oss s\u00e5 hardt som det har. Vi har spart forbrukere med over 40 millioner kroner og samtidig endret prisstrukturering i produktet p\u00e5 tvers av Europa. <\/p>\n<p class=\"_paragraph_o9xde_4 _paragraph_xtcu6_10 _paragraph_16v91_10 layout-component text-serif-m layout-normal text-sans-m layout-padded\">Dette har ikke v\u00e6rt g\u00e5tt tatt imot av andre i bransjen, men kommet v\u00e5re kunder sv\u00e6rt godt med.<\/p>\n<p class=\"_paragraph_o9xde_4 _paragraph_xtcu6_10 _paragraph_16v91_10 layout-component text-serif-m layout-normal text-sans-m layout-padded\">Kort oppsummert \u2013 hvor vi st\u00e5r n\u00e5<\/p>\n<p class=\"_paragraph_o9xde_4 _paragraph_xtcu6_10 _paragraph_16v91_10 layout-component text-serif-m layout-normal text-sans-m layout-padded\">\u2022 Investorprosesser har ikke g\u00e5tt i m\u00e5l. Vi har brukt mye tid og ressurser p\u00e5 dialoger, men de har vist seg sv\u00e6rt krevende \u00e5 lande innenfor tidsvinduet vi trengte.<\/p>\n<p class=\"_paragraph_o9xde_4 _paragraph_xtcu6_10 _paragraph_16v91_10 layout-component text-serif-m layout-normal text-sans-m layout-padded\">\u2022 Leverand\u00f8rleddet er under \u00f8kende press. Utfordringer i flere ledd har gjort leveranser mer ustabile og vanskeligere \u00e5 gjennomf\u00f8re.<\/p>\n<p class=\"_paragraph_o9xde_4 _paragraph_xtcu6_10 _paragraph_16v91_10 layout-component text-serif-m layout-normal text-sans-m layout-padded\">\u2022 Omfanget er stort. Vi har hatt betydelig aktivitet som selskap (omtrent 15\u201320 millioner kroner i inntekt er tapt bare de siste to m\u00e5neder, og utviklingen har gjort at vinterens forventede overskudd aldri kommer.<\/p>\n<p class=\"_paragraph_o9xde_4 _paragraph_xtcu6_10 _paragraph_16v91_10 layout-component text-serif-m layout-normal text-sans-m layout-padded\">\u2022 Vi jobber fortsatt for l\u00f8sninger, men m\u00e5 samtidig forberede oss p\u00e5 at videre h\u00e5ndtering kan skje gjennom konkursbo for driftsselskapet, dersom det ikke finnes realistiske alternativer i tide og i l\u00f8pet av de neste f\u00e5 dagene.<\/p>\n<p class=\"_paragraph_o9xde_4 _paragraph_xtcu6_10 _paragraph_16v91_10 layout-component text-serif-m layout-normal text-sans-m layout-padded\">\u2022 Det finnes fortsatt interesse for \u00e5 kj\u00f8pe\/videref\u00f8re\u00a0Hoggestabben.no, og dette vurderes som en mulig vei for \u00e5 gjenoppta drift og leveranser.<\/p>\n<p class=\"_paragraph_o9xde_4 _paragraph_xtcu6_10 _paragraph_16v91_10 layout-component text-serif-m layout-normal text-sans-m layout-padded\">Hva som har skjedd (uten bortforklaringer)<br \/>Jeg skal ikke gjemme meg bak kompliserte forklaringer, men dere fortjener en forst\u00e5elig forklaring p\u00e5 hvorfor dette ble s\u00e5 alvorlig: p\u00e5 et tidspunkt vil relevante saksdokumenter og lignende bli tilgjengelig for offentligheten.<\/p>\n<p class=\"_paragraph_o9xde_4 _paragraph_xtcu6_10 _paragraph_16v91_10 layout-component text-serif-m layout-normal text-sans-m layout-padded\">\u2022 Vi har over tid v\u00e6rt utsatt for alvorlige drifts- og leveranseforstyrrelser i verdikjeden. Konkrete sabotasje handlinger som \u00e5 ta imot forskuddsbetalinger for ved uten intensjon om \u00e5 leve opp til avtaler eller forpliktelser. Dette har skjedd p\u00e5 kryss og tvers av produsenter som har vist seg \u00e5 \u00e5penbart samarbeide om slikt.<\/p>\n<p class=\"_paragraph_o9xde_4 _paragraph_xtcu6_10 _paragraph_16v91_10 layout-component text-serif-m layout-normal text-sans-m layout-padded\">\u2022 Vi opplever at det har v\u00e6rt handlinger og motkrefter i markedet som har bidratt til \u00e5 svekke oss som oppstartsbedrift. (Jeg g\u00e5r ikke i detaljer her, av hensyn til prosesser som kan komme.)<\/p>\n<p class=\"_paragraph_o9xde_4 _paragraph_xtcu6_10 _paragraph_16v91_10 layout-component text-serif-m layout-normal text-sans-m layout-padded\">\u2022 Kombinasjonen av dette, sammen med svekket kreditt og h\u00f8y belastning p\u00e5 kundeservice, har til slutt gjort situasjonen uopprettelig presset p\u00e5 kort sikt. Det viktigste jeg kan si er: Dette er et stort nederlag. For dere, og for oss.<\/p>\n<p class=\"_paragraph_o9xde_4 _paragraph_xtcu6_10 _paragraph_16v91_10 layout-component text-serif-m layout-normal text-sans-m layout-padded\">Hva vi gj\u00f8r n\u00e5<br \/>Uansett utfall, s\u00e5 gj\u00f8r vi f\u00f8lgende n\u00e5:<br \/>\u2022 Vi fors\u00f8ker fortsatt \u00e5 sikre en l\u00f8sning som kan gjenoppta leveranser til ber\u00f8rte kunder \u2013 enten gjennom ny finansiering, ny eierstruktur, eller annen driftsl\u00f8sning.<\/p>\n<p class=\"_paragraph_o9xde_4 _paragraph_xtcu6_10 _paragraph_16v91_10 layout-component text-serif-m layout-normal text-sans-m layout-padded\">\u2022 Vi vurderer konkret interesse fra akt\u00f8rer som \u00f8nsker \u00e5 kj\u00f8pe\/videref\u00f8re\u00a0hoggestabben.no, fordi dette kan v\u00e6re en vei til \u00e5 f\u00e5 hjulene i gang igjen.<\/p>\n<p class=\"_paragraph_o9xde_4 _paragraph_xtcu6_10 _paragraph_16v91_10 layout-component text-serif-m layout-normal text-sans-m layout-padded\">\u2022 Jeg vil dedikere alle ressurser jeg har til \u00e5 drive inn utest\u00e5ende fordringer og forpliktelser som har bidratt til denne situasjonen \u2013 slik at mest mulig kan rettes opp og at det kan skapes grunnlag for l\u00f8sning.<\/p>\n<p class=\"_paragraph_o9xde_4 _paragraph_xtcu6_10 _paragraph_16v91_10 layout-component text-serif-m layout-normal text-sans-m layout-padded\">Viktig om forventninger og tidslinje<br \/>For \u00e5 v\u00e6re redelig:<\/p>\n<ul class=\"_list_o9xde_3 _list_xtcu6_9 _list_16v91_9 _unordered_o9xde_106 layout-component text-serif-m layout-normal text-sans-m layout-padded\">\n<li class=\"_item_o9xde_30\">Vi kan ikke gi en n\u00f8yaktig tidsplan for n\u00e5r alle ber\u00f8rte kunder f\u00e5r ved eller refundering.<\/li>\n<li class=\"_item_o9xde_30\">Vi kan ikke love at l\u00f8sning skjer innen en bestemt dato.<\/li>\n<li class=\"_item_o9xde_30\">Vi kan love at vi vil kommunisere status tydelig, og at vi vil jobbe for en l\u00f8sning som gir best mulig utfall for kundene.<\/li>\n<\/ul>\n<p class=\"_paragraph_o9xde_4 _paragraph_xtcu6_10 _paragraph_16v91_10 layout-component text-serif-m layout-normal text-sans-m layout-padded\">Hva vi trenger fra dere n\u00e5: et tydelig signal<br \/>Vi \u00f8nsker \u00e5 sp\u00f8rre dere \u2013 kundene v\u00e5re \u2013 om dere \u00f8nsker at\u00a0Hoggestabben.no\u00a0skal fors\u00f8ke \u00e5 reise seg igjen gjennom en l\u00f8sning som kan inneb\u00e6re ny drift, ny struktur og krevende prosesser for \u00e5 komme i m\u00e5l.<\/p>\n<p class=\"_paragraph_o9xde_4 _paragraph_xtcu6_10 _paragraph_16v91_10 layout-component text-serif-m layout-normal text-sans-m layout-padded\">Alternativ A:<\/p>\n<p class=\"_paragraph_o9xde_4 _paragraph_xtcu6_10 _paragraph_16v91_10 layout-component text-serif-m layout-normal text-sans-m layout-padded\">\u00a0Vi reiser oss og fors\u00f8ker \u00e5 komme i m\u00e5l <\/p>\n<p class=\"_paragraph_o9xde_4 _paragraph_xtcu6_10 _paragraph_16v91_10 layout-component text-serif-m layout-normal text-sans-m layout-padded\">Dette betyr at vi:<\/p>\n<ul class=\"_list_o9xde_3 _list_xtcu6_9 _list_16v91_9 _unordered_o9xde_106 layout-component text-serif-m layout-normal text-sans-m layout-padded\">\n<li class=\"_item_o9xde_30\">forf\u00f8lger krav og utest\u00e5ende fordringer,<\/li>\n<li class=\"_item_o9xde_30\">jobber for gjenopptatt drift gjennom ny l\u00f8sning (inkludert mulig salg\/videref\u00f8ring),<\/li>\n<li class=\"_item_o9xde_30\">og fors\u00f8ker \u00e5 levere til ber\u00f8rte kunder s\u00e5 langt det lar seg gj\u00f8re.<\/li>\n<li class=\"_item_o9xde_30\"\/>\n<li class=\"_item_o9xde_30\">SVAR HER:\u00a0https:\/\/forms.gle\/4nqFUUB3D2fMj43NA<\/li>\n<\/ul>\n<p class=\"_paragraph_o9xde_4 _paragraph_xtcu6_10 _paragraph_16v91_10 layout-component text-serif-m layout-normal text-sans-m layout-padded\">Alternativ B:\u00a0Vi melder oppbud og avslutter arbeidet<\/p>\n<p class=\"_paragraph_o9xde_4 _paragraph_xtcu6_10 _paragraph_16v91_10 layout-component text-serif-m layout-normal text-sans-m layout-padded\">Dette betyr at vi: <\/p>\n<ul class=\"_list_o9xde_3 _list_xtcu6_9 _list_16v91_9 _unordered_o9xde_106 layout-component text-serif-m layout-normal text-sans-m layout-padded\">\n<li class=\"_item_o9xde_30\">melder oppbud,<\/li>\n<li class=\"_item_o9xde_30\">og at videre h\u00e5ndtering av driftsselskapet skjer i regi av et eventuelt konkursbo, uten at vi aktivt jobber videre med gjenreisning.<\/li>\n<\/ul>\n<p class=\"_paragraph_o9xde_4 _paragraph_xtcu6_10 _paragraph_16v91_10 layout-component text-serif-m layout-normal text-sans-m layout-padded\">SVAR HER:\u00a0https:\/\/forms.gle\/4nqFUUB3D2fMj43NAMerk: Avstemming er et signal til oss om \u00f8nsket retning. Den endelige l\u00f8sningen vil avhenge av juridiske og \u00f8konomiske rammer. Praktisk informasjon (kort og tydelig) Vennligst vent p\u00e5 e-post fra oss for oppdatering knyttet til din sak n\u00e5r vi har avklaringer.<\/p>\n<ul class=\"_list_o9xde_3 _list_xtcu6_9 _list_16v91_9 _unordered_o9xde_106 layout-component text-serif-m layout-normal text-sans-m layout-padded\">\n<li class=\"_item_o9xde_30\">F\u00f8lg landingssiden\u00a0https:\/\/hoggestabben.no\/statusoppdatering\/\u00a0for l\u00f8pende status.<\/li>\n<li class=\"_item_o9xde_30\">Vi ber om forst\u00e5else for at sv\u00e6rt h\u00f8yt volum gj\u00f8r at svartid kan bli lengre enn normalt.<\/li>\n<\/ul>\n<p class=\"_paragraph_o9xde_4 _paragraph_xtcu6_10 _paragraph_16v91_10 layout-component text-serif-m layout-normal text-sans-m layout-padded\">Avslutningsvis<br \/>Jeg beklager oppriktig at dere st\u00e5r i dette. Jeg beklager uroen, tiden dere har brukt, og belastningen det skaper i en tid hvor mange trenger trygghet mest.<\/p>\n<p class=\"_paragraph_o9xde_4 _paragraph_xtcu6_10 _paragraph_16v91_10 layout-component text-serif-m layout-normal text-sans-m layout-padded\">Jeg \u00f8nsker at absolutt alle leveranser kommer til sitt rette og tiden vil vise at jeg st\u00e5r ved dette<\/p>\n<p class=\"_paragraph_o9xde_4 _paragraph_xtcu6_10 _paragraph_16v91_10 layout-component text-serif-m layout-normal text-sans-m layout-padded\">Med respekt,<br \/>Alen Jacob<br \/>Eier og gr\u00fcnder,\u00a0Hoggestabben.no<\/p>\n<p>Vis mer<\/p>\n","protected":false},"excerpt":{"rendered":"Dette er e-posten i sin helhet Jeg heter Alen Jacob, eier og gr\u00fcnder av\u00a0Hoggestabben.no.Dette er den vanskeligste oppdateringen&hellip;\n","protected":false},"author":2,"featured_media":137451,"comment_status":"","ping_status":"","sticky":false,"template":"","format":"standard","meta":{"footnotes":""},"categories":[56],"tags":[60,61,62,30,28,29,3440,11735],"class_list":{"0":"post-137450","1":"post","2":"type-post","3":"status-publish","4":"format-standard","5":"has-post-thumbnail","7":"category-naeringsliv","8":"tag-business","9":"tag-economy","10":"tag-naeringsliv","11":"tag-no","12":"tag-norge","13":"tag-norway","14":"tag-rettigheter","15":"tag-vedfyring"},"share_on_mastodon":{"url":"https:\/\/pubeurope.com\/@no\/115895021619322806","error":""},"_links":{"self":[{"href":"https:\/\/www.europesays.com\/no\/wp-json\/wp\/v2\/posts\/137450","targetHints":{"allow":["GET"]}}],"collection":[{"href":"https:\/\/www.europesays.com\/no\/wp-json\/wp\/v2\/posts"}],"about":[{"href":"https:\/\/www.europesays.com\/no\/wp-json\/wp\/v2\/types\/post"}],"author":[{"embeddable":true,"href":"https:\/\/www.europesays.com\/no\/wp-json\/wp\/v2\/users\/2"}],"replies":[{"embeddable":true,"href":"https:\/\/www.europesays.com\/no\/wp-json\/wp\/v2\/comments?post=137450"}],"version-history":[{"count":0,"href":"https:\/\/www.europesays.com\/no\/wp-json\/wp\/v2\/posts\/137450\/revisions"}],"wp:featuredmedia":[{"embeddable":true,"href":"https:\/\/www.europesays.com\/no\/wp-json\/wp\/v2\/media\/137451"}],"wp:attachment":[{"href":"https:\/\/www.europesays.com\/no\/wp-json\/wp\/v2\/media?parent=137450"}],"wp:term":[{"taxonomy":"category","embeddable":true,"href":"https:\/\/www.europesays.com\/no\/wp-json\/wp\/v2\/categories?post=137450"},{"taxonomy":"post_tag","embeddable":true,"href":"https:\/\/www.europesays.com\/no\/wp-json\/wp\/v2\/tags?post=137450"}],"curies":[{"name":"wp","href":"https:\/\/api.w.org\/{rel}","templated":true}]}}