{"id":137452,"date":"2026-01-14T19:07:42","date_gmt":"2026-01-14T19:07:42","guid":{"rendered":"https:\/\/www.europesays.com\/no\/137452\/"},"modified":"2026-01-14T19:07:42","modified_gmt":"2026-01-14T19:07:42","slug":"dronning-silvia-avslorer-ukjent-terrortrussel-under-ol-i-munchen","status":"publish","type":"post","link":"https:\/\/www.europesays.com\/no\/137452\/","title":{"rendered":"Dronning Silvia avsl\u00f8rer ukjent terrortrussel under OL i M\u00fcnchen"},"content":{"rendered":"<p class=\"kicker \" style=\"\">Dronning Silvia:\u00a0<\/p>\n<p>    Bare dager etter OL-terroren i 1972 fikk dronning Silvia en grusom beskjed. N\u00e5, 54 \u00e5r seinere, forteller hun om marerittet.\u00a0<\/p>\n<p>\n    UKJENT DRAMATIKK: Dronning Silvia var til stede under OL i M\u00fcnchen i 1972, da et terrorangrep f\u00f8rte til 17 d\u00f8dsfall. N\u00e5 forteller hun om en hittil ukjent situasjon som skjedde bare dager senere. Foto: SplashNews.com \/ NTB\n  <\/p>\n<p>Svenske dronning Silvia (82) har holdt p\u00e5 en hemmelighet i 54 \u00e5r. N\u00e5 letter hun p\u00e5 sl\u00f8ret i boka \u00abYrke: drottning: makten och m\u00f6jligheterna\u00bb.\u00a0<\/p>\n<p>    <a itemprop=\"url\" href=\"https:\/\/www.dagbladet.no\/kjendis\/hemmeligheten-ble-avslort\/84048618\" rel=\"nofollow noopener\" target=\"_blank\"><\/p>\n<p>        <img loading=\"lazy\" decoding=\"async\" src=\"https:\/\/www.europesays.com\/no\/wp-content\/uploads\/2026\/01\/1768417654_621_73378248.webp.webp\" width=\"980\" height=\"441\" title=\"Hemmeligheten ble avsl\u00f8rt\" alt=\"\" class=\"lazyload\" style=\"--aspect-ratio-image: 2.22; \"\/><\/p>\n<p>        Hemmeligheten ble avsl\u00f8rt<\/p>\n<p>    <\/a><\/p>\n<p> Boka samler en rekke lengre samtaler der dronning Silvia l\u00f8fter fram sider ved dronningrollen som sjeldent, eller aldri, har v\u00e6rt omtalt offentlig, skriver <a href=\"https:\/\/www.aftonbladet.se\/kungligt\/a\/vrAkew\/drottning-silvia-berattar-om-det-okanda-terrorhotet-under-os-i-munchen\" rel=\"nofollow noopener\" target=\"_blank\">Aftonbladet<\/a>.\u00a0<\/p>\n<p>En av historiene strekker seg 54 \u00e5r tilbake i tid, og gir et nytt innblikk i terrorhandlingen i M\u00fcnchen, som rystet hele verden i 1972.\u00a0<\/p>\n<p>        BLEMME: Det gikk i surr for kong Carl Gustaf da han skulle annonsere navnet p\u00e5 sitt nye barnebarn. <\/p>\n<p>Opplevde terroren p\u00e5 n\u00e6rt hold\t<\/p>\n<p>I 1972 var dronningen, som den gang het Silvia Sommerlath og var 29 \u00e5r gammel, i den tyske byen M\u00fcnchen for \u00e5 v\u00e6re sjefsvertinne under De olympiske lekene.<\/p>\n<p> Rollen som sjefsvertinne i verdens st\u00f8rste idrettsarrangement var noe Silvia hadde gjort seg fortjent til lenge f\u00f8r hun ble kongelig.\u00a0<\/p>\n<p>        <img loading=\"lazy\" decoding=\"async\" src=\"https:\/\/www.europesays.com\/no\/wp-content\/uploads\/2026\/01\/84095070.webp.webp\" width=\"686\" height=\"515\" title=\"SJEFSVERTINNE: Dronning Silvia var 29 \u00e5r gammel da hun var sjefsvertinne for De olympiske lekene i M\u00fcnchen i 1972. Foto: Keystone Pictures USA \/ NTB\" alt=\"\" class=\"\" style=\"--aspect-ratio-image: 1.33; \"\/><\/p>\n<p>\n        SJEFSVERTINNE: Dronning Silvia var 29 \u00e5r gammel da hun var sjefsvertinne for De olympiske lekene i M\u00fcnchen i 1972. Foto: Keystone Pictures USA \/ NTB\n    <\/p>\n<p>Hun behersket tysk, portugisisk, spansk, fransk og engelsk flytende, og hadde bakgrunnen som krevdes for \u00e5 h\u00e5ndtere VIP-gjester, diplomater og statsoverhoder, opplyser nettsiden til<a href=\"https:\/\/www.kungahuset.se\/english\/royal-house\/hm-the-queen\" class=\"\" rel=\"nofollow noopener\" target=\"_blank\">\u00a0det svenske kongehuset<\/a>.\u00a0<\/p>\n<p>    <a itemprop=\"url\" href=\"https:\/\/www.dagbladet.no\/kjendis\/trump-svarer-elsker-deportasjon\/84092039\" rel=\"nofollow noopener\" target=\"_blank\"><\/p>\n<p>        <img loading=\"lazy\" decoding=\"async\" src=\"https:\/\/www.europesays.com\/no\/wp-content\/uploads\/2026\/01\/83812974.webp.webp\" width=\"980\" height=\"441\" title=\"Trump svarer: - Elsker deportasjon\" alt=\"\" class=\"lazyload\" style=\"--aspect-ratio-image: 2.22; \"\/><\/p>\n<p>        Trump svarer: &#8211; Elsker deportasjon<\/p>\n<p>    <\/a><\/p>\n<p class=\"font-weight-bold m-font-weight-bold\" data-lab-font_weight=\"font-weight-bold\">Faktisk var det under OL i M\u00fcnchen at Silvia skulle m\u00f8te sin kommende ektemann, kong Carl Gustaf (79).\u00a0<\/p>\n<p> Oppholdet tok derimot en brutal vending da den palestinske terrorgruppen Black September tok seg inn i boligkvartalet til Israels utt\u00f8vere. Der drepte de to mennesker, og kidnappet ni gisler, skriver <a href=\"https:\/\/www.reuters.com\/lifestyle\/film-september-5-offers-new-perspective-olympic-tragedy-2025-02-05\/\" rel=\"nofollow noopener\" target=\"_blank\">Reuters<\/a>.\u00a0<\/p>\n<p>        <img loading=\"lazy\" decoding=\"async\" src=\"https:\/\/www.europesays.com\/no\/wp-content\/uploads\/2026\/01\/84095017.webp.webp\" width=\"667\" height=\"688\" title=\"AVBILDET: En av medlemmene av terroristorganisasjonen Black September avbildet p\u00e5 en av balkongene til Israels boligkvartal i OL-byen. Foto: EPU \/ NTB\" alt=\"\" class=\"\" style=\"--aspect-ratio-image: 0.97; \"\/><\/p>\n<p>\n        AVBILDET: En av medlemmene av terroristorganisasjonen Black September avbildet p\u00e5 en av balkongene til Israels boligkvartal i OL-byen. Foto: EPU \/ NTB\n    <\/p>\n<p>Etter at et redningsfors\u00f8k utviklet seg til skyting mellom politiet og terrorgruppen, ble alle ni gisler drept. Ogs\u00e5 fem palestinere og en tysk politimann omkom i kaoset.\u00a0<\/p>\n<p class=\"font-weight-bold m-font-weight-bold\" data-lab-font_weight=\"font-weight-bold\">ABC, som hadde sendt direkte fra OL-landsbyen i 14 sammenhengende timer under angrepet, delte utfallet av det mislykkede redningsfors\u00f8ket med ordene: \u00abDe er borte alle sammen\u00bb, if\u00f8lge oppslagsverket\u00a0<a href=\"https:\/\/www.britannica.com\/event\/Munich-Massacre\" rel=\"nofollow noopener\" target=\"_blank\">Britannica<\/a>.\u00a0<\/p>\n<p>        <img loading=\"lazy\" decoding=\"async\" src=\"https:\/\/www.europesays.com\/no\/wp-content\/uploads\/2026\/01\/84095295.webp.webp\" width=\"980\" height=\"559\" title=\"PROTEST: Etter at lekene ble gjenopptatt etter terroren ble det startet demonstrasjoner fra de som mente at mesterskapet burde ha blitt avlyst. Foto: EPU \/ NTB\" alt=\"\" class=\"\" style=\"--aspect-ratio-image: 1.75; \"\/><\/p>\n<p>\n        PROTEST: Etter at lekene ble gjenopptatt etter terroren ble det startet demonstrasjoner fra de som mente at mesterskapet burde ha blitt avlyst. Foto: EPU \/ NTB\n    <\/p>\n<p>Lekene ble umiddelbart satt p\u00e5 pause. Men de Vest-tyske myndighetene slo fast at terroristene ikke skulle f\u00e5 \u00f8delegge eller definere OL, og gjenopptok mesterskapet etter 24 timer.\u00a0<\/p>\n<p>    <a itemprop=\"url\" href=\"https:\/\/www.dagbladet.no\/kjendis\/mistet-sosteren\/84091547\" rel=\"nofollow noopener\" target=\"_blank\"><\/p>\n<p>        <img loading=\"lazy\" decoding=\"async\" src=\"https:\/\/www.europesays.com\/no\/wp-content\/uploads\/2026\/01\/83195329.webp.webp\" width=\"980\" height=\"441\" title=\"Mistet s\u00f8steren\" alt=\"\" class=\"lazyload\" style=\"--aspect-ratio-image: 2.22; \"\/><\/p>\n<p>        Mistet s\u00f8steren<\/p>\n<p>    <\/a><\/p>\n<p>Sikkerheten ble ogs\u00e5 kraftig skjerpet, og frykten for nye angrep hang tungt over arrangementet. Det virket tilsynelatende som at resten av lekene gikk fredelig for seg.\u00a0<\/p>\n<p class=\"font-weight-bold m-font-weight-bold\" data-lab-font_weight=\"font-weight-bold\">If\u00f8lge Silvia er dette langt fra sannheten.\u00a0<\/p>\n<p>        <img loading=\"lazy\" decoding=\"async\" src=\"https:\/\/www.europesays.com\/no\/wp-content\/uploads\/2026\/01\/84095162.webp.webp\" width=\"686\" height=\"549\" title=\"HYLLET: Dagen etter terrorangrepet ble det avholdt en minneh\u00f8ytidelighet p\u00e5 stadion for \u00e5 minnes de drepte. OL-flagget var p\u00e5 halv stang, og alle deltagerne sto samlet ute p\u00e5 gressmatten. Foto: EPU \/ NTB\" alt=\"\" class=\"\" style=\"--aspect-ratio-image: 1.25; \"\/><\/p>\n<p>\n        HYLLET: Dagen etter terrorangrepet ble det avholdt en minneh\u00f8ytidelighet p\u00e5 stadion for \u00e5 minnes de drepte. OL-flagget var p\u00e5 halv stang, og alle deltagerne sto samlet ute p\u00e5 gressmatten. Foto: EPU \/ NTB\n    <\/p>\n<p>&#8211; Det var forferdelig\t<\/p>\n<p>Dronningen var p\u00e5 jobb blant VIP-gjestene under avslutningsseremonien av De olympiske lekene da hun plutselig fikk en sjokkerende beskjed:\u00a0<\/p>\n<p class=\"font-weight-bold m-font-weight-bold\" data-lab-font_weight=\"font-weight-bold\">Et fullsatt passasjerfly var angivelig p\u00e5 kollisjonskurs med OL-stadioen.<\/p>\n<p>&#8211; Det var forferdelig, sier Silvia om \u00f8yeblikket da hun fikk vite om et nytt mulig angrep, bare dager etter at 17 mennesker hadde mistet livet.\u00a0<\/p>\n<p>        <img loading=\"lazy\" decoding=\"async\" src=\"https:\/\/www.europesays.com\/no\/wp-content\/uploads\/2026\/01\/84095210.webp.webp\" width=\"667\" height=\"574\" title=\"M\u00dcNCHEN: I desember i fjor tok Sveriges dronning Silvia turen tilbake til M\u00fcnchen p\u00e5 offisielt bes\u00f8k, der hun ble tatt imot av Bayerns delstatsminister Markus S\u00f6der. Foto: Heiko Becker\/Reuters\/NTB\" alt=\"\" class=\"\" style=\"--aspect-ratio-image: 1.16; \"\/><\/p>\n<p>\n        M\u00dcNCHEN: I desember i fjor tok Sveriges dronning Silvia turen tilbake til M\u00fcnchen p\u00e5 offisielt bes\u00f8k, der hun ble tatt imot av Bayerns delstatsminister Markus S\u00f6der. Foto: Heiko Becker\/Reuters\/NTB\n    <\/p>\n<p> Det er f\u00f8rste gang hun snakker om hendelsen, men hun husker mye av det som skjedde for 54 \u00e5r siden, skriver Aftonbladet.\u00a0<\/p>\n<p>Stadion var fylt av rundt 80 000 tilskuere. En evakuering skal ha blitt vurdert, men raskt avvist. Frykten var at panikk kunne forverre situasjonen.<\/p>\n<p>    <a itemprop=\"url\" href=\"https:\/\/www.dagbladet.no\/kjendis\/vi-har-aldri-mott-hverandre\/84089951\" rel=\"nofollow noopener\" target=\"_blank\"><\/p>\n<p>        <img loading=\"lazy\" decoding=\"async\" src=\"https:\/\/www.europesays.com\/no\/wp-content\/uploads\/2026\/01\/84090566.webp.webp\" width=\"980\" height=\"441\" title=\"- Vi har aldri m\u00f8tt hverandre\" alt=\"\" class=\"lazyload\" style=\"--aspect-ratio-image: 2.22; \"\/><\/p>\n<p>        &#8211; Vi har aldri m\u00f8tt hverandre<\/p>\n<p>    <\/a><\/p>\n<p>&#8211; Man m\u00e5 holde seg rolig. Det ville ikke v\u00e6rt mulig \u00e5 evakuere 80 000 mennesker. Det ville ha skapt panikk og kanskje f\u00f8rt til en enda mer alvorlig situasjon, sier dronningen.<\/p>\n<p>        <img loading=\"lazy\" decoding=\"async\" src=\"https:\/\/www.europesays.com\/no\/wp-content\/uploads\/2026\/01\/84093167.webp.webp\" width=\"667\" height=\"688\" title=\"ALVOR: Det har tatt dronningen 54 \u00e5r \u00e5 fortelle sannheten om hva som skjedde under avslutningsseremonien til OL i M\u00fcnchen i 1972. Foto: People Picture\/Alexandra Pauli\/Shutterstock\/NTB\" alt=\"\" class=\"\" style=\"--aspect-ratio-image: 0.97; \"\/><\/p>\n<p>\n        ALVOR: Det har tatt dronningen 54 \u00e5r \u00e5 fortelle sannheten om hva som skjedde under avslutningsseremonien til OL i M\u00fcnchen i 1972. Foto: People Picture\/Alexandra Pauli\/Shutterstock\/NTB\n    <\/p>\n<p>Luftrommet over M\u00fcnchen ble stengt, og jagerfly ble sendt opp. Planen var \u00e5 tvinge flyet til \u00e5 lande, og i ytterste konsekvens skyte det ned.<\/p>\n<p>&#8211; Det ble raskt besluttet \u00e5 stenge luftrommet. Jagerfly skulle fors\u00f8ke \u00e5 f\u00e5 flyet til \u00e5 lande, forteller dronningen i boken.<\/p>\n<p>        SESONG 2: Denne vinteren tar \u00d8ystein Pettersen med en ny gjeng ut p\u00e5 eventyr i sesong 2 av \u00abTeam P\u00f8lsa\u00bb. <\/p>\n<p>Like f\u00f8r en eventuell nedskyting tok piloten kontakt med flykontrollen. Det viste seg \u00e5 v\u00e6re et finsk passasjerfly med tekniske problemer som hadde kommet ut av kurs.\u00a0<\/p>\n<p>Ingen av tilskuerne p\u00e5 stadion ble informert om hendelsen den gang, if\u00f8lge Aftonbladet.\u00a0\u00a0<\/p>\n","protected":false},"excerpt":{"rendered":"Dronning Silvia:\u00a0 Bare dager etter OL-terroren i 1972 fikk dronning Silvia en grusom beskjed. N\u00e5, 54 \u00e5r seinere,&hellip;\n","protected":false},"author":2,"featured_media":137453,"comment_status":"","ping_status":"","sticky":false,"template":"","format":"standard","meta":{"footnotes":""},"categories":[12],"tags":[20,21,5036,8360,24,25,15,479,76,22,23,13,30,28,29,14,526,16,3686,26,27,42,43,44,45],"class_list":{"0":"post-137452","1":"post","2":"type-post","3":"status-publish","4":"format-standard","5":"has-post-thumbnail","7":"category-verden","8":"tag-breaking-news","9":"tag-breakingnews","10":"tag-det-svenske-kongehuset","11":"tag-dronning-silvia","12":"tag-featured-news","13":"tag-featurednews","14":"tag-headlines","15":"tag-kjendis","16":"tag-kongelig","17":"tag-latest-news","18":"tag-latestnews","19":"tag-news","20":"tag-no","21":"tag-norge","22":"tag-norway","23":"tag-nyheter","24":"tag-ol","25":"tag-overskrifter","26":"tag-terror","27":"tag-top-stories","28":"tag-topstories","29":"tag-verden","30":"tag-world","31":"tag-world-news","32":"tag-worldnews"},"share_on_mastodon":{"url":"https:\/\/pubeurope.com\/@no\/115895025386561078","error":""},"_links":{"self":[{"href":"https:\/\/www.europesays.com\/no\/wp-json\/wp\/v2\/posts\/137452","targetHints":{"allow":["GET"]}}],"collection":[{"href":"https:\/\/www.europesays.com\/no\/wp-json\/wp\/v2\/posts"}],"about":[{"href":"https:\/\/www.europesays.com\/no\/wp-json\/wp\/v2\/types\/post"}],"author":[{"embeddable":true,"href":"https:\/\/www.europesays.com\/no\/wp-json\/wp\/v2\/users\/2"}],"replies":[{"embeddable":true,"href":"https:\/\/www.europesays.com\/no\/wp-json\/wp\/v2\/comments?post=137452"}],"version-history":[{"count":0,"href":"https:\/\/www.europesays.com\/no\/wp-json\/wp\/v2\/posts\/137452\/revisions"}],"wp:featuredmedia":[{"embeddable":true,"href":"https:\/\/www.europesays.com\/no\/wp-json\/wp\/v2\/media\/137453"}],"wp:attachment":[{"href":"https:\/\/www.europesays.com\/no\/wp-json\/wp\/v2\/media?parent=137452"}],"wp:term":[{"taxonomy":"category","embeddable":true,"href":"https:\/\/www.europesays.com\/no\/wp-json\/wp\/v2\/categories?post=137452"},{"taxonomy":"post_tag","embeddable":true,"href":"https:\/\/www.europesays.com\/no\/wp-json\/wp\/v2\/tags?post=137452"}],"curies":[{"name":"wp","href":"https:\/\/api.w.org\/{rel}","templated":true}]}}