{"id":137454,"date":"2026-01-14T19:08:09","date_gmt":"2026-01-14T19:08:09","guid":{"rendered":"https:\/\/www.europesays.com\/no\/137454\/"},"modified":"2026-01-14T19:08:09","modified_gmt":"2026-01-14T19:08:09","slug":"melding-om-trafikkulykke-pa-ringerike-fremstar-alvorlig","status":"publish","type":"post","link":"https:\/\/www.europesays.com\/no\/137454\/","title":{"rendered":"Melding om trafikkulykke p\u00e5 Ringerike \u2013 Fremst\u00e5r alvorlig"},"content":{"rendered":"\n<p class=\"_lead_o9xde_2 _lead_xtcu6_50 layout-component text-serif-m layout-normal text-serif-l layout-component layout-wide layout-padded _wide_17hqh_1 layout-padded\">N\u00f8detatene er framme p\u00e5 Ringerike p\u00e5 riksvei 7. <\/p>\n<ul aria-hidden=\"true\" class=\"_images_ntbth_112\">\n<li><a class=\"_link_ntbth_117\" href=\"https:\/\/www.vg.no\/forfatter\/hedda-kurseth\" style=\"z-index:2\" title=\"Hedda Kurseth\" rel=\"nofollow noopener\" target=\"_blank\"><img alt=\"Bilde av Hedda Kurseth\" class=\"_image_ntbth_93\" fetchpriority=\"low\" loading=\"lazy\" decoding=\"async\" itemprop=\"image\"  src=\"https:\/\/www.europesays.com\/no\/wp-content\/uploads\/2026\/01\/1768417687_945_b6ad06ce-2f4e-4492-9dd9-7cfbdae81f6d.jpeg\"  width=\"480\"\/><\/a><\/li>\n<li><a class=\"_link_ntbth_117\" href=\"https:\/\/www.vg.no\/forfatter\/svanhild-boee\" style=\"z-index:1\" title=\"Svanhild B\u00f8e\" rel=\"nofollow noopener\" target=\"_blank\"><img alt=\"Bilde av Svanhild B\u00f8e\" class=\"_image_ntbth_93\" fetchpriority=\"low\" loading=\"lazy\" decoding=\"async\" itemprop=\"image\"  src=\"https:\/\/www.europesays.com\/no\/wp-content\/uploads\/2026\/01\/1768417687_987_2c6a983e-8ef8-4c60-8e5a-75c7e7bc3314.jpeg\"  width=\"480\"\/><\/a><\/li>\n<\/ul>\n<p> Oppdatert onsdag 14. januar kl. 19:58     <\/p>\n<p class=\"_paragraph_o9xde_4 _paragraph_xtcu6_10 layout-component text-serif-m layout-normal text-serif-m layout-padded\">\u2013 Det er en m\u00f8teulykke mellom to biler. Det ble f\u00f8rst meldt at det var seks personer involvert, det viser seg n\u00e5 at det er fire personer involvert. Minste tre av dem er skadet, opplyser operasjonsleder Christian Fredrik de Boer Prytz. <\/p>\n<p class=\"_paragraph_o9xde_4 _paragraph_xtcu6_10 layout-component text-serif-m layout-normal text-serif-m layout-padded\">De tre satt i samme bil. En av de betegnes som kritisk skadet. <\/p>\n<p class=\"_paragraph_o9xde_4 _paragraph_xtcu6_10 layout-component text-serif-m layout-normal text-serif-m layout-padded\">\u2013 Det er ikke direkte front mot front, men en form for m\u00f8teulykke. Minst en av bilene har kommet over i motg\u00e5ende kj\u00f8refelt, men det er for tidlig \u00e5 si hva som har skjedd, opplyser operasjonsleder Roger Aaser. <\/p>\n<p class=\"_paragraph_o9xde_4 _paragraph_xtcu6_10 layout-component text-serif-m layout-normal text-serif-m layout-padded\">\u2013 Det fremst\u00e5r som en alvorlig ulykke. Ulykkesgruppa til Statens vegvesen og politiets kriminalteknikere er varslet og p\u00e5 vei, skriver operasjonsleder Christian Fredrik de Boer Prytz.<\/p>\n<p class=\"_paragraph_o9xde_4 _paragraph_xtcu6_10 layout-component text-serif-m layout-normal text-serif-m layout-padded\">Luftambulanse er varslet og straks fremme. <\/p>\n<p class=\"_paragraph_o9xde_4 _paragraph_xtcu6_10 layout-component text-serif-m layout-normal text-serif-m layout-padded\">\u2013 Veien er stengt p\u00e5 stedet. Vi har forel\u00f8pig ikke sikker identitet p\u00e5 alle de involverte, opplyser Roger Aaser, operasjonsleder. <\/p>\n<p class=\"_paragraph_o9xde_4 _paragraph_xtcu6_10 layout-component text-serif-m layout-normal text-serif-m layout-padded\">Han avslutter med \u00e5 fortelle at det blir tatt fortl\u00f8pende vurderinger om det er mulig \u00e5 dirigere trafikk forbi stedet. <\/p>\n<p class=\"_paragraph_o9xde_4 _paragraph_xtcu6_10 layout-component text-serif-m layout-normal text-serif-m layout-padded\">\u2013 Forel\u00f8pig er det ikke plass til \u00e5 komme forbi, det vil nok ta litt tid. <\/p>\n<p>Rettelse<\/p>\n<p class=\"_paragraph_o9xde_4\">VG fikk f\u00f8rst opplyst av politiet at det var seks involverte i ulykken. Det stemmer ikke, det er fire personer involvert i ulykken. Rettelsen ble gjort 19.38 14.01.2026. <\/p>\n<p>    <img decoding=\"async\" alt=\"Tips oss illustrasjon\" src=\"https:\/\/www.europesays.com\/no\/wp-content\/uploads\/2025\/10\/pssst-small.webp.webp\"\/>    <\/p>\n<p class=\"title-serif-s\">Har du tips?<\/p>\n<p class=\"text-sans-m\">Send oss informasjon, bilder eller video.<\/p>\n<p>  <a href=\"https:\/\/www.vg.no\/tips-oss\" rel=\"nofollow noopener\" target=\"_blank\"> Tips oss <\/a>      <\/p>\n","protected":false},"excerpt":{"rendered":"N\u00f8detatene er framme p\u00e5 Ringerike p\u00e5 riksvei 7. Oppdatert onsdag 14. januar kl. 19:58 \u2013 Det er en&hellip;\n","protected":false},"author":2,"featured_media":137455,"comment_status":"","ping_status":"","sticky":false,"template":"","format":"standard","meta":{"footnotes":""},"categories":[10],"tags":[31,20,21,24,25,15,22,23,13,30,28,29,14,16,26,27],"class_list":{"0":"post-137454","1":"post","2":"type-post","3":"status-publish","4":"format-standard","5":"has-post-thumbnail","7":"category-norge","8":"tag-breaking","9":"tag-breaking-news","10":"tag-breakingnews","11":"tag-featured-news","12":"tag-featurednews","13":"tag-headlines","14":"tag-latest-news","15":"tag-latestnews","16":"tag-news","17":"tag-no","18":"tag-norge","19":"tag-norway","20":"tag-nyheter","21":"tag-overskrifter","22":"tag-top-stories","23":"tag-topstories"},"share_on_mastodon":{"url":"https:\/\/pubeurope.com\/@no\/115895029514049671","error":""},"_links":{"self":[{"href":"https:\/\/www.europesays.com\/no\/wp-json\/wp\/v2\/posts\/137454","targetHints":{"allow":["GET"]}}],"collection":[{"href":"https:\/\/www.europesays.com\/no\/wp-json\/wp\/v2\/posts"}],"about":[{"href":"https:\/\/www.europesays.com\/no\/wp-json\/wp\/v2\/types\/post"}],"author":[{"embeddable":true,"href":"https:\/\/www.europesays.com\/no\/wp-json\/wp\/v2\/users\/2"}],"replies":[{"embeddable":true,"href":"https:\/\/www.europesays.com\/no\/wp-json\/wp\/v2\/comments?post=137454"}],"version-history":[{"count":0,"href":"https:\/\/www.europesays.com\/no\/wp-json\/wp\/v2\/posts\/137454\/revisions"}],"wp:featuredmedia":[{"embeddable":true,"href":"https:\/\/www.europesays.com\/no\/wp-json\/wp\/v2\/media\/137455"}],"wp:attachment":[{"href":"https:\/\/www.europesays.com\/no\/wp-json\/wp\/v2\/media?parent=137454"}],"wp:term":[{"taxonomy":"category","embeddable":true,"href":"https:\/\/www.europesays.com\/no\/wp-json\/wp\/v2\/categories?post=137454"},{"taxonomy":"post_tag","embeddable":true,"href":"https:\/\/www.europesays.com\/no\/wp-json\/wp\/v2\/tags?post=137454"}],"curies":[{"name":"wp","href":"https:\/\/api.w.org\/{rel}","templated":true}]}}