{"id":137456,"date":"2026-01-14T19:09:44","date_gmt":"2026-01-14T19:09:44","guid":{"rendered":"https:\/\/www.europesays.com\/no\/137456\/"},"modified":"2026-01-14T19:09:44","modified_gmt":"2026-01-14T19:09:44","slug":"opplever-okt-stotte-til-olje-og-gass-veldig-gledelig","status":"publish","type":"post","link":"https:\/\/www.europesays.com\/no\/137456\/","title":{"rendered":"Opplever \u00f8kt st\u00f8tte til olje og gass: \u2013 Veldig gledelig"},"content":{"rendered":"\n<p>Oppsummeringen er laget med kunstig intelligens og kvalitetssikret av E24s journalister.<\/p>\n<ul class=\"_list_snl99_3 _list_16a6p_108 _unordered_snl99_109 _textTheme_1yhmn_1 body-small\">\n<li class=\"_item_snl99_34\">En \u00f8kende andel av nordmenn st\u00f8tter \u00e5 opprettholde olje- og gassn\u00e6ringen, if\u00f8lge en unders\u00f8kelse bransjeorganisasjonen Offshore Norge har f\u00e5tt utf\u00f8rt.<\/li>\n<li class=\"_item_snl99_34\">Andelen som \u00f8nsker fortsatt leting etter olje og gass har ogs\u00e5 \u00f8kt, viser unders\u00f8kelsen.<\/li>\n<li class=\"_item_snl99_34\">Offshore Norge mener at petroleumsvirksomheten er viktig b\u00e5de norsk \u00f8konomi og arbeidsplasser, og for Europas energisikkerhet. Det st\u00f8ttes av partier som Sp og Frp.<\/li>\n<li class=\"_item_snl99_34\">Fr\u00f8ya Sjurs\u00e6ther (MDG) sier at klimasaken ikke blir mindre viktig fordi om f\u00e6rre bryr seg om den, og mener det ikke er rom for \u00e5 hente ut mer olje og gass globalt enn det som allerede er funnet.<\/li>\n<\/ul>\n<p>Vis mer <\/p>\n<p class=\"_paragraph_snl99_4 _paragraph_1fmmc_7 layout-component layout-normal body-medium layout-padded\">Det siste \u00e5ret har nordmenn blitt mer positive til \u00e5 opprettholde olje- og gassn\u00e6ringen, og til \u00e5 lete etter mer olje og gass.<\/p>\n<p class=\"_paragraph_snl99_4 _paragraph_1fmmc_7 layout-component layout-normal body-medium layout-padded\">Det viser en fersk unders\u00f8kelse som er utf\u00f8rt for bransjeorganisasjonen Offshore Norge.<\/p>\n<p><img alt=\"Styreleder Marianne Olsnes i Offshore Norge.\" class=\"_image_c08te_90 layout-component layout-normal\" data-fullscreen- data-track-element-type=\"Article image fullscreen\" data-track-name=\"ImageFullscreen\" decoding=\"async\" loading=\"lazy\" height=\"6000\" itemprop=\"image\"  src=\"https:\/\/www.europesays.com\/no\/wp-content\/uploads\/2026\/01\/74a4d2a5-780f-4dd0-a768-f2d4e087805e.jpeg\"  style=\"object-position:44.3% 34.516666666666666%\" width=\"4000\"\/>Styreleder Marianne Olsnes i Offshore Norge.Vis mer<\/p>\n<p>Foto: Stian Lysberg Solum \/ NTB<\/p>\n<p class=\"_paragraph_snl99_4 _paragraph_1fmmc_7 layout-component layout-normal body-medium layout-padded\">\u2013 Det er fantastisk kjekt \u00e5 se at industrien har s\u00e5 mye st\u00f8tte, p\u00e5 tvers av landsdeler, kj\u00f8nn, alder og partier, sier styreleder Marianne Olsnes i Offshore Norge, som ogs\u00e5 leder Shells norske virksomhet.<\/p>\n<p class=\"_paragraph_snl99_4 _paragraph_1fmmc_7 layout-component layout-normal body-medium layout-padded\"><strong class=\"_strong_snl99_25\">\u2013 Det er bred og \u00f8kende st\u00f8tte til n\u00e6ringen, og det er veldig gledelig, sier hun.<\/strong><\/p>\n<p class=\"_paragraph_snl99_4 _paragraph_1fmmc_7 layout-component layout-normal body-medium layout-padded\">Tirsdag samles olje- og gassn\u00e6ringen p\u00e5 den \u00e5rlige Sandefjordkonferansen, hvor regjeringen bruker \u00e5 offentliggj\u00f8re hvem som f\u00e5r nye lisenser etter TFO-ordningenen ordning for olje- og gasslisenser i modne omr\u00e5der.<\/p>\n<p><a class=\"_link_1hyue_61\" data-track-id=\"teaser:Rj95K2\" data-track-impression=\"true\" data-track-name=\"\u2013 N\u00f8dvendig \u00e5 satse massivt p\u00e5 leting\" data-track-element-size=\"small\" data-track-element-type=\"Teaser\" data-track-image-url=\"https:\/\/www.europesays.com\/no\/wp-content\/uploads\/2026\/01\/43576ba0-c776-4f07-b991-52697a73d3c9.jpeg\" data-track-layout-name=\"image:right\" data-track-position-source=\"related-article\" href=\"https:\/\/e24.no\/energi-og-klima\/i\/Rj95K2\/noedvendig-aa-satse-massivt-paa-leting\" rel=\"nofollow noopener\" target=\"_blank\"><\/p>\n<p class=\"label-small _kicker_1hyue_27\">Les ogs\u00e5<\/p>\n<p>\u2013 N\u00f8dvendig \u00e5 satse massivt p\u00e5 leting<img decoding=\"async\" alt=\"\" class=\"_image_1hyue_16\" height=\"3719\" loading=\"lazy\"  src=\"https:\/\/www.europesays.com\/no\/wp-content\/uploads\/2026\/01\/43576ba0-c776-4f07-b991-52697a73d3c9.jpeg\"  width=\"5578\"\/><\/a>Flere vil lete videre<\/p>\n<p class=\"_paragraph_snl99_4 _paragraph_1fmmc_7 layout-component layout-normal body-medium layout-padded\">Dette er noen av funnene i unders\u00f8kelsen:<\/p>\n<ul class=\"_list_snl99_3 _list_1fmmc_6 _unordered_snl99_109 _textTheme_1yhmn_1 layout-component layout-normal body-medium layout-padded\">\n<li class=\"_item_snl99_34\">78 prosent av de spurte mener det er viktig \u00e5 opprettholde olje- og gassn\u00e6ringenSp\u00f8rsm\u00e5lsteksten var: \u00abEr du enig eller uenig i f\u00f8lgende p\u00e5stander? Det er viktig \u00e5 opprettholde norsk olje- og gassn\u00e6ring\u00bb, opp fra 70 prosent i fjor<\/li>\n<li class=\"_item_snl99_34\">69 prosent st\u00f8tter fortsatt leting etter olje og gassSp\u00f8rsm\u00e5lsteksten var: \u00abEr du enig eller uenig i f\u00f8lgende p\u00e5stander? Norge b\u00f8r fortsette \u00e5 lete etter olje og gass\u00bb, opp fra 59 prosent for ett \u00e5r siden<\/li>\n<li class=\"_item_snl99_34\">59 prosent \u00f8nsker ikke \u00e5 sette en sluttdato for olje og gassSp\u00f8rsm\u00e5lsteksten var: \u00abEr du enig eller uenig i f\u00f8lgende p\u00e5stander? Norge b\u00f8r sette en sluttdato for olje- og gassvirksomheten\u00bb, opp fra 51 prosent i fjor<\/li>\n<\/ul>\n<p class=\"_paragraph_snl99_4 _paragraph_1fmmc_7 layout-component layout-normal body-medium layout-padded\">Unders\u00f8kelsen med rundt 3.000 spurte er utf\u00f8rt i november og desember i fjor av Norsk Gallup \/ Kantar Media p\u00e5 vegne av Verian, med Offshore Norge som oppdragsgiver.<\/p>\n<p><a class=\"_link_1hyue_61\" data-track-id=\"teaser:V6lWwl\" data-track-impression=\"true\" data-track-name=\"Enige om statsbudsjettet: \u2013 Siste kapittel i norsk oljehistorie\" data-track-element-size=\"small\" data-track-element-type=\"Teaser\" data-track-image-url=\"https:\/\/www.europesays.com\/no\/wp-content\/uploads\/2026\/01\/86689510-b3df-44c8-9467-86a0e1147555.jpeg\" data-track-layout-name=\"image:right\" data-track-position-source=\"related-article\" href=\"https:\/\/e24.no\/norsk-oekonomi\/i\/V6lWwl\/moetemaraton-i-budsjettdramaet-alle-partiene-maa-bidra\" rel=\"nofollow noopener\" target=\"_blank\"><\/p>\n<p class=\"label-small _kicker_1hyue_27\">Les ogs\u00e5<\/p>\n<p>Enige om statsbudsjettet: \u2013 Siste kapittel i norsk oljehistorie<img decoding=\"async\" alt=\"\" class=\"_image_1hyue_16\" height=\"5522\" loading=\"lazy\"  src=\"https:\/\/www.europesays.com\/no\/wp-content\/uploads\/2026\/01\/86689510-b3df-44c8-9467-86a0e1147555.jpeg\"  width=\"8283\"\/><\/a>Peker p\u00e5 sikkerhetspolitikken<\/p>\n<p class=\"_paragraph_snl99_4 _paragraph_1fmmc_7 layout-component layout-normal body-medium layout-padded\">\u2013 Hvorfor har oppslutningen om virksomheten og letingen \u00f8kt?<\/p>\n<p class=\"_paragraph_snl99_4 _paragraph_1fmmc_7 layout-component layout-normal body-medium layout-padded\">\u2013 Det vet vi ikke med sikkerhet, men jeg h\u00e5per at flere forst\u00e5r hvor viktig norske energileveranser til Europa i den sikkerhetspolitiske situasjonen vi st\u00e5r i, sier Olsnes.<\/p>\n<p class=\"_paragraph_snl99_4 _paragraph_1fmmc_7 layout-component layout-normal body-medium layout-padded\">Hun p\u00e5peker at det har v\u00e6rt en del oppmerksomhet rundt olje og gass b\u00e5de i <a href=\"https:\/\/e24.no\/energi-og-klima\/i\/Vzmrz1\/full-oljestrid-vi-frykter-et-stort-inntektstap\" class=\"_link_snl99_43\" rel=\"nofollow noopener\" target=\"_blank\">valgkampen<\/a> og <a href=\"https:\/\/e24.no\/norsk-oekonomi\/i\/RzkOnx\/stoeres-fire-budsjettpartnere-dette-er-snublesteinene\" class=\"_link_snl99_43\" rel=\"nofollow noopener\" target=\"_blank\">budsjettforhandlingene<\/a> f\u00f8r jul.<\/p>\n<p class=\"_paragraph_snl99_4 _paragraph_1fmmc_7 layout-component layout-normal body-medium layout-padded\">\u2013 Det er ofte h\u00f8ylytt debatt rundt oljen, men jeg tror de fleste forst\u00e5r at det er viktig \u00e5 opprettholde bransjen for norsk \u00f8konomi og arbeidsplasser, og for Europas energisikkerhet, sier Olsnes.<\/p>\n<p>St\u00f8tten \u00f8ker i alle velgergrupper<\/p>\n<p class=\"_paragraph_snl99_4 _paragraph_1fmmc_7 _paragraph_jno8j_20 layout-component layout-normal body-small layout-padded\">St\u00f8tten til \u00e5 opprettholde olje- og gassn\u00e6ringen har \u00f8kt i alle velgergrupper fra i fjor, if\u00f8lge unders\u00f8kelsen Offshore Norge har f\u00e5tt utf\u00f8rt.<\/p>\n<p class=\"_paragraph_snl99_4 _paragraph_1fmmc_7 _paragraph_jno8j_20 layout-component layout-normal body-small layout-padded\">Blant de tradisjonelt oljeskeptiske partiene \u00f8nsker 38 prosent av SV-velgerne og 24 prosent av MDG-velgerne \u00e5 opprettholde olje- og gassn\u00e6ringen. 54 prosent av R\u00f8dt-velgerne st\u00f8tter \u00e5 opprettholde n\u00e6ringen, if\u00f8lge unders\u00f8kelsen.<\/p>\n<p class=\"_paragraph_snl99_4 _paragraph_1fmmc_7 _paragraph_jno8j_20 layout-component layout-normal body-small layout-padded\">St\u00f8tten er 61 prosent blant Venstre-velgerne og 91 prosent blant KrF-velgerne.<\/p>\n<p class=\"_paragraph_snl99_4 _paragraph_1fmmc_7 _paragraph_jno8j_20 layout-component layout-normal body-small layout-padded\">Blant de mest oljepositive partiene vil 98 prosent av Frp-velgerne opprettholde olje- og gassn\u00e6ringen. St\u00f8tten er 95 prosent blant Sp-velgere, 94 prosent hos H\u00f8yre-velgere og 81 prosent hos Ap-velgere, viser unders\u00f8kelsen.<\/p>\n<p class=\"_paragraph_snl99_4 _paragraph_1fmmc_7 _paragraph_jno8j_20 layout-component layout-normal body-small layout-padded\">Andelen som sier nei har ogs\u00e5 g\u00e5tt ned, if\u00f8lge unders\u00f8kelsen:<\/p>\n<ul class=\"_list_snl99_3 _list_1fmmc_6 _list_jno8j_19 _unordered_snl99_109 _textTheme_1yhmn_1 layout-component layout-normal body-small layout-padded\">\n<li class=\"_item_snl99_34\">15 prosent svarer \u00abnei\u00bb til at det er viktig \u00e5 opprettholde n\u00e6ringen, ned fra 19 prosent i fjor<\/li>\n<li class=\"_item_snl99_34\">25 prosent er mot \u00e5 lete etter mer olje og gass, ned fra 29 prosent for ett \u00e5r siden<\/li>\n<li class=\"_item_snl99_34\">andelen som \u00f8nsker en sluttdato for olje- og gassvirksomheten er p\u00e5 31 prosent, opp fra 30 prosent i fjor<\/li>\n<\/ul>\n<p>Vis mer<a class=\"_link_1hyue_61\" data-track-id=\"teaser:QJoVXP\" data-track-impression=\"true\" data-track-name=\"\u2013 Oljealderen er p\u00e5 vei mot slutten\" data-track-element-size=\"small\" data-track-element-type=\"Teaser\" data-track-image-url=\"https:\/\/www.europesays.com\/no\/wp-content\/uploads\/2026\/01\/37b51e53-184d-4bd8-80ca-525be9ad920f.jpeg\" data-track-layout-name=\"image:right\" data-track-position-source=\"related-article\" href=\"https:\/\/e24.no\/energi-og-klima\/i\/QJoVXP\/oljealderen-er-paa-vei-mot-slutten\" rel=\"nofollow noopener\" target=\"_blank\"><\/p>\n<p class=\"label-small _kicker_1hyue_27\">Les ogs\u00e5<\/p>\n<p>\u2013 Oljealderen er p\u00e5 vei mot slutten<img decoding=\"async\" alt=\"\" class=\"_image_1hyue_16\" height=\"5589\" loading=\"lazy\"  src=\"https:\/\/www.europesays.com\/no\/wp-content\/uploads\/2026\/01\/37b51e53-184d-4bd8-80ca-525be9ad920f.jpeg\"  width=\"8384\"\/><\/a>\u2013 Vil g\u00e5 i b\u00f8lger<\/p>\n<p class=\"_paragraph_snl99_4 _paragraph_1fmmc_7 layout-component layout-normal body-medium layout-padded\">Mandag <a href=\"https:\/\/e24.no\/bors\/nyheter?pinnedEntry=303083\" class=\"_link_snl99_43\" rel=\"nofollow noopener\" target=\"_blank\">varslet regjeringen en ny stortingsmelding<\/a> om petroleum i 2027. Flertallet p\u00e5 Stortinget \u00f8nsker \u00e5 utvikle olje- og gassn\u00e6ringen og lete mer for \u00e5 motvirke <a href=\"https:\/\/e24.no\/energi-og-klima\/i\/bO5RQl\/sokkelaaret-2025-fortsatt-et-historisk-hoeyt-nivaa\" class=\"_link_snl99_43\" rel=\"nofollow noopener\" target=\"_blank\">et ventet aktivitetsfall<\/a>.<\/p>\n<p class=\"_paragraph_snl99_4 _paragraph_1fmmc_7 layout-component layout-normal body-medium layout-padded\">\u2013 Jeg tror mange ser at i en urolig verden er det viktigere enn noen gang \u00e5 bidra til stabilitet. Olje- og gassn\u00e6ringen bidrar med viktig energi til Europa, og er ogs\u00e5 veldig viktig for Norge. Det handler om 200.000 arbeidsplasser, og store ringvirkninger over hele landet, sier Maren Gr\u00f8the (Sp).<\/p>\n<p class=\"_paragraph_snl99_4 _paragraph_1fmmc_7 layout-component layout-normal body-medium layout-padded\">Hun opplever at engasjementet for \u00e5 sikre trygghet og forutsigbarhet for n\u00e6ringen er st\u00f8rre enn for noen \u00e5r siden. Ettersp\u00f8rselen har holdt seg h\u00f8yere enn mange ventet, p\u00e5peker hun.<\/p>\n<p class=\"_paragraph_snl99_4 _paragraph_1fmmc_7 layout-component layout-normal body-medium layout-padded\">\u2013 Disse debattene vil bestandig g\u00e5 i b\u00f8lger. Men politikken b\u00f8r ta utgangspunkt i ettersp\u00f8rselen, og norsk produksjon ligger uansett an til \u00e5 falle raskere enn global ettersp\u00f8rsel. Derfor \u00f8nsker vi \u00e5 sikre stabile rammevilk\u00e5r for bransjen over tid, sier Gr\u00f8the.<\/p>\n<p><img alt=\"Stortingsrepresentant Maren Gr\u00f8the (Sp).\" class=\"_image_c08te_90 layout-component layout-normal\" data-fullscreen- data-track-element-type=\"Article image fullscreen\" data-track-name=\"ImageFullscreen\" decoding=\"async\" loading=\"lazy\" height=\"8391\" itemprop=\"image\"  src=\"https:\/\/www.europesays.com\/no\/wp-content\/uploads\/2026\/01\/de0917ba-9a4b-4597-a0b4-abbdced11ae0.jpeg\"  style=\"object-position:0% 0%\" width=\"5594\"\/>Stortingsrepresentant Maren Gr\u00f8the (Sp).Vis mer<\/p>\n<p>Foto: Helen Wesnes \/ VG \/ NTB<\/p>\n<p class=\"_paragraph_snl99_4 _paragraph_1fmmc_7 layout-component layout-normal body-medium layout-padded\">Kristoffer Sivertsen (Frp) er forn\u00f8yd med unders\u00f8kelsen.<\/p>\n<p class=\"_paragraph_snl99_4 _paragraph_1fmmc_7 layout-component layout-normal body-medium layout-padded\">\u2013 Fremskrittspartiet mener at det er avgj\u00f8rende for europeisk energisikkerhet at det er et s\u00e5 h\u00f8yt produksjonsniv\u00e5 som mulig s\u00e5 lenge det er ettersp\u00f8rsel, og at vi \u00e5pner flere omr\u00e5der for leting, sier han.<\/p>\n<p>\u2013 Mektig oljelobby<\/p>\n<p class=\"_paragraph_snl99_4 _paragraph_1fmmc_7 layout-component layout-normal body-medium layout-padded\">Fr\u00f8ya Skjold Sjurs\u00e6ther (MDG) mener at klimasaken ikke blir mindre viktig fordi om f\u00e6rre bryr seg om den.<\/p>\n<p class=\"_paragraph_snl99_4 _paragraph_1fmmc_7 layout-component layout-normal body-medium layout-padded\">\u2013 Vi har en sv\u00e6rt mektig oljelobby i Norge som kjemper for \u00e5 opprettholde st\u00f8tten til n\u00e6ringen selv om den er p\u00e5 kollisjonskurs med naturens t\u00e5legrenser, sier Sjurs\u00e6ther.<\/p>\n<p class=\"_paragraph_snl99_4 _paragraph_1fmmc_7 layout-component layout-normal body-medium layout-padded\">Hun mener at Offshore Norge setter natur og klima nederst p\u00e5 prioriteringslisten.<\/p>\n<p class=\"_paragraph_snl99_4 _paragraph_1fmmc_7 layout-component layout-normal body-medium layout-padded\">\u2013 Hvis vi skal l\u00f8se klimakrisen er det ikke rom for mer olje- og gassproduksjon. 1,5-gradersm\u00e5let kan ikke n\u00e5s <a href=\"https:\/\/e24.no\/energi-og-klima\/i\/JbKpXR\/mer-utslipp-enn-verden-taaler-fortsetter-med-alt-vi-ikke-burde-gjoere\" class=\"_link_snl99_43\" rel=\"nofollow noopener\" target=\"_blank\">hvis vi brenner all den oljen og gassen vi har funnet<\/a>, sier hun.<\/p>\n<p><a class=\"_link_1hyue_61\" data-track-id=\"teaser:bO5RQl\" data-track-impression=\"true\" data-track-name=\"Sokkel\u00e5ret 2025: \u2013 Fortsatt et historisk h\u00f8yt niv\u00e5\" data-track-element-size=\"small\" data-track-element-type=\"Teaser\" data-track-image-url=\"https:\/\/www.europesays.com\/no\/wp-content\/uploads\/2026\/01\/1768417782_738_626506bd-4a66-42f1-85f5-556f6d6786a7.jpeg\" data-track-layout-name=\"image:right\" data-track-position-source=\"related-article\" href=\"https:\/\/e24.no\/energi-og-klima\/i\/bO5RQl\/sokkelaaret-2025-fortsatt-et-historisk-hoeyt-nivaa\" rel=\"nofollow noopener\" target=\"_blank\"><\/p>\n<p class=\"label-small _kicker_1hyue_27\">Les ogs\u00e5<\/p>\n<p>Sokkel\u00e5ret 2025: \u2013 Fortsatt et historisk h\u00f8yt niv\u00e5<img decoding=\"async\" alt=\"\" class=\"_image_1hyue_16\" height=\"3180\" loading=\"lazy\"  src=\"https:\/\/www.europesays.com\/no\/wp-content\/uploads\/2026\/01\/1768417782_738_626506bd-4a66-42f1-85f5-556f6d6786a7.jpeg\"  width=\"4778\"\/><\/a><\/p>\n<p class=\"_paragraph_snl99_4 _paragraph_1fmmc_7 layout-component layout-normal body-medium layout-padded\">Sjurs\u00e6ther mener behovet for \u00e5 gjennomf\u00f8re klimapolitikk er st\u00f8rre enn noen gang.<\/p>\n<p class=\"_paragraph_snl99_4 _paragraph_1fmmc_7 layout-component layout-normal body-medium layout-padded\">\u2013 Jeg har forst\u00e5else for at det er vanskelig \u00e5 fokusere p\u00e5 langsiktige kriser samtidig som det er s\u00e5 mange kortsiktige kriser p\u00e5 gang. Men p\u00e5 sikt vil klimakrisen bli en enda st\u00f8rre geopolitisk krise, blant annet med \u00f8kt migrasjon. Da er det mitt ansvar som klimapolitiker \u00e5 handle i tr\u00e5d med forskningen og ikke opinionen, sier hun.<\/p>\n<p><img alt=\"Stortingsrepresentant Fr\u00f8ya Skjold Sjurs\u00e6ther (MDG).\" class=\"_image_c08te_90 layout-component layout-normal\" data-fullscreen- data-track-element-type=\"Article image fullscreen\" data-track-name=\"ImageFullscreen\" decoding=\"async\" loading=\"lazy\" height=\"2656\" itemprop=\"image\"  src=\"https:\/\/www.europesays.com\/no\/wp-content\/uploads\/2026\/01\/e9f52e3a-6924-4e5a-9633-939363e5ebd1.png\"  style=\"object-position:0% 0%\" width=\"3984\"\/>Stortingsrepresentant Fr\u00f8ya Skjold Sjurs\u00e6ther (MDG).Vis mer<\/p>\n<p>Foto: Fredrik Solstad  \/ VG \/ NTB<\/p>\n<p><a class=\"_link_1hyue_61\" data-track-id=\"teaser:JbKpXR\" data-track-impression=\"true\" data-track-name=\"Mer utslipp enn verden t\u00e5ler: \u2013 Fortsetter med alt vi ikke burde gj\u00f8re\" data-track-element-size=\"small\" data-track-element-type=\"Teaser\" data-track-image-url=\"https:\/\/www.europesays.com\/no\/wp-content\/uploads\/2026\/01\/c87c0552-e933-444e-bc1e-e9b952ae420d.png\" data-track-layout-name=\"image:right\" data-track-position-source=\"related-article\" href=\"https:\/\/e24.no\/energi-og-klima\/i\/JbKpXR\/mer-utslipp-enn-verden-taaler-fortsetter-med-alt-vi-ikke-burde-gjoere\" rel=\"nofollow noopener\" target=\"_blank\"><\/p>\n<p class=\"label-small _kicker_1hyue_27\">Les ogs\u00e5<\/p>\n<p>Mer utslipp enn verden t\u00e5ler: \u2013 Fortsetter med alt vi ikke burde gj\u00f8re<img decoding=\"async\" alt=\"\" class=\"_image_1hyue_16\" height=\"2946\" loading=\"lazy\"  src=\"https:\/\/www.europesays.com\/no\/wp-content\/uploads\/2026\/01\/c87c0552-e933-444e-bc1e-e9b952ae420d.png\"  width=\"4243\"\/><\/a>\u2013 Utrolig viktig<\/p>\n<p class=\"_paragraph_snl99_4 _paragraph_1fmmc_7 layout-component layout-normal body-medium layout-padded\">Det viktigste for n\u00e6ringen er stabile rammevilk\u00e5r, if\u00f8lge Offshore Norge.<\/p>\n<p class=\"_paragraph_snl99_4 _paragraph_1fmmc_7 layout-component layout-normal body-medium layout-padded\">\u2013 Olje- og gassn\u00e6ringen er basert p\u00e5 begrensede ressurser, og produksjonen og aktiviteten vil g\u00e5 ned over tid. Men vi skal tross alt investere 270 milliarder kroner i \u00e5ret de neste \u00e5rene, s\u00e5 det er ikke s\u00e5nn at det er lite aktivitet, sier Olsnes.<\/p>\n<p class=\"_paragraph_snl99_4 _paragraph_1fmmc_7 layout-component layout-normal body-medium layout-padded\">\u2013 Det er utrolig viktig med stabile rammevilk\u00e5r, slik at letevirksomhet og fortsatte investeringer kan v\u00e6re med p\u00e5 \u00e5 bremse en veldig bratt nedgang i produksjonen. Det vil gi samfunnet tid til omstilling og n\u00e6ringsutvikling. Vi gleder oss veldig over at det er bred st\u00f8tte i befolkningen rundt fortsatt aktivitet og leting.<\/p>\n<p><img alt=\"Det holdes jevnlig demonstrasjoner mot olje- og gassproduksjon. Dette er fra en Greenpeace-markering utenfor Equinors hovedkvarter i Stavanger i 2024.\" class=\"_image_c08te_90 layout-component layout-normal\" data-fullscreen- data-track-element-type=\"Article image fullscreen\" data-track-name=\"ImageFullscreen\" decoding=\"async\" loading=\"lazy\" height=\"4128\" itemprop=\"image\"  src=\"https:\/\/www.europesays.com\/no\/wp-content\/uploads\/2026\/01\/a71261bd-4d93-4392-b3b2-ef01c031a952.png\"  style=\"object-position:0% 0%\" width=\"6192\"\/>Det holdes jevnlig demonstrasjoner mot olje- og gassproduksjon. Dette er fra en Greenpeace-markering utenfor Equinors hovedkvarter i Stavanger i 2024.Vis mer<\/p>\n<p>Foto: Carina Johansen \/ NTB<\/p>\n<p>\u2013 Bemerkelsesverdig<\/p>\n<p class=\"_paragraph_snl99_4 _paragraph_1fmmc_7 layout-component layout-normal body-medium layout-padded\">Unders\u00f8kelsen viser at andelen av velgerne som mener det er viktig \u00e5 videref\u00f8re olje- og gassn\u00e6ringen er p\u00e5 over 50 prosent i alle partier unntatt SV og MDG.<\/p>\n<p class=\"_paragraph_snl99_4 _paragraph_1fmmc_7 layout-component layout-normal body-medium layout-padded\">\u2013 Det er veldig positivt. S\u00e5nn sett syns vi det er litt bemerkelsesverdig at vi skal ha <a href=\"https:\/\/e24.no\/energi-og-klima\/i\/pBgBe6\/equinor-sjefen-aldri-opplevd-saa-stor-usikkerhet\" class=\"_link_snl99_43\" rel=\"nofollow noopener\" target=\"_blank\">politisk risiko relatert til budsjettforhandlingene<\/a> to ganger i \u00e5ret n\u00e5r det er s\u00e5 bred politisk st\u00f8tte i Stortinget. Vi er opptatt av at realpolitikk holdes utenfor budsjettet, sier Olsnes.<\/p>\n<p class=\"_paragraph_snl99_4 _paragraph_1fmmc_7 layout-component layout-normal body-medium layout-padded\">\u2013 Vil det komme nye krav fra bransjen om krisepakker eller lignende?<\/p>\n<p class=\"_paragraph_snl99_4 _paragraph_1fmmc_7 layout-component layout-normal body-medium layout-padded\">\u2013 Nei, vi har ingen agenda p\u00e5 det. Men det er viktig \u00e5 ha tilgang p\u00e5 arealer og forutsigbarhet. Det er mer krevende teknisk og \u00f8konomisk \u00e5 skaffe l\u00f8nnsomhet i mindre funn. Derfor er det viktig \u00e5 ha stabile rammebetingelser, og at det ikke er risiko for beslutninger med tilbakevirkende kraft.<\/p>\n<p><a class=\"_link_1hyue_61\" data-track-id=\"teaser:W09XaQ\" data-track-impression=\"true\" data-track-name=\"Derfor satser Equinor fortsatt fossilt\" data-track-element-size=\"small\" data-track-element-type=\"Teaser\" data-track-image-url=\"https:\/\/www.europesays.com\/no\/wp-content\/uploads\/2026\/01\/fd599495-8ce3-4bfc-88a6-6b8a1aff0303.jpeg\" data-track-layout-name=\"image:right\" data-track-position-source=\"related-article\" href=\"https:\/\/e24.no\/energi-og-klima\/i\/W09XaQ\/derfor-satser-equinor-fortsatt-fossilt\" rel=\"nofollow noopener\" target=\"_blank\"><\/p>\n<p class=\"label-small _kicker_1hyue_27\">Les ogs\u00e5<\/p>\n<p>Derfor satser Equinor fortsatt fossilt<img decoding=\"async\" alt=\"\" class=\"_image_1hyue_16\" height=\"3909\" loading=\"lazy\"  src=\"https:\/\/www.europesays.com\/no\/wp-content\/uploads\/2026\/01\/fd599495-8ce3-4bfc-88a6-6b8a1aff0303.jpeg\"  width=\"5863\"\/><\/a><a class=\"_link_1hyue_61\" data-track-id=\"teaser:7p09Gv\" data-track-impression=\"true\" data-track-name=\"Nye tider p\u00e5 norsk sokkel: \u2013 Hatt en ekstrem h\u00f8ykonjunktur\" data-track-element-size=\"small\" data-track-element-type=\"Teaser\" data-track-image-url=\"https:\/\/www.europesays.com\/no\/wp-content\/uploads\/2026\/01\/b9aed5a7-d4a6-432a-9f15-f101b18392f4.png\" data-track-layout-name=\"image:right\" data-track-position-source=\"related-article\" href=\"https:\/\/e24.no\/energi-og-klima\/i\/7p09Gv\/nye-tider-paa-norsk-sokkel-hatt-en-ekstrem-hoeykonjunktur\" rel=\"nofollow noopener\" target=\"_blank\"><\/p>\n<p class=\"label-small _kicker_1hyue_27\">Les ogs\u00e5<\/p>\n<p>Nye tider p\u00e5 norsk sokkel: \u2013 Hatt en ekstrem h\u00f8ykonjunktur<img decoding=\"async\" alt=\"\" class=\"_image_1hyue_16\" height=\"3202\" loading=\"lazy\"  src=\"https:\/\/www.europesays.com\/no\/wp-content\/uploads\/2026\/01\/b9aed5a7-d4a6-432a-9f15-f101b18392f4.png\"  width=\"4839\"\/><\/a>    <\/p>\n","protected":false},"excerpt":{"rendered":"Oppsummeringen er laget med kunstig intelligens og kvalitetssikret av E24s journalister. En \u00f8kende andel av nordmenn st\u00f8tter \u00e5&hellip;\n","protected":false},"author":2,"featured_media":137457,"comment_status":"","ping_status":"","sticky":false,"template":"","format":"standard","meta":{"footnotes":""},"categories":[5],"tags":[20,21,24,25,15,19,22,23,17,18,13,30,28,29,14,2262,16,26,27],"class_list":{"0":"post-137456","1":"post","2":"type-post","3":"status-publish","4":"format-standard","5":"has-post-thumbnail","7":"category-overskrifter","8":"tag-breaking-news","9":"tag-breakingnews","10":"tag-featured-news","11":"tag-featurednews","12":"tag-headlines","13":"tag-hovedoppslag","14":"tag-latest-news","15":"tag-latestnews","16":"tag-main-news","17":"tag-mainnews","18":"tag-news","19":"tag-no","20":"tag-norge","21":"tag-norway","22":"tag-nyheter","23":"tag-olje-og-gass","24":"tag-overskrifter","25":"tag-top-stories","26":"tag-topstories"},"share_on_mastodon":{"url":"https:\/\/pubeurope.com\/@no\/115895033134801489","error":""},"_links":{"self":[{"href":"https:\/\/www.europesays.com\/no\/wp-json\/wp\/v2\/posts\/137456","targetHints":{"allow":["GET"]}}],"collection":[{"href":"https:\/\/www.europesays.com\/no\/wp-json\/wp\/v2\/posts"}],"about":[{"href":"https:\/\/www.europesays.com\/no\/wp-json\/wp\/v2\/types\/post"}],"author":[{"embeddable":true,"href":"https:\/\/www.europesays.com\/no\/wp-json\/wp\/v2\/users\/2"}],"replies":[{"embeddable":true,"href":"https:\/\/www.europesays.com\/no\/wp-json\/wp\/v2\/comments?post=137456"}],"version-history":[{"count":0,"href":"https:\/\/www.europesays.com\/no\/wp-json\/wp\/v2\/posts\/137456\/revisions"}],"wp:featuredmedia":[{"embeddable":true,"href":"https:\/\/www.europesays.com\/no\/wp-json\/wp\/v2\/media\/137457"}],"wp:attachment":[{"href":"https:\/\/www.europesays.com\/no\/wp-json\/wp\/v2\/media?parent=137456"}],"wp:term":[{"taxonomy":"category","embeddable":true,"href":"https:\/\/www.europesays.com\/no\/wp-json\/wp\/v2\/categories?post=137456"},{"taxonomy":"post_tag","embeddable":true,"href":"https:\/\/www.europesays.com\/no\/wp-json\/wp\/v2\/tags?post=137456"}],"curies":[{"name":"wp","href":"https:\/\/api.w.org\/{rel}","templated":true}]}}