{"id":137466,"date":"2026-01-14T19:26:22","date_gmt":"2026-01-14T19:26:22","guid":{"rendered":"https:\/\/www.europesays.com\/no\/137466\/"},"modified":"2026-01-14T19:26:22","modified_gmt":"2026-01-14T19:26:22","slug":"trump-svarer-etter-kritikken","status":"publish","type":"post","link":"https:\/\/www.europesays.com\/no\/137466\/","title":{"rendered":"Trump svarer etter kritikken"},"content":{"rendered":"<p class=\"kicker \" style=\"\">Zara Larsson:\u00a0<\/p>\n<p>    Popstjernen rettet krass kritikk mot den amerikanske immigrasjonsmyndigheten ICE. N\u00e5 svarer president Donald Trump.<\/p>\n<p>\n    KRITIKK: Zara Larsson har latt seg engasjere av den politiske situasjon i USA. Foto: Mauro Pimentel \/ AFP \/ NTB\n  <\/p>\n<p>Den svenske popstjernen Zara Larsson (28) rettet krass kritikk mot den amerikanske immigrasjonsmyndigheten ICE (Immigration and Customs Enforcement) tidligere denne uka.<\/p>\n<p>    <a itemprop=\"url\" href=\"https:\/\/www.seher.no\/kjendis\/deler-trist-nyhet\/84090121\" rel=\"nofollow noopener\" target=\"_blank\"><\/p>\n<p>        <img loading=\"lazy\" decoding=\"async\" src=\"https:\/\/www.europesays.com\/no\/wp-content\/uploads\/2026\/01\/1768418781_667_84090532.webp.webp\" width=\"980\" height=\"441\" title=\"Deler trist nyhet\" alt=\"\" class=\"lazyload\" style=\"--aspect-ratio-image: 2.22; \"\/><\/p>\n<p>        Deler trist nyhet<\/p>\n<p>    <\/a><\/p>\n<p>Skytingen av 37 \u00e5r gamle Renee Nicole Good i USA har vekket sterke reaksjoner over hele verden, og Larsson er blant dem som uttrykte sterk frustrasjon i etterkant av drapet.<\/p>\n<p>I helga la Larsson ut et Instagram-innlegg der hun listet opp ting hun elsker og hater. Blant annet skrev hun at hun elsker immigranter, kriminelle og velferd &#8211; men hater ICE.<\/p>\n<p>        <img loading=\"lazy\" decoding=\"async\" src=\"https:\/\/www.europesays.com\/no\/wp-content\/uploads\/2026\/01\/84092213.webp.webp\" width=\"667\" height=\"1068\" title=\"RASENDE: Artisten reagerte sterkt p\u00e5 hvordan den amerikanske immigrasjonsmyndigheten ICE behandler mennesker i USA. Foto: Instagram\" alt=\"\" class=\"\" style=\"--aspect-ratio-image: 0.62; \"\/><\/p>\n<p>\n        RASENDE: Artisten reagerte sterkt p\u00e5 hvordan den amerikanske immigrasjonsmyndigheten ICE behandler mennesker i USA. Foto: Instagram\n    <\/p>\n<p> I sosiale medier uttrykte Larsson sterk frustrasjon, og ford\u00f8mmer et system hun mener st\u00e5r for urettferdighet og maktmisbruk. <\/p>\n<p> \u00abJeg fucking hater ICE. Hva gikk galt? Er det giftig maskulinitet, et skj\u00f8rt ego, frykt for mennesker og lav IQ blandet sammen til en ekkel cocktail? Str\u00f8dd med litt mangel p\u00e5 kj\u00e6rlighet fra foreldrene i barndommen? Seri\u00f8st, hva er det som har skjedd i hodene deres, og som har f\u00f8rt disse mennene ned denne stien?\u00bb, skrev hun ogs\u00e5.\u00a0<\/p>\n<p>        ROMANSERYKTER: Sondre Sundby har endelig f\u00e5tt seg kj\u00e6reste, men r\u00f8per at dama kan bli sjalu p\u00e5 forholdet hans til \u00abFarmen kjendis\u00bb-kollegaen. Reporter: Thea Hope\/Nora Skavhaug. Video: Sanne Holt\/ TV 2\/ R\u00f8d L\u00f8per<\/p>\n<p>N\u00e5 har Det hvite hus svart med en video p\u00e5 TikTok, if\u00f8lge svenske <a href=\"https:\/\/www.expressen.se\/noje\/vita-husets-svar-till-zara-larsson\/?utm_source=sdrn%3Avg%3Aarticle%3Ad4lv8O\" target=\"_blank\" rel=\"nofollow noopener\">Expressen<\/a>.<\/p>\n<p>Klippet viser president Donald Trump som danser til Larssons egen hit \u00abLush Life\u00bb, mens teksten lister opp ting de elsker.<\/p>\n<p>\u00abVi elsker deportasjon. Vi elsker lov og orden. Vi elsker jobber, ikke velferd\u00bb, st\u00e5r det i videoen, som avsluttes med:<\/p>\n<p>\u00abVi ELSKER ICE og v\u00e5rt politi\u00bb.<\/p>\n<p>Larsson har forel\u00f8pig ikke kommentert Det hvite hus sin video.\u00a0<\/p>\n","protected":false},"excerpt":{"rendered":"Zara Larsson:\u00a0 Popstjernen rettet krass kritikk mot den amerikanske immigrasjonsmyndigheten ICE. N\u00e5 svarer president Donald Trump. KRITIKK: Zara&hellip;\n","protected":false},"author":2,"featured_media":137467,"comment_status":"","ping_status":"","sticky":false,"template":"","format":"standard","meta":{"footnotes":""},"categories":[12],"tags":[20,21,24,25,15,479,2543,22,23,13,30,28,29,14,16,26,27,42,43,44,45,10821],"class_list":{"0":"post-137466","1":"post","2":"type-post","3":"status-publish","4":"format-standard","5":"has-post-thumbnail","7":"category-verden","8":"tag-breaking-news","9":"tag-breakingnews","10":"tag-featured-news","11":"tag-featurednews","12":"tag-headlines","13":"tag-kjendis","14":"tag-kjendisdesken","15":"tag-latest-news","16":"tag-latestnews","17":"tag-news","18":"tag-no","19":"tag-norge","20":"tag-norway","21":"tag-nyheter","22":"tag-overskrifter","23":"tag-top-stories","24":"tag-topstories","25":"tag-verden","26":"tag-world","27":"tag-world-news","28":"tag-worldnews","29":"tag-zara-larsson"},"share_on_mastodon":{"url":"https:\/\/pubeurope.com\/@no\/115895100071688716","error":""},"_links":{"self":[{"href":"https:\/\/www.europesays.com\/no\/wp-json\/wp\/v2\/posts\/137466","targetHints":{"allow":["GET"]}}],"collection":[{"href":"https:\/\/www.europesays.com\/no\/wp-json\/wp\/v2\/posts"}],"about":[{"href":"https:\/\/www.europesays.com\/no\/wp-json\/wp\/v2\/types\/post"}],"author":[{"embeddable":true,"href":"https:\/\/www.europesays.com\/no\/wp-json\/wp\/v2\/users\/2"}],"replies":[{"embeddable":true,"href":"https:\/\/www.europesays.com\/no\/wp-json\/wp\/v2\/comments?post=137466"}],"version-history":[{"count":0,"href":"https:\/\/www.europesays.com\/no\/wp-json\/wp\/v2\/posts\/137466\/revisions"}],"wp:featuredmedia":[{"embeddable":true,"href":"https:\/\/www.europesays.com\/no\/wp-json\/wp\/v2\/media\/137467"}],"wp:attachment":[{"href":"https:\/\/www.europesays.com\/no\/wp-json\/wp\/v2\/media?parent=137466"}],"wp:term":[{"taxonomy":"category","embeddable":true,"href":"https:\/\/www.europesays.com\/no\/wp-json\/wp\/v2\/categories?post=137466"},{"taxonomy":"post_tag","embeddable":true,"href":"https:\/\/www.europesays.com\/no\/wp-json\/wp\/v2\/tags?post=137466"}],"curies":[{"name":"wp","href":"https:\/\/api.w.org\/{rel}","templated":true}]}}