{"id":137468,"date":"2026-01-14T19:27:08","date_gmt":"2026-01-14T19:27:08","guid":{"rendered":"https:\/\/www.europesays.com\/no\/137468\/"},"modified":"2026-01-14T19:27:08","modified_gmt":"2026-01-14T19:27:08","slug":"arbeiderpartiet-oslo-ap-jon-reidar-oyan-publiserte-bilde-av-sin-egen-erigerte-penis-jeg-er-en-seksuelt-frigjort-mann","status":"publish","type":"post","link":"https:\/\/www.europesays.com\/no\/137468\/","title":{"rendered":"Arbeiderpartiet, Oslo Ap | Jon Reidar \u00d8yan publiserte bilde av sin egen erigerte penis: \u2013 Jeg er en seksuelt frigjort mann"},"content":{"rendered":"\n<p>\u2013 Dette er jo det flaueste som har skjedd meg, sier Jon Reidar \u00d8yan (Ap) til Nettavisen. <\/p>\n<p><b>\u00d8yan sikter til et bilde av sin egen penis \u2013 i erigert tilstand \u2013 som ved en feil ble publisert p\u00e5 Ap-toppens Instagram-profil natt til onsdag. <\/b><\/p>\n<p>Nettavisen har sett bildet, og s\u00e5pass m\u00e5 sies; her var det ingenting \u00e5 skamme seg over. Bildet er likevel slettet, for \u00d8yan er tydelig p\u00e5 at publiseringen var en stor, stor tabbe.<\/p>\n<p>\u2013 Dette var en hard feil \u00e5 beg\u00e5, \u00d8yan?<\/p>\n<p>\u2013 Ja, jeg er jo en singel, barnl\u00f8s og seksuelt frigjort mann, men som bokstavelig talt kuket det til p\u00e5 internett i g\u00e5r, sier \u00d8yan.<\/p>\n<p><b>H\u00f8r oppvakt politisk podkast i Nettavisen: Slik hadde Norge blitt om R\u00f8dt hadde rent flertall<\/b><\/p>\n<p>Bildet skulle til noen<\/p>\n<p>\u00d8yan er helse- og sosialpolitisk talsperson for Oslo Ap og tidligere leder av homonettverket i Arbeiderpartiet. Han har i en \u00e5rrekke v\u00e6rt en av de mektigste politikerne i Oslo Ap.<\/p>\n<p>\u00d8yan beklager at penisbildet ble publisert \u00e5pent p\u00e5 hans Instagram, og understreker at bildet egentlig var ment for en mottaker som i aller h\u00f8yeste grad \u00f8nsket \u00e5 sette blikket i penisen. <\/p>\n<p>\u2013 Det er helt \u00e5penbart at dette bildet ikke skulle postes der, men at det skulle sendes til en som \u00f8nsket \u00e5 motta det og at dette ikke var ment for \u00e5 deles med omverdenen, sier han. <\/p>\n<p>\u2013 Hvordan st\u00e5r det til med deg n\u00e5?<\/p>\n<p>\u2013 Jeg har i likhet med en stor del av Norge befolkning sendt slike bilder. Men denne gangen gikk det jo lukt \u00e5t helvete, sier \u00d8yan.<\/p>\n<p><b>Les ogs\u00e5: <a rel=\"Follow nofollow noopener\" href=\"https:\/\/www.nettavisen.no\/nyheter\/simen-velle-25-tjener-1-2-millioner-fikk-flere-tilbud-verdt-langt-mer\/s\/5-95-2824227\" target=\"_blank\">Simen Velle tjener 1,2 millioner: Mener han kunne tjent mye, mye mer<\/a><\/b><\/p>\n<p>Telefonen eksploderte<\/p>\n<p>Det var ikke bare Nettavisen som fikk sett Jon Reidar \u00d8yans edleste deler i full giv akt i natt. Kolleger, venner, bekjente tok kontakt i hopetall for \u00e5 gj\u00f8re ham oppmerksom p\u00e5 tabben.<\/p>\n<p>Likevel klarte ikke \u00d8yan f\u00f8rst ikke \u00e5 f\u00e5 slettet penisbildet.<\/p>\n<p><b>\u2013 Det gj\u00f8r jo noe med deg n\u00e5r du pr\u00f8ver \u00e5 slette det, men ikke f\u00e5r gjort det, fordi telefonen eksploderer med notifications. Og at sjefen din ringer deg samtidig for \u00e5 gj\u00f8re deg oppmerksom p\u00e5 hva du har gjort, sier han. <\/b><\/p>\n<p>\u00d8yan kommer med en tydelig oppfordring til Nettavisens lesere og alle andre som f\u00f8ler seg ekstra fl\u00f8rten i januarkulda:<\/p>\n<p>\u2013 Avslutningsvis vil jeg anbefale andre til \u00e5 trippelsjekke f\u00f8r du sender bilder hvor du er i s\u00e6rdeles stemningsfullt hum\u00f8r.<\/p>\n<p>    Vil du se neste video?<\/p>\n<p>    <a href=\"https:\/\/www.nettavisen.no\/nyheter\/protesterer-nakne-mot-donald-trump\/v\/5-95-2669637\" class=\"recommend-poster\" data-adp-clicklabel=\"video-recommend\" data-adp-clickvalue=\"poster\" rel=\"nofollow noopener\" target=\"_blank\"><br \/>\n      <img decoding=\"async\" width=\"200\" height=\"200\" loading=\"lazy\" src=\"https:\/\/www.europesays.com\/no\/wp-content\/uploads\/2026\/01\/Nakendemo+front.jpg\" alt=\"\" class=\"brick-c-cFOWSL\" style=\"--brick-image-ratio: 200 \/ 200;\"\/><\/p>\n<p>Her protestere de nakne mot Trump0:42<\/p>\n<p>    <\/a><\/p>\n","protected":false},"excerpt":{"rendered":"\u2013 Dette er jo det flaueste som har skjedd meg, sier Jon Reidar \u00d8yan (Ap) til Nettavisen. \u00d8yan&hellip;\n","protected":false},"author":2,"featured_media":137469,"comment_status":"","ping_status":"","sticky":false,"template":"","format":"standard","meta":{"footnotes":""},"categories":[10],"tags":[20,21,24,25,15,22,23,13,30,28,29,14,16,26,27],"class_list":{"0":"post-137468","1":"post","2":"type-post","3":"status-publish","4":"format-standard","5":"has-post-thumbnail","7":"category-norge","8":"tag-breaking-news","9":"tag-breakingnews","10":"tag-featured-news","11":"tag-featurednews","12":"tag-headlines","13":"tag-latest-news","14":"tag-latestnews","15":"tag-news","16":"tag-no","17":"tag-norge","18":"tag-norway","19":"tag-nyheter","20":"tag-overskrifter","21":"tag-top-stories","22":"tag-topstories"},"share_on_mastodon":{"url":"https:\/\/pubeurope.com\/@no\/115895103953308414","error":""},"_links":{"self":[{"href":"https:\/\/www.europesays.com\/no\/wp-json\/wp\/v2\/posts\/137468","targetHints":{"allow":["GET"]}}],"collection":[{"href":"https:\/\/www.europesays.com\/no\/wp-json\/wp\/v2\/posts"}],"about":[{"href":"https:\/\/www.europesays.com\/no\/wp-json\/wp\/v2\/types\/post"}],"author":[{"embeddable":true,"href":"https:\/\/www.europesays.com\/no\/wp-json\/wp\/v2\/users\/2"}],"replies":[{"embeddable":true,"href":"https:\/\/www.europesays.com\/no\/wp-json\/wp\/v2\/comments?post=137468"}],"version-history":[{"count":0,"href":"https:\/\/www.europesays.com\/no\/wp-json\/wp\/v2\/posts\/137468\/revisions"}],"wp:featuredmedia":[{"embeddable":true,"href":"https:\/\/www.europesays.com\/no\/wp-json\/wp\/v2\/media\/137469"}],"wp:attachment":[{"href":"https:\/\/www.europesays.com\/no\/wp-json\/wp\/v2\/media?parent=137468"}],"wp:term":[{"taxonomy":"category","embeddable":true,"href":"https:\/\/www.europesays.com\/no\/wp-json\/wp\/v2\/categories?post=137468"},{"taxonomy":"post_tag","embeddable":true,"href":"https:\/\/www.europesays.com\/no\/wp-json\/wp\/v2\/tags?post=137468"}],"curies":[{"name":"wp","href":"https:\/\/api.w.org\/{rel}","templated":true}]}}