{"id":137470,"date":"2026-01-14T19:28:09","date_gmt":"2026-01-14T19:28:09","guid":{"rendered":"https:\/\/www.europesays.com\/no\/137470\/"},"modified":"2026-01-14T19:28:09","modified_gmt":"2026-01-14T19:28:09","slug":"mann-i-40-ara-domd-til-fengsel-i-ni-ar-for-omfattande-filming-av-sambuaren-pa-soverommet-nrk-vestland","status":"publish","type":"post","link":"https:\/\/www.europesays.com\/no\/137470\/","title":{"rendered":"Mann i 40-\u00e5ra d\u00f8md til fengsel i ni \u00e5r for omfattande filming av sambuaren p\u00e5 soverommet \u2013 NRK Vestland"},"content":{"rendered":"<p>\u00ab<a href=\"https:\/\/www.nrk.no\/vestland\/aktor-la-ned-pastand-om-ni-ar-i-fengsel-for-mann-i-40-ara-som-er-tiltalt-for-seksuelle-overgrep-1.17683737\" ec-id=\"pp:article:1.17683737\" ec-name=\"Ein manipulator\" rel=\"nofollow noopener\" target=\"_blank\">Ein manipulator<\/a>\u00bb. Det var orda aktor, statsadvokat Nina Grande, brukte i sin prosedyre mot ein mann i 40-\u00e5ra fr\u00e5 Sunnhordland.<\/p>\n<p>Mannen var ein godt likt og sentral person i ein kommune i Vestland.<\/p>\n<p>Men if\u00f8lgje aktor hadde han under overflata utnytta si rolle i lokalsamfunnet og i familien til \u00e5 gjere seg skuldig i overgrep.<\/p>\n<p>Mannen i 40-\u00e5ra m\u00f8tte i Haugaland og Sunnhordland tingrett i midten av november i fjor, tiltalt for ei rad alvorlege seksuelle overgrep. Saka gjekk over fleire veker.<\/p>\n<ul>\n<li>Han var tiltalt for fleire titals sovevaldtekter av sin tidlegare sambuar gjennom ein periode p\u00e5 17 \u00e5r. Alt dette var filma.<\/li>\n<li>Han var tiltalt for fleire tilfelle av seksuell omgang med eit familiemedlem som var under 10 \u00e5r.<\/li>\n<li>I tillegg var han tiltalt for fleire tilfelle av seksuell handling med barn under 16 \u00e5r. Fleire av tilfelle skjedde medan han var trenar i eit idrettslag.<\/li>\n<\/ul>\n<p><img decoding=\"async\"   src=\"data:image\/gif;base64,R0lGODlhAQABAIAAAAAAAP\/\/\/yH5BAEAAAAALAAAAAABAAEAAAIBRAA7\" loading=\"eager\" alt=\"Rettsalen er innredet med trepanel og dommerens bord i fokus. En person i dommerrobe sitter foran en laptop med en vannkaraffel synlig p\u00e5 bordet. I bakgrunnen sees tomme tilh\u00f8rerplasser og en logo p\u00e5 veggen. Omgivelsene virker rolige og profesjonelle. (Bildebeskrivelsen er laget av en KI-tjeneste)\" title=\"Foto: Olav R\u00f8li \/ NRK\"\/><\/p>\n<p class=\"\">Aktor, statsadvokat Nina Grande, meinte at mannen i 40-\u00e5ra var ein manipulator. <\/p>\n<p>Foto: Olav R\u00f8li \/ NRK<\/p>\n<p>Tingretten: \u2013 Planmessige valdtekter<\/p>\n<p>No har Haugaland og Sunnhordland tingrett d\u00f8mt han til fengsel i 9 \u00e5r.<\/p>\n<p>Dei har d\u00f8mt han etter dei aller fleste forholda i tiltalen, bortsett fr\u00e5 eitt tilfelle av seksuell handling mot barn under 16 \u00e5r. Dette la aktor vekk under rettssaka.<\/p>\n<p><strong>Dommen er p\u00e5 59 sider.<\/strong><\/p>\n<p>Tiltalte har erkjent fleire av forholda, mellom anna fleire av sovevaldtektene og fleire av dei seksuelle handlingane mot barn under 16 \u00e5r.<\/p>\n<p>\u00abValdtektene ber preg av \u00e5 vera planmessige\u00bb, skriv retten.<\/p>\n<p>Men han nekta straffskuld for seksuell omgang med barn under ti \u00e5r. Her vart han ikkje trudd av retten, som mellom anna skriv at han utnytta eit forhold som skulle ha vore trygt.<\/p>\n<p>Aktor sin p\u00e5stand var ni \u00e5rs fengsel.<\/p>\n<p>Advokat Ben Einar Grindhaug, som forsvarar mannen, seier dei vil anka delen av dommen som g\u00e5r p\u00e5 seksuell omgang med barn under 10 \u00e5r.<\/p>\n<p>\u2013 Her meiner me retten ikkje har praktisert beviskravet slik det skal vera, seier han.<\/p>\n<p>Han avventer \u00e5 kommentera resten av dommen.<\/p>\n<p>Bistandsadvokat: H\u00e5par dommen vert st\u00e5ande<\/p>\n<p>I tillegg til fengselsstraff er mannen d\u00f8mt til \u00e5 betala over 1,5 millionar i samla erstatning til ofra.<\/p>\n<p><strong>Den st\u00f8rste erstatningssummen er til sin tidlegare sambuar, som er tilkjent over \u00e9in million kroner.<\/strong><\/p>\n<p>Jenta som vart utsett for overgrep d\u00e5 ho var under 10 \u00e5r er tilkjent 300.000 kroner i erstatning.<\/p>\n<p>Ogs\u00e5 dei andre forn\u00e6rma i saka er tilkjent erstatning.<\/p>\n<p>\u2013 Min klient opplever ein lette no n\u00e5r rettsprosessen er over. Og eg h\u00e5par og trur at dommen fr\u00e5 tingretten vert st\u00e5ande, seier Einar Dr\u00e6geb\u00f8, bistandsadvokat for den tidlegare sambuaren, og legg til:<\/p>\n<p>\u2013 Det er \u00e5 h\u00e5pa, b\u00e5de for min klient, men ogs\u00e5 for heile familie, at saka kan verta avslutta med dette slik at det er mogleg \u00e5 komma seg vidare i livet.<\/p>\n<p><img decoding=\"async\"   src=\"data:image\/gif;base64,R0lGODlhAQABAIAAAAAAAP\/\/\/yH5BAEAAAAALAAAAAABAAEAAAIBRAA7\" loading=\"eager\" alt=\"En mann st\u00e5r i forkant av et gatebilde, if\u00f8rt dress og jakke med slips. I bakgrunnen sees en gate med biler og gangtrafikk. Bygningen bak er historisk, med r\u00f8de detaljer, og det er tr\u00e6r langs fortauskanten. Det er v\u00e5tt p\u00e5 bakken, muligens etter regn.\" title=\"Foto: Olav R\u00f8li \/ NRK\"\/><\/p>\n<p class=\"\">Advokat Einar Dr\u00e6geb\u00f8 er bistandsadvokat for den tidlegare sambuaren til tiltalte. Han seier det p\u00e5 mange m\u00e5tar har vore bra for kvinna \u00e5 forklara seg i trygge rammer i retten. Men at dei no h\u00e5par dommen ikkje vert anka. <\/p>\n<p>Foto: Olav R\u00f8li \/ NRK<\/p>\n<p>Jente i barnehage sa stopp<\/p>\n<p>Den spesielle saka starta med at ei jente i barnehagen opplevde at mannen gjorde ting han ikkje hadde lov til.<\/p>\n<p>Jenta varsla mora, som igjen varsla barnevernet.<\/p>\n<p>Det enda med politisak, og mannen vart sikta.<\/p>\n<p><strong>Dermed kunne politiet ransaka mannen sin bustad, og der gjorde dei fleire interessante funn.<\/strong><\/p>\n<p>For p\u00e5 mannen sine digitale einingar fann dei ein rad filmar som viste at mannen hadde seksuell omgang med sin tidlegare sambuar.<\/p>\n<p>Filmane viste at medan kvinna sov, utf\u00f8rte mannen seksuelle handlingar p\u00e5 ho. Han f\u00f8rte ogs\u00e5 inn fleire gjenstandar.<\/p>\n<p><strong>Til saman var det filma gjennom ein periode p\u00e5 17 \u00e5r, og det var om lag 5 timar med videomateriale.<\/strong><\/p>\n<p>Videoane vart vist bak lukka d\u00f8rer i retten. Heller ikkje pressa fekk vera til stades. Retten viste til at videoane var sv\u00e6rt private og krenkande for kvinna.<\/p>\n<p>\u2013 Ho fekk sjokk d\u00e5 ho fekk h\u00f8yra at desse filmane fanst, sa Dr\u00e6geb\u00f8 i retten.<\/p>\n<p><img decoding=\"async\"   src=\"data:image\/gif;base64,R0lGODlhAQABAIAAAAAAAP\/\/\/yH5BAEAAAAALAAAAAABAAEAAAIBRAA7\" loading=\"eager\" alt=\"to skilt: et gr\u00f8nt med rettsm\u00f8te p\u00e5g\u00e5r og et r\u00f8dt som lyser lukket rettsm\u00f8te\" title=\"Foto: Olav R\u00f8li \/ NRK\"\/><\/p>\n<p class=\"\">Haugaland og Sunnhordland tingrett lukka d\u00f8rene d\u00e5 dei mange timane med video av sovevaldtektene vart vist. Innhaldet var av sv\u00e6rt privat og krenkande karakter. <\/p>\n<p>Foto: Olav R\u00f8li \/ NRK<\/p>\n<p>Bad om orsaking i retten<\/p>\n<p>Tiltalte forklarte i retten at han ikkje<a href=\"https:\/\/www.nrk.no\/vestland\/gratkjovd-mann-erkjente-filming-av-ekssambuaren-pa-soverommet-1.17657770\" ec-id=\"pp:article:1.17657770\" ec-name=\"viste det var ulovleg \u00e5 ha sex\" rel=\"nofollow noopener\" target=\"_blank\"> viste det var ulovleg \u00e5 ha sex<\/a> med sin eigen sambuar n\u00e5r ho sov.<\/p>\n<p>At han hadde gjort det forklarte han med seksuell frustrasjon, og at han ville ha noko \u00e5 sj\u00e5 p\u00e5.<\/p>\n<p>Videoane var ikkje delt med andre.<\/p>\n<p><strong>Samstundes bad han om orsaking for det han hadde gjort mot den tidlegare sambuaren.<\/strong><\/p>\n<p>\u2013 Dette er det verste eg har gjort mot eit menneske i heile mitt liv. At ho skal sitja her og sj\u00e5 gjennom desse filmane. Hadde eg kunna tilst\u00e5tt alt for \u00e5 sleppa \u00e5 sitja her, s\u00e5 hadde eg gjort det, sa han i si forklaring.<\/p>\n<p>I starten av saka s\u00e5 innr\u00f8mma ikkje tiltalte nokon ting. Men utover i rettssaka erkjende han fleire og fleire forhold.<\/p>\n<p>\u2013 Han erkjenner ting n\u00e5r han skj\u00f8nner at det er bevis mot han, sa aktor Grande, som meinte at erkjenningane hadde avgrensa verdi n\u00e5r det gjeld strafferabatt.<\/p>\n<p>NRK har f\u00f8rebels ikkje lukkast med \u00e5 f\u00e5 kommentar fr\u00e5 mannen sin forsvarar, advokat Ben Einar Grindhaug.<\/p>\n<p><img decoding=\"async\"   src=\"data:image\/gif;base64,R0lGODlhAQABAIAAAAAAAP\/\/\/yH5BAEAAAAALAAAAAABAAEAAAIBRAA7\" loading=\"eager\" alt=\"en person som sitter ved et skrivebord\" title=\"Foto: Eli Bjelland \/ NRK\"\/><\/p>\n<p class=\"\">Advokat Ben Einar Grindhaug var forsvarar for mannen i 40-\u00e5ra. Han meinte at ein passande straff var 7 \u00e5rs fengsel. <\/p>\n<p>Foto: Eli Bjelland \/ NRK<\/p>\n<p>Publisert<\/p>\n<p>14.01.2026, kl. 12.12<\/p>\n<p>Oppdatert<\/p>\n<p>14.01.2026, kl. 14.52<\/p>\n","protected":false},"excerpt":{"rendered":"\u00abEin manipulator\u00bb. Det var orda aktor, statsadvokat Nina Grande, brukte i sin prosedyre mot ein mann i 40-\u00e5ra&hellip;\n","protected":false},"author":2,"featured_media":137471,"comment_status":"","ping_status":"","sticky":false,"template":"","format":"standard","meta":{"footnotes":""},"categories":[5],"tags":[20,21,24,25,15,19,22,23,17,18,13,30,28,29,14,16,26,27],"class_list":{"0":"post-137470","1":"post","2":"type-post","3":"status-publish","4":"format-standard","5":"has-post-thumbnail","7":"category-overskrifter","8":"tag-breaking-news","9":"tag-breakingnews","10":"tag-featured-news","11":"tag-featurednews","12":"tag-headlines","13":"tag-hovedoppslag","14":"tag-latest-news","15":"tag-latestnews","16":"tag-main-news","17":"tag-mainnews","18":"tag-news","19":"tag-no","20":"tag-norge","21":"tag-norway","22":"tag-nyheter","23":"tag-overskrifter","24":"tag-top-stories","25":"tag-topstories"},"share_on_mastodon":{"url":"https:\/\/pubeurope.com\/@no\/115895107790379031","error":""},"_links":{"self":[{"href":"https:\/\/www.europesays.com\/no\/wp-json\/wp\/v2\/posts\/137470","targetHints":{"allow":["GET"]}}],"collection":[{"href":"https:\/\/www.europesays.com\/no\/wp-json\/wp\/v2\/posts"}],"about":[{"href":"https:\/\/www.europesays.com\/no\/wp-json\/wp\/v2\/types\/post"}],"author":[{"embeddable":true,"href":"https:\/\/www.europesays.com\/no\/wp-json\/wp\/v2\/users\/2"}],"replies":[{"embeddable":true,"href":"https:\/\/www.europesays.com\/no\/wp-json\/wp\/v2\/comments?post=137470"}],"version-history":[{"count":0,"href":"https:\/\/www.europesays.com\/no\/wp-json\/wp\/v2\/posts\/137470\/revisions"}],"wp:featuredmedia":[{"embeddable":true,"href":"https:\/\/www.europesays.com\/no\/wp-json\/wp\/v2\/media\/137471"}],"wp:attachment":[{"href":"https:\/\/www.europesays.com\/no\/wp-json\/wp\/v2\/media?parent=137470"}],"wp:term":[{"taxonomy":"category","embeddable":true,"href":"https:\/\/www.europesays.com\/no\/wp-json\/wp\/v2\/categories?post=137470"},{"taxonomy":"post_tag","embeddable":true,"href":"https:\/\/www.europesays.com\/no\/wp-json\/wp\/v2\/tags?post=137470"}],"curies":[{"name":"wp","href":"https:\/\/api.w.org\/{rel}","templated":true}]}}