{"id":137496,"date":"2026-01-14T20:02:10","date_gmt":"2026-01-14T20:02:10","guid":{"rendered":"https:\/\/www.europesays.com\/no\/137496\/"},"modified":"2026-01-14T20:02:10","modified_gmt":"2026-01-14T20:02:10","slug":"erklaerer-unntakstilstand-etter-russiske-angrep","status":"publish","type":"post","link":"https:\/\/www.europesays.com\/no\/137496\/","title":{"rendered":"Erkl\u00e6rer unntakstilstand etter russiske angrep"},"content":{"rendered":"<p>    Sist sett p\u00e5 fest i Oslo. N\u00e5 fortsetter fotballandslaget jubelferden i Amsterdam.<\/p>\n<p>\n    FEIRET: Da VM-billetten var i boks etter 4-1-seieren over Italia 16. november, dro fotballandslaget til Oslo. Heltene ble feiret etter alle kunstens regler. Her er Erling Braut Haaland og Leo Skiri \u00d8stig\u00e5rd med sine bedre halvdeler. Foto: Bj\u00f8rn Langsem \/ Dagbladet\n  <\/p>\n<p>Mandag 8. desember i fjor ble det offisielt bekreftet: VM-klare Norge m\u00f8ter Nederland borte og Sveits hjemme i privatlandskamper i mars.<\/p>\n<p>Datoene er henholdsvis 27. og 31. mars.<\/p>\n<p>&#8211; Informasjon om tidspunkter, arena i Nederland og billetter vil komme p\u00e5 et seinere tidspunkt, meldte <a href=\"https:\/\/www.fotball.no\/landslag\/norge-a-herrer\/2025\/norge-moter-nederland-og-sveits\/\" rel=\"nofollow noopener\" target=\"_blank\">Norges Fotballforbund<\/a>.<\/p>\n<p>        <img loading=\"lazy\" decoding=\"async\" src=\"https:\/\/www.europesays.com\/no\/wp-content\/uploads\/2026\/01\/84098625.webp.webp\" width=\"667\" height=\"487\" title=\"FOLKEFEST: R\u00e5dhusplassen i Oslo var et massivt skue da fotballandslaget ble feiret 17. november. Foto: Lars Eivind Bones \/ Dagbladet\" alt=\"\" class=\"\" style=\"--aspect-ratio-image: 1.37; \"\/><\/p>\n<p>\n        FOLKEFEST: R\u00e5dhusplassen i Oslo var et massivt skue da fotballandslaget ble feiret 17. november. Foto: Lars Eivind Bones \/ Dagbladet\n    <\/p>\n<p>Lagleder for A-landslaget, Are Hokstad, bekrefter n\u00e5 overfor Dagbladet at privatlandskampen mot Nederland fredag 27. mars spilles i Amsterdam. Eller n\u00e6rmere bestemt: P\u00e5 hjemmebanen til storklubben Ajax klokka 20.45.<\/p>\n<p>Tidspunktet for Sveits-kampen p\u00e5 Ullevaal Stadion fire dager seinere er enn\u00e5 ikke fastsatt.<\/p>\n<p>&#8211; Vi \u00f8nsker \u00e5 unng\u00e5 samme tidspunkt som playoff-kampene den kvelden, sier Hokstad.<\/p>\n<p>        <img loading=\"lazy\" decoding=\"async\" src=\"https:\/\/www.europesays.com\/no\/wp-content\/uploads\/2026\/01\/84098630.webp.webp\" width=\"667\" height=\"381\" title=\"NORSK KOK: Martin \u00d8degaard og Erling Braut Haaland fikk folkets velfortjente hyllest i Oslo. Foto: Bj\u00f8rn Langsem \/ Dagbladet\" alt=\"\" class=\"\" style=\"--aspect-ratio-image: 1.75; \"\/><\/p>\n<p>\n        NORSK KOK: Martin \u00d8degaard og Erling Braut Haaland fikk folkets velfortjente hyllest i Oslo. Foto: Bj\u00f8rn Langsem \/ Dagbladet\n    <\/p>\n<p>Hjemmebanen til Ajax heter offisielt Johan Cruijff Arena. Kapasiteten er n\u00e6rmere 55.000 tilskuere. Stadion er kjent for \u00e5 gynge n\u00e5r det svinger av \u00abOranje\u00bb. N\u00e5 kommer titanen Erling Braut Haaland til byen p\u00e5 terskelen til p\u00e5skeuka.<\/p>\n<p>Nederland ligger som nummer sju p\u00e5 FIFA-rankingen. Norge er p\u00e5 29. plass. Neste motstander, Sveits, er p\u00e5 17. plass.<\/p>\n<p>&#8211; To t\u00f8ffe kamper, s\u00e5 det er veldig bra, sa trener St\u00e5le Solbakken i desember.<\/p>\n<p>         Landslagstrener St\u00e5le Solbakken ble onsdag kveld lagt inn p\u00e5 sykehus med nyrestein. <\/p>\n<p>Nederland ledes av ringreven Ronald Koeman (62). Kampen blir et godt svar p\u00e5 hvor Norge st\u00e5r under tre m\u00e5neder f\u00f8r VM.<\/p>\n<p>Solbakken og co. spiller \u00e5pningskampen 17. juni. Det blir enten mot Bolivia, Irak eller Surinam. Ogs\u00e5 Frankrike og Senegal er i gruppa.<\/p>\n<p>    <a itemprop=\"url\" href=\"https:\/\/www.dagbladet.no\/sport\/ma-ikke-skje-igjen\/84083873\" rel=\"nofollow noopener\" target=\"_blank\"><\/p>\n<p>        <img loading=\"lazy\" decoding=\"async\" src=\"https:\/\/www.europesays.com\/no\/wp-content\/uploads\/2026\/01\/84083879.webp.webp\" width=\"147\" height=\"98\" title=\"- M\u00e5 ikke skje igjen\" alt=\"\" class=\"lazyload\" style=\"--aspect-ratio-image: 1.50; \"\/><\/p>\n<p>        &#8211; M\u00e5 ikke skje igjen<\/p>\n<p>    <\/a><\/p>\n<p>Den n\u00f8yaktige oppkj\u00f8ringen til VM i juni er enn\u00e5 ikke spikret. Men det blir privatlandskamper ogs\u00e5 da.\u00a0<\/p>\n<p>For Solbakken handler alt om \u00e5 prikke inn en formtopp til VM-starten.<\/p>\n","protected":false},"excerpt":{"rendered":"Sist sett p\u00e5 fest i Oslo. N\u00e5 fortsetter fotballandslaget jubelferden i Amsterdam. FEIRET: Da VM-billetten var i boks&hellip;\n","protected":false},"author":2,"featured_media":137497,"comment_status":"","ping_status":"","sticky":false,"template":"","format":"standard","meta":{"footnotes":""},"categories":[12],"tags":[20,21,24,25,15,22,23,13,30,28,29,14,16,26,27,412,42,43,44,45],"class_list":{"0":"post-137496","1":"post","2":"type-post","3":"status-publish","4":"format-standard","5":"has-post-thumbnail","7":"category-verden","8":"tag-breaking-news","9":"tag-breakingnews","10":"tag-featured-news","11":"tag-featurednews","12":"tag-headlines","13":"tag-latest-news","14":"tag-latestnews","15":"tag-news","16":"tag-no","17":"tag-norge","18":"tag-norway","19":"tag-nyheter","20":"tag-overskrifter","21":"tag-top-stories","22":"tag-topstories","23":"tag-utenriks","24":"tag-verden","25":"tag-world","26":"tag-world-news","27":"tag-worldnews"},"share_on_mastodon":{"url":"https:\/\/pubeurope.com\/@no\/115895241745350044","error":""},"_links":{"self":[{"href":"https:\/\/www.europesays.com\/no\/wp-json\/wp\/v2\/posts\/137496","targetHints":{"allow":["GET"]}}],"collection":[{"href":"https:\/\/www.europesays.com\/no\/wp-json\/wp\/v2\/posts"}],"about":[{"href":"https:\/\/www.europesays.com\/no\/wp-json\/wp\/v2\/types\/post"}],"author":[{"embeddable":true,"href":"https:\/\/www.europesays.com\/no\/wp-json\/wp\/v2\/users\/2"}],"replies":[{"embeddable":true,"href":"https:\/\/www.europesays.com\/no\/wp-json\/wp\/v2\/comments?post=137496"}],"version-history":[{"count":0,"href":"https:\/\/www.europesays.com\/no\/wp-json\/wp\/v2\/posts\/137496\/revisions"}],"wp:featuredmedia":[{"embeddable":true,"href":"https:\/\/www.europesays.com\/no\/wp-json\/wp\/v2\/media\/137497"}],"wp:attachment":[{"href":"https:\/\/www.europesays.com\/no\/wp-json\/wp\/v2\/media?parent=137496"}],"wp:term":[{"taxonomy":"category","embeddable":true,"href":"https:\/\/www.europesays.com\/no\/wp-json\/wp\/v2\/categories?post=137496"},{"taxonomy":"post_tag","embeddable":true,"href":"https:\/\/www.europesays.com\/no\/wp-json\/wp\/v2\/tags?post=137496"}],"curies":[{"name":"wp","href":"https:\/\/api.w.org\/{rel}","templated":true}]}}