{"id":137502,"date":"2026-01-14T20:06:17","date_gmt":"2026-01-14T20:06:17","guid":{"rendered":"https:\/\/www.europesays.com\/no\/137502\/"},"modified":"2026-01-14T20:06:17","modified_gmt":"2026-01-14T20:06:17","slug":"andrew-garfield-ugjenkjennelig-pa-nytt-bilde","status":"publish","type":"post","link":"https:\/\/www.europesays.com\/no\/137502\/","title":{"rendered":"Andrew Garfield ugjenkjennelig p\u00e5 nytt bilde"},"content":{"rendered":"<p class=\"kicker \" style=\"\">Hollywood-stjernen overrasker:<\/p>\n<p>    Skuespilleren skaper overskrifter med sitt nye utseende.\u00a0<\/p>\n<p>\n    TIL VANLIG: Mange kjenner nok Andrew Garfield slik, men p\u00e5 nye bilder ser han ganske s\u00e5 annerledes ut. Foto: NTB\n  <\/p>\n<p>Skuespiller Andrew Garfield (42) har v\u00e6rt en markant figur i Hollywood siden tidlig 2000-tallet, og skuespillertalentet hans har briljert i alt fra alvorlige dramaer, til store blockbuster-prosjekter.<\/p>\n<p>Mange vil dog hevde at det store gjennombruddet kom da han tolket Peter Parker i filmen \u00abThe Amazing Spiderman\u00bb.<\/p>\n<p>        <img loading=\"lazy\" decoding=\"async\" src=\"https:\/\/www.europesays.com\/no\/wp-content\/uploads\/2026\/01\/84098282.webp.webp\" width=\"667\" height=\"708\" title=\"SUPERHELT: Andrew fikk trolig sitt store gjennombrudd i \u00abThe Amazing Spiderman\u00bb. Foto: NTB\" alt=\"\" class=\"\" style=\"--aspect-ratio-image: 0.94; \"\/><\/p>\n<p>\n        SUPERHELT: Andrew fikk trolig sitt store gjennombrudd i \u00abThe Amazing Spiderman\u00bb. Foto: NTB\n    <\/p>\n<p>I 2024 og 2025 har Andrew ogs\u00e5 v\u00e6rt \u00e5 se i flere prosjekter og p\u00e5 magasinforsider, deriblant <a href=\"https:\/\/www.esquire.com\/entertainment\/movies\/a62284018\/andrew-garfield-we-live-in-time-interview-2024\/\" rel=\"nofollow noopener\" target=\"_blank\">Esquire<\/a>, hvor han snakket om b\u00e5de karrieren sin og livet utenfor rollen som superhelt.<\/p>\n<p>        <img loading=\"lazy\" decoding=\"async\" src=\"https:\/\/www.europesays.com\/no\/wp-content\/uploads\/2026\/01\/72878969.webp.webp\" width=\"667\" height=\"654\" title=\"FANT TONEN: B\u00e5de Emma Stone og Andrew Garfield spilte i \u00abThe Amazing Spiderman\u00bb. De fant raskt tonen under innspillingen, og var lenge ett av filmbyens hotteste kjendispar. De gikk hver til sitt etter fire \u00e5r. Foto: NTB\" alt=\"\" class=\"\" style=\"--aspect-ratio-image: 1.02; \"\/><\/p>\n<p>\n        FANT TONEN: B\u00e5de Emma Stone og Andrew Garfield spilte i \u00abThe Amazing Spiderman\u00bb. De fant raskt tonen under innspillingen, og var lenge ett av filmbyens hotteste kjendispar. De gikk hver til sitt etter fire \u00e5r. Foto: NTB\n    <\/p>\n<p>Selv om 42-\u00e5ringen har valgt \u00e5 holde kortene sv\u00e6rt tett til brystet hva gjelder privatlivet sitt, har forholdet til Monica Barbaro skapt mye nysgjerrighet blant b\u00e5de fans og f\u00f8lgere siden forholdet ble kjent i 2025.<\/p>\n<p>        <img loading=\"lazy\" decoding=\"async\" src=\"https:\/\/www.europesays.com\/no\/wp-content\/uploads\/2026\/01\/84098329.webp.webp\" width=\"667\" height=\"487\" title=\"FANT TONEN: Selv om verken Monica eller Andrew har bekreftet forholdet offentlig, er det mye som tyder p\u00e5 at de to trives sv\u00e6rt s\u00e5 godt i hverandres selskap. Foto: Alastair Grant \/ AP Photo \/ NTB\" alt=\"\" class=\"\" style=\"--aspect-ratio-image: 1.37; \"\/><\/p>\n<p>\n        FANT TONEN: Selv om verken Monica eller Andrew har bekreftet forholdet offentlig, er det mye som tyder p\u00e5 at de to trives sv\u00e6rt s\u00e5 godt i hverandres selskap. Foto: Alastair Grant \/ AP Photo \/ NTB\n    <\/p>\n<p>Paret har blitt avbildet sammen ved en rekke anledninger, noe de ogs\u00e5 ble denne helgen, skriver <a href=\"https:\/\/pagesix.com\/2026\/01\/13\/celebrity-news\/andrew-garfield-looks-unrecognizable-with-long-blond-hair\/\" rel=\"nofollow noopener\" target=\"_blank\">Page Six.<\/a><\/p>\n<p class=\"font-weight-bold m-font-weight-bold\" data-lab-font_weight=\"font-weight-bold\">Men p\u00e5 nettstedet er det ikke forholdet i seg selv som f\u00e5r spalteplass, men heller Andrews nye utseende.\u00a0<\/p>\n<p>        <img loading=\"lazy\" decoding=\"async\" src=\"https:\/\/www.europesays.com\/no\/wp-content\/uploads\/2026\/01\/82040824.webp.webp\" width=\"667\" height=\"541\" title=\"PIKENES JENS: Andrew har smeltet mang et pikehjerte i l\u00f8pet av sin skuespillerkarriere. Foto: NTB\" alt=\"\" class=\"\" style=\"--aspect-ratio-image: 1.23; \"\/><\/p>\n<p>\n        PIKENES JENS: Andrew har smeltet mang et pikehjerte i l\u00f8pet av sin skuespillerkarriere. Foto: NTB\n    <\/p>\n<p>Den popul\u00e6re skuespilleren overrasket trolig b\u00e5de fans og f\u00f8lgere da han viste seg i en helt ny &#8211; og noks\u00e5 uventet frisyre.\u00a0<\/p>\n<p data-lab-font_weight=\"\">42-\u00e5ringen, som i \u00e5revis har v\u00e6rt kjent for sitt m\u00f8rke h\u00e5r, ble fanget p\u00e5 kamera med merkbart lengre lokker.\u00a0I tillegg til at han har latt h\u00e5ret gro, har den m\u00f8rke manken m\u00e5ttet vike for en noks\u00e5 mye lysere fargetone.<\/p>\n<p>        FALT PLADASK: Midt i julestria kom det en uventet video fra kongehusets sosiale medier, kongehusekspert Caroline Vagle mener slike grep kan v\u00e6re et ess i ermet for en kongehus som opplever s\u00e5 mye negativ omtale. Video: Instagram \/ @detnorskekongehus \/\/ Reporter: Caroline Vagle \/\/ Klipp: H\u00e5vard Bj\u00f8rnerem<\/p>\n<p class=\"font-weight-light m-font-weight-light\" data-lab-font_weight=\"font-weight-light\">Page Six beskriver skuespilleren som n\u00e6rmest \u00abugjenkjennelig\u00bb.\u00a0<\/p>\n<p>\u00abAndrew Garfield ser helt ugjenkjennelig ut med sin mest dramatiske h\u00e5rforvandling hittil under date med Monica Barbaro\u00bb, skriver <a href=\"https:\/\/www.instyle.com\/andrew-garfield-unrecognizable-curly-blonde-hair-date-night-monica-barbaro-11885131\" rel=\"nofollow noopener\" target=\"_blank\">InStyle.\u00a0<\/a><\/p>\n<p>    <a itemprop=\"url\" href=\"https:\/\/www.seher.no\/kjendis\/deler-skrekkbilde\/84099838\" rel=\"nofollow noopener\" target=\"_blank\"><\/p>\n<p>        <img loading=\"lazy\" decoding=\"async\" src=\"https:\/\/www.europesays.com\/no\/wp-content\/uploads\/2026\/01\/84094774.webp.webp\" width=\"980\" height=\"441\" title=\"Deler skrekkbilde\" alt=\"\" class=\"lazyload\" style=\"--aspect-ratio-image: 2.22; \"\/><\/p>\n<p>        Deler skrekkbilde<\/p>\n<p>    <\/a><\/p>\n<p>Bildet av skuespilleren med de nye lyse og lange lokkene har g\u00e5tt viralt i sosiale medier, spesielt etter at han og kj\u00e6resten deltok p\u00e5 et Penn &amp; Teller-show p\u00e5 Rio Vegas. Det er derimot ikke bare h\u00e5ret som er forandret &#8211; skuespilleren har ogs\u00e5 fjernet sitt karakteristiske skjegg.\u00a0<\/p>\n<p>        <img loading=\"lazy\" decoding=\"async\" src=\"https:\/\/www.europesays.com\/no\/wp-content\/uploads\/2026\/01\/84098355.webp.webp\" width=\"667\" height=\"481\" title=\"FIRKL\u00d8VER: Det er ikke lett \u00e5 se at det er Andrew som skjuler seg under den bl\u00e5 capsen Foto: Skjermbilde: @pennandtellerlive \/ Instagram\" alt=\"\" class=\"\" style=\"--aspect-ratio-image: 1.39; \"\/><\/p>\n<p>\n        FIRKL\u00d8VER: Det er ikke lett \u00e5 se at det er Andrew som skjuler seg under den bl\u00e5 capsen Foto: Skjermbilde: @pennandtellerlive \/ Instagram\n    <\/p>\n<p class=\"font-weight-bold m-font-weight-bold\" data-lab-font_weight=\"font-weight-bold\">Paret ble avbildet backstage og Andrews nye h\u00e5r ble raskt et tema for diskusjon i kommentarfeltet til innlegget.<\/p>\n<p class=\"no_italic m-no_italic\" data-lab-italic=\"\">\u00abAndrew Garfield ser ut som Marcia Gay Harden\u00bb, er det blant annet en kommentar som lyder.\u00a0<\/p>\n<p>        <img loading=\"lazy\" decoding=\"async\" src=\"https:\/\/www.europesays.com\/no\/wp-content\/uploads\/2026\/01\/84098432.webp.webp\" width=\"667\" height=\"561\" title=\"SL\u00c5ENDE LIKE?: Kommentarfeltet spriker - og noen hevder at Andrew er sv\u00e6rt lik Marcia Gay Harden. Foto: NTB\" alt=\"\" class=\"\" style=\"--aspect-ratio-image: 1.19; \"\/><\/p>\n<p>\n        SL\u00c5ENDE LIKE?: Kommentarfeltet spriker &#8211; og noen hevder at Andrew er sv\u00e6rt lik Marcia Gay Harden. Foto: NTB\n    <\/p>\n<p class=\"no_italic m-no_italic\" data-lab-italic=\"\">\u00abJeg trodde f\u00f8rst at dette bildet var AI-generert\u00bb, skriver en annen.\u00a0<\/p>\n<p>Skuespilleren har selv ikke kommentert den nye h\u00e5rforandringen , men det stopper ikke fansen fra \u00e5 spekulere p\u00e5 om det kan skyldes en ny filmrolle.\u00a0<\/p>\n","protected":false},"excerpt":{"rendered":"Hollywood-stjernen overrasker: Skuespilleren skaper overskrifter med sitt nye utseende.\u00a0 TIL VANLIG: Mange kjenner nok Andrew Garfield slik, men&hellip;\n","protected":false},"author":2,"featured_media":137503,"comment_status":"","ping_status":"","sticky":false,"template":"","format":"standard","meta":{"footnotes":""},"categories":[58],"tags":[15720,4104,609,71,479,15721,30,28,29,4536,72],"class_list":{"0":"post-137502","1":"post","2":"type-post","3":"status-publish","4":"format-standard","5":"has-post-thumbnail","7":"category-underholdning","8":"tag-andrew-garfield","9":"tag-eksklusivt","10":"tag-emma-stone","11":"tag-entertainment","12":"tag-kjendis","13":"tag-monica-barbaro","14":"tag-no","15":"tag-norge","16":"tag-norway","17":"tag-spiderman","18":"tag-underholdning"},"share_on_mastodon":{"url":"https:\/\/pubeurope.com\/@no\/115895257294615244","error":""},"_links":{"self":[{"href":"https:\/\/www.europesays.com\/no\/wp-json\/wp\/v2\/posts\/137502","targetHints":{"allow":["GET"]}}],"collection":[{"href":"https:\/\/www.europesays.com\/no\/wp-json\/wp\/v2\/posts"}],"about":[{"href":"https:\/\/www.europesays.com\/no\/wp-json\/wp\/v2\/types\/post"}],"author":[{"embeddable":true,"href":"https:\/\/www.europesays.com\/no\/wp-json\/wp\/v2\/users\/2"}],"replies":[{"embeddable":true,"href":"https:\/\/www.europesays.com\/no\/wp-json\/wp\/v2\/comments?post=137502"}],"version-history":[{"count":0,"href":"https:\/\/www.europesays.com\/no\/wp-json\/wp\/v2\/posts\/137502\/revisions"}],"wp:featuredmedia":[{"embeddable":true,"href":"https:\/\/www.europesays.com\/no\/wp-json\/wp\/v2\/media\/137503"}],"wp:attachment":[{"href":"https:\/\/www.europesays.com\/no\/wp-json\/wp\/v2\/media?parent=137502"}],"wp:term":[{"taxonomy":"category","embeddable":true,"href":"https:\/\/www.europesays.com\/no\/wp-json\/wp\/v2\/categories?post=137502"},{"taxonomy":"post_tag","embeddable":true,"href":"https:\/\/www.europesays.com\/no\/wp-json\/wp\/v2\/tags?post=137502"}],"curies":[{"name":"wp","href":"https:\/\/api.w.org\/{rel}","templated":true}]}}