{"id":137504,"date":"2026-01-14T20:11:14","date_gmt":"2026-01-14T20:11:14","guid":{"rendered":"https:\/\/www.europesays.com\/no\/137504\/"},"modified":"2026-01-14T20:11:14","modified_gmt":"2026-01-14T20:11:14","slug":"promoterer-slankesproyter-paforer-mer-skam-og-stigma","status":"publish","type":"post","link":"https:\/\/www.europesays.com\/no\/137504\/","title":{"rendered":"Promoterer slankespr\u00f8yter: &#8211; P\u00e5f\u00f8rer mer skam og stigma"},"content":{"rendered":"<p>\u2013 N\u00e5r kjente, veltrente og slanke personer fronter legemidler mot overvekt, kan det ha en veldig feilaktig signaleffekt. <\/p>\n<p>Det sier Torgeir Hoff Skav\u00f8y, spesialist i allmennmedisin og leder for Norsk forening for allmennmedisin, til TV 2.<\/p>\n<p>Tennislegenden Serena Williams (44) var tidligere en av verdens st\u00f8rste idrettsstjerner.\u00a0<\/p>\n<p>        <img class=\"image__img lazyload\" itemprop=\"image\" title=\"Foto: John Minchillo \/ AP \/ NTB\" alt=\"LA OPP: Serena Williams la opp i 2022. Foto: John Minchillo \/ AP \/ NTB\" width=\"675\" height=\"453\" bad-src=\"https:\/\/www.europesays.com\/no\/wp-content\/uploads\/2026\/01\/18463759.webp.jpeg\" fetchpriority=\"auto\" \/><\/p>\n<p>      LA OPP: Serena Williams la opp i 2022.<br \/>\n         Foto: John Minchillo \/ AP \/ NTB<\/p>\n<p>Etter at hun la tennisrekkerten p\u00e5 hylla, har hun blant annet inng\u00e5tt et samarbeid med med det amerikanske helseselskapet Ro.\u00a0<\/p>\n<p>Selskapet reklamerer for <a href=\"https:\/\/sml.snl.no\/GLP-1-analoger\" target=\"_blank\" rel=\"nofollow noopener\">GL1<\/a>-baserte slankemedisiner, alts\u00e5 samme hormon som brukes for behandling av diabetes type 2.<\/p>\n<p>        <img class=\"image__img lazyload\" itemprop=\"image\" title=\"Foto: Ro \/ Reuters \/ NTB\" alt=\"STIKK: Her poserer tennislegenden med en spr\u00f8yte i h\u00e5nden. Foto: Ro \/ Reuters \/ NTB\" width=\"675\" height=\"379\" bad-src=\"https:\/\/www.europesays.com\/no\/wp-content\/uploads\/2026\/01\/18463761.webp.jpeg\" fetchpriority=\"auto\" \/><\/p>\n<p>      STIKK: Her poserer tennislegenden med en spr\u00f8yte i h\u00e5nden.<br \/>\n         Foto: Ro \/ Reuters \/ NTB<\/p>\n<p>Hun er imidlertid ikke alene fra idrettstoppen om \u00e5 gi oppmerksomhet til den omstridte slankemedisinen.\u00a0<\/p>\n<p>Kan gi feil inntrykk<\/p>\n<p>Den tidligere NFL-spilleren Tom Brady (48), ble nylig ansatt som helsedirekt\u00f8r i slankemiddelselskapet eMed, if\u00f8lge <a href=\"https:\/\/www.independent.co.uk\/news\/world\/americas\/tom-brady-emed-weightloss-shot-company-b2899015.html\" target=\"_blank\" rel=\"nofollow noopener\">Independent<\/a>.<\/p>\n<p>Det de veltrente idrettsstjernene har til felles; begge er ansikt utad for slankespr\u00f8yter.\u00a0<\/p>\n<p>        <img class=\"image__img lazyload\" itemprop=\"image\" title=\"Foto: Kirby Lee \/ Reuters \/ NTB\" alt=\"NY ROLLE: Tom Brady har g\u00e5tt over til helsen\u00e6ringen. Foto: Kirby Lee \/ Reuters \/ NTB\" width=\"675\" height=\"480\" bad-src=\"https:\/\/www.europesays.com\/no\/wp-content\/uploads\/2026\/01\/18463754.webp.jpeg\" fetchpriority=\"auto\" \/><\/p>\n<p>      NY ROLLE: Tom Brady har g\u00e5tt over til helsen\u00e6ringen.<br \/>\n         Foto: Kirby Lee \/ Reuters \/ NTB<\/p>\n<p>Allmennlege Hoff Skav\u00f8y, forteller til TV 2, at slik reklame kan skape et inntrykk av et kroppsideal som kan oppn\u00e5s gjennom bruk av medisiner.<\/p>\n<p>\u2013 Og at dette f\u00f8rer til et bedre liv.\u00a0<\/p>\n<p>        <img class=\"image__img lazyload\" itemprop=\"image\" title=\"Foto: Hedvig Kolboholen \/ Fotoblinkskudd\" alt=\"REAGERER: Torgeir Hoff Skav\u00f8y, leder Norsk forening for allmennmedisin, og spesialist i allmennmedisin. Foto: Hedvig Kolboholen \/ Fotoblinkskudd\" width=\"675\" height=\"736\" bad-src=\"https:\/\/www.europesays.com\/no\/wp-content\/uploads\/2026\/01\/18134439.webp.jpeg\" fetchpriority=\"auto\" \/><\/p>\n<p>      REAGERER: Torgeir Hoff Skav\u00f8y, leder Norsk forening for allmennmedisin, og spesialist i allmennmedisin.<br \/>\n         Foto: Hedvig Kolboholen \/ Fotoblinkskudd<\/p>\n<p>Hoff Skav\u00f8y f\u00e5r st\u00f8tte av forsker p\u00e5 fedme og diabetes type 2, Sindre Lee-\u00d8stg\u00e5rd.<\/p>\n<p>\u2013 Det sender et ganske paradoksalt signal. N\u00e5r mennesker som allerede er slanke, unge og topptrente fronter slankemedisin, risikerer man \u00e5 flytte budskapet fra behandling av sykdom til et ideal om kosmetisk optimalisering, sier Lee-\u00d8stg\u00e5rd til TV 2.<\/p>\n<p>        <img class=\"image__img lazyload\" itemprop=\"image\" title=\"Foto: Universitetet i Oslo\" alt=\"FORSKER: Kristian Lee-\u00d8deg\u00e5rd sl\u00e5r hardt ned p\u00e5 kjendis-promoteringen. Foto: Universitetet i Oslo\" width=\"675\" height=\"601\" bad-src=\"https:\/\/www.europesays.com\/no\/wp-content\/uploads\/2026\/01\/16478199.webp.jpeg\" fetchpriority=\"auto\" \/><\/p>\n<p>      FORSKER: Kristian Lee-\u00d8deg\u00e5rd sl\u00e5r hardt ned p\u00e5 kjendis-promoteringen.<br \/>\n         Foto: Universitetet i Oslo<\/p>\n<p>Hoff Skav\u00f8y presiserer ogs\u00e5 at dette visker ut skillet mellom medisinsk behandling av sykdom, og bruk av legemidler som et livsstil- og prestasjonsprodukt.<\/p>\n<p>\u2013 Dette kan gi inntrykk av at medisiner er en snarvei fremfor langsiktig arbeid med helse, levevaner og mestring. <\/p>\n<p>Kanskje det kan virke forvirrende at topptrente mennesker reklamerer for medisiner forskrevet til overvektige eller diabetespasienter.<\/p>\n<p>Men if\u00f8lge\u00a0<a href=\"https:\/\/nypost.com\/2026\/01\/13\/health\/star-athletes-promoting-glp-1s-what-it-means-for-your-weight-loss\/\" target=\"_blank\" style=\"letter-spacing: 0.01em;\" rel=\"nofollow noopener\">New York Post<\/a> hyller flere leger over Atlanteren idrettsstjernenes promotering.<\/p>\n<p>Ekspertene er splittet<\/p>\n<p>Blant dem finner vi Dr. Peter Balazs, spesialist p\u00e5 hormoner og vekttap.<\/p>\n<p>Han mener at det er flere fordeler med at de oppmuntrer til bruken av medisinene.\u00a0<\/p>\n<p>\u2013 Gjennom deres ber\u00f8mmelse og troverdighet, oppmuntrer det f\u00f8lgerne deres til \u00e5 ta det f\u00f8rste skrittet mot en sunnere livsstil, sier han if\u00f8lge New York Post.\u00a0<\/p>\n<p>Hoff Skav\u00f8y tror det er feil.<\/p>\n<p> \u2013 Det vil nok kunne f\u00f8re til \u00f8kt oppmerksomhet, men jeg tror dessverre at det vil p\u00e5f\u00f8re mer skam og stigma, enn at det f\u00f8rer til at personer som har behov, tar det f\u00f8rste skrittet mot en sunnere livsstil, sier han til TV 2.<\/p>\n<p>Forsker Lee-\u00d8deg\u00e5rd tilf\u00f8yer at det er et poeng i at stigma rundt fedme er en stor barriere.\u00a0<\/p>\n<p>\u2013 Hvis flere t\u00f8r \u00e5 s\u00f8ke hjelp fordi medisinen blir mer synlig, er det positivt. Samtidig er det en farlig forenkling \u00e5 tro at motivasjon skapes av kjendiser. <\/p>\n<p>I tillegg peker allmennlegen p\u00e5 at medisinene er kostbare, og at alle ikke har r\u00e5d til en slik behandling.\u00a0<\/p>\n<p>Bivirkningene kan ogs\u00e5 v\u00e6re av det mindre hyggelige slaget.\u00a0<\/p>\n<p>Ville dette skjedd i Norge?<\/p>\n<p>De vanligste bivirkningene er kvalme, diar\u00e9, oppkast og forstoppelse, forteller Hoff Skav\u00f8y, og legger til at det er stor sannsynlighet for \u00e5 g\u00e5 opp i vekt igjen etter man avslutter behandlingen.<\/p>\n<p class=\"italic m-italic\" data-lab-italic=\"italic\">\u2013 Dersom norske profiler hadde promotert dette, hvordan tror du det ville blitt tatt imot? <\/p>\n<p>\u2013 I Norge har vi et regelverk som setter klare grenser for markedsf\u00f8ring av legemidler. Forh\u00e5pentligvis ville de fleste gjennomskuet et \u00e5penbart \u00f8konomisk motiv dersom norske profiler hadde promotert p\u00e5 en slik m\u00e5te. Dette er ikke m\u00e5ten man skaper bedre folkehelse p\u00e5.<\/p>\n<p>Lee-\u00d8deg\u00e5rd legger til:<\/p>\n<p>\u2013 Jeg tror mange ville reagert negativt hvis kjendiser uten medisinsk bakgrunn begynte \u00e5 markedsf\u00f8re reseptbelagte medisiner. Det kan fort oppleves som uansvarlig og bidra til feilbruk. Slankespr\u00f8yter b\u00f8r v\u00e6re et medisinsk verkt\u00f8y \u2013 ikke et livsstilsprodukt. <\/p>\n<p class=\"italic m-italic\" data-lab-italic=\"italic\">TV 2 har forelagt kritikken for Tom Brady og Serena Williams, de har ikke besvart v\u00e5re henvendelser.\u00a0<\/p>\n","protected":false},"excerpt":{"rendered":"\u2013 N\u00e5r kjente, veltrente og slanke personer fronter legemidler mot overvekt, kan det ha en veldig feilaktig signaleffekt.&hellip;\n","protected":false},"author":2,"featured_media":137505,"comment_status":"","ping_status":"","sticky":false,"template":"","format":"standard","meta":{"footnotes":""},"categories":[10],"tags":[20,21,24,25,15,22,23,13,30,28,29,14,16,26,27],"class_list":{"0":"post-137504","1":"post","2":"type-post","3":"status-publish","4":"format-standard","5":"has-post-thumbnail","7":"category-norge","8":"tag-breaking-news","9":"tag-breakingnews","10":"tag-featured-news","11":"tag-featurednews","12":"tag-headlines","13":"tag-latest-news","14":"tag-latestnews","15":"tag-news","16":"tag-no","17":"tag-norge","18":"tag-norway","19":"tag-nyheter","20":"tag-overskrifter","21":"tag-top-stories","22":"tag-topstories"},"share_on_mastodon":{"url":"https:\/\/pubeurope.com\/@no\/115895276851828209","error":""},"_links":{"self":[{"href":"https:\/\/www.europesays.com\/no\/wp-json\/wp\/v2\/posts\/137504","targetHints":{"allow":["GET"]}}],"collection":[{"href":"https:\/\/www.europesays.com\/no\/wp-json\/wp\/v2\/posts"}],"about":[{"href":"https:\/\/www.europesays.com\/no\/wp-json\/wp\/v2\/types\/post"}],"author":[{"embeddable":true,"href":"https:\/\/www.europesays.com\/no\/wp-json\/wp\/v2\/users\/2"}],"replies":[{"embeddable":true,"href":"https:\/\/www.europesays.com\/no\/wp-json\/wp\/v2\/comments?post=137504"}],"version-history":[{"count":0,"href":"https:\/\/www.europesays.com\/no\/wp-json\/wp\/v2\/posts\/137504\/revisions"}],"wp:featuredmedia":[{"embeddable":true,"href":"https:\/\/www.europesays.com\/no\/wp-json\/wp\/v2\/media\/137505"}],"wp:attachment":[{"href":"https:\/\/www.europesays.com\/no\/wp-json\/wp\/v2\/media?parent=137504"}],"wp:term":[{"taxonomy":"category","embeddable":true,"href":"https:\/\/www.europesays.com\/no\/wp-json\/wp\/v2\/categories?post=137504"},{"taxonomy":"post_tag","embeddable":true,"href":"https:\/\/www.europesays.com\/no\/wp-json\/wp\/v2\/tags?post=137504"}],"curies":[{"name":"wp","href":"https:\/\/api.w.org\/{rel}","templated":true}]}}