{"id":137506,"date":"2026-01-14T20:16:08","date_gmt":"2026-01-14T20:16:08","guid":{"rendered":"https:\/\/www.europesays.com\/no\/137506\/"},"modified":"2026-01-14T20:16:08","modified_gmt":"2026-01-14T20:16:08","slug":"musk-og-openai-motes-i-retten-i-var-dette-krangler-de-om","status":"publish","type":"post","link":"https:\/\/www.europesays.com\/no\/137506\/","title":{"rendered":"Musk og OpenAI m\u00f8tes i retten i v\u00e5r \u2013 dette krangler de om"},"content":{"rendered":"\n<p class=\"_lead_snl99_2 _lead_1fmmc_55 layout-component layout-normal body-large layout-component layout-wide layout-padded _wide_17hqh_1 layout-padded\">Elon Musk anklager OpenAI for \u00e5 ha valgt profitt fremfor idealer. I slutten av april skal han og Sam Altman m\u00f8tes i retten i California.<\/p>\n<p><img alt=\"Striden mellom Sam Altman (til venstre) og Elon Musk handler om hvorvidt OpenAI br\u00f8t sitt opprinnelige l\u00f8fte om \u00e5 v\u00e6re en ideell organisasjon.\" class=\"_image_c08te_90 layout-component layout-wide\" data-fullscreen- data-track-element-type=\"Article image fullscreen\" data-track-name=\"ImageFullscreen\" fetchpriority=\"high\" decoding=\"sync\" loading=\"eager\" height=\"2600\" itemprop=\"image\"  src=\"https:\/\/www.europesays.com\/no\/wp-content\/uploads\/2026\/01\/30765ce2-fc69-4a01-a53e-ae36a0c74a82.png\"  style=\"object-position:0% 0%\" width=\"3902\"\/>Striden mellom Sam Altman (til venstre) og Elon Musk handler om hvorvidt OpenAI br\u00f8t sitt opprinnelige l\u00f8fte om \u00e5 v\u00e6re en ideell organisasjon.Vis mer<\/p>\n<p> Foto: [FREDERIC J. BROWN, JUNG YEON-JE] \/ AFP \/ NTB<\/p>\n<p class=\"_paragraph_snl99_4 _paragraph_1fmmc_7 layout-component layout-normal body-medium layout-padded\">Elon Musks s\u00f8ksm\u00e5l mot OpenAI og toppsjef Sam Altman g\u00e5r n\u00e5 mot en full rettssak i USA. <\/p>\n<p class=\"_paragraph_snl99_4 _paragraph_1fmmc_7 layout-component layout-normal body-medium layout-padded\">Striden handler om hvorvidt OpenAI har brutt l\u00f8ftene som ble gitt da selskapet ble startet som en ideell organisasjonEn ideell organisasjon eksisterer for \u00e5 l\u00f8se et samfunnsproblem eller tjene et felles gode, ikke for \u00e5 skape privat profitt., og <a href=\"https:\/\/e24.no\/internasjonal-oekonomi\/i\/jl6Qje\/elon-musk-saksoeker-openai-sjefen\" class=\"_link_snl99_43\" rel=\"nofollow noopener\" target=\"_blank\">om Musk ble f\u00f8rt bak lyset<\/a> da selskapet senere beveget seg i retning av en kommersiell gigantsatsing sammen med Microsoft.<\/p>\n<p><a class=\"_link_1hyue_61\" data-track-id=\"teaser:16nLqQ\" data-track-impression=\"true\" data-track-name=\"Uenige om oljeutsiktene: \u2013 \u00c5 g\u00e5 long energi, det begynner n\u00e5\" data-track-element-size=\"small\" data-track-element-type=\"Teaser\" data-track-image-url=\"https:\/\/www.europesays.com\/no\/wp-content\/uploads\/2026\/01\/015b369a-2b98-4305-b509-3cf66fde9089.jpeg\" data-track-layout-name=\"image:right\" data-track-position-source=\"related-article\" href=\"https:\/\/e24.no\/boers-og-finans\/i\/16nLqQ\/uenige-om-oljeutsiktene-aa-gaa-long-energi-det-begynner-naa\" rel=\"nofollow noopener\" target=\"_blank\"><\/p>\n<p class=\"label-small _kicker_1hyue_27\">Les ogs\u00e5<\/p>\n<p>Uenige om oljeutsiktene: \u2013 \u00c5 g\u00e5 long energi, det begynner n\u00e5<img decoding=\"async\" alt=\"\" class=\"_image_1hyue_16\" height=\"5228\" loading=\"lazy\"  src=\"https:\/\/www.europesays.com\/no\/wp-content\/uploads\/2026\/01\/015b369a-2b98-4305-b509-3cf66fde9089.jpeg\"  width=\"7843\"\/><\/a><\/p>\n<p class=\"_paragraph_snl99_4 _paragraph_1fmmc_7 layout-component layout-normal body-medium layout-padded\">N\u00e5 er det ogs\u00e5 klart n\u00e5r rettsoppgj\u00f8ret skal skje. If\u00f8lge <a href=\"https:\/\/www.businessinsider.com\/trial-date-for-musk-vs-altman-2026-1\" class=\"_link_snl99_43\" rel=\"nofollow noopener\" target=\"_blank\">Business Insider<\/a> har dommer Yvonne Gonzalez Rogers satt dato for juryutvelgelse til 27. april, og selve rettssaken er planlagt \u00e5 vare i rundt fire uker, frem til omtrent 22. mai. Saken skal behandles av en f\u00f8deral jury i Oakland i California.<\/p>\n<p>Beskyldes for \u00abpersonlig berikelse\u00bb<\/p>\n<p class=\"_paragraph_snl99_4 _paragraph_1fmmc_7 layout-component layout-normal body-medium layout-padded\">If\u00f8lge <a href=\"https:\/\/www.cnbc.com\/2026\/01\/08\/musk-openai-altman-lawsuit-trial.html\" class=\"_link_snl99_43\" rel=\"nofollow noopener\" target=\"_blank\">CNBC<\/a> hevder Musk at han kun gikk inn som medgr\u00fcnder og investor fordi han ble lovet at OpenAI skulle \u00abf\u00f8lge en tryggere og mer \u00e5pen kurs enn profittdrevne teknologigiganter\u00bb. <\/p>\n<p class=\"_paragraph_snl99_4 _paragraph_1fmmc_7 layout-component layout-normal body-medium layout-padded\">Musks advokat Marc Toberoff sier at ledelsen i OpenAI ga \u00abbevisst falske forsikringer\u00bb om selskapets veldedige form\u00e5l, og at dette senere ble ofret til fordel for \u00abpersonlig berikelse\u00bb da OpenAI bygget opp et nettverk av kommersielle datterselskaper og inngikk et milliardpartnerskap med Microsoft.<\/p>\n<p><img alt=\"Elon Musk og OpenAI-sjef Sam Altman m\u00f8tes i retten i California i v\u00e5r i en konflikt om selskapets vei fra idealistisk forskningsprosjekt til milliardbedrift. \" class=\"_image_c08te_90 layout-component layout-normal\" data-fullscreen- data-track-element-type=\"Article image fullscreen\" data-track-name=\"ImageFullscreen\" decoding=\"async\" loading=\"lazy\" height=\"2138\" itemprop=\"image\"  src=\"https:\/\/www.europesays.com\/no\/wp-content\/uploads\/2026\/01\/ab6fef2f-50c4-4f6c-8893-a2be9ce2a052.jpeg\"  style=\"object-position:0% 0%\" width=\"3500\"\/>Elon Musk og OpenAI-sjef Sam Altman m\u00f8tes i retten i California i v\u00e5r i en konflikt om selskapets vei fra idealistisk forskningsprosjekt til milliardbedrift. Vis mer<\/p>\n<p>Foto: Dado Ruvic \/ Reuters \/ NTB<\/p>\n<p class=\"_paragraph_snl99_4 _paragraph_1fmmc_7 layout-component layout-normal body-medium layout-padded\">OpenAI avviser p\u00e5standene og omtaler s\u00f8ksm\u00e5let som grunnl\u00f8st. En talsperson sier if\u00f8lge CNBC at saken er \u00aben del av Musks p\u00e5g\u00e5ende m\u00f8nster av trakassering\u00bb, og at selskapet fortsatt styres av sin ideelle stiftelse, selv om den kommersielle delen n\u00e5 er verdsatt til rundt 135 milliarder dollar.<\/p>\n<p class=\"_paragraph_snl99_4 _paragraph_1fmmc_7 layout-component layout-normal body-medium layout-padded\">Kjernen i konflikten er dermed om OpenAI ulovlig har beveget seg bort fra sitt opprinnelige samfunnsoppdrag, og om Altman og andre ledere har tjent store summer p\u00e5 bekostning av det Musk mente var et non-profit-prosjekt for menneskehetens beste.<\/p>\n<p class=\"_paragraph_snl99_4 _paragraph_1fmmc_7 layout-component layout-normal body-medium layout-padded\">Utfallet kan f\u00e5 store konsekvenser b\u00e5de for OpenAIs eierskapsmodell og for forholdet mellom to av teknologiindustriens mest profilerte ledere, som n\u00e5 m\u00f8tes i retten etter \u00e5r med offentlig konflikt.<\/p>\n","protected":false},"excerpt":{"rendered":"Elon Musk anklager OpenAI for \u00e5 ha valgt profitt fremfor idealer. I slutten av april skal han og&hellip;\n","protected":false},"author":2,"featured_media":137507,"comment_status":"","ping_status":"","sticky":false,"template":"","format":"standard","meta":{"footnotes":""},"categories":[56],"tags":[1882,60,61,129,467,62,30,28,29,174],"class_list":{"0":"post-137506","1":"post","2":"type-post","3":"status-publish","4":"format-standard","5":"has-post-thumbnail","7":"category-naeringsliv","8":"tag-ai","9":"tag-business","10":"tag-economy","11":"tag-elon-musk","12":"tag-kunstig-intelligens","13":"tag-naeringsliv","14":"tag-no","15":"tag-norge","16":"tag-norway","17":"tag-sam-altman"},"share_on_mastodon":{"url":"https:\/\/pubeurope.com\/@no\/115895296520590354","error":""},"_links":{"self":[{"href":"https:\/\/www.europesays.com\/no\/wp-json\/wp\/v2\/posts\/137506","targetHints":{"allow":["GET"]}}],"collection":[{"href":"https:\/\/www.europesays.com\/no\/wp-json\/wp\/v2\/posts"}],"about":[{"href":"https:\/\/www.europesays.com\/no\/wp-json\/wp\/v2\/types\/post"}],"author":[{"embeddable":true,"href":"https:\/\/www.europesays.com\/no\/wp-json\/wp\/v2\/users\/2"}],"replies":[{"embeddable":true,"href":"https:\/\/www.europesays.com\/no\/wp-json\/wp\/v2\/comments?post=137506"}],"version-history":[{"count":0,"href":"https:\/\/www.europesays.com\/no\/wp-json\/wp\/v2\/posts\/137506\/revisions"}],"wp:featuredmedia":[{"embeddable":true,"href":"https:\/\/www.europesays.com\/no\/wp-json\/wp\/v2\/media\/137507"}],"wp:attachment":[{"href":"https:\/\/www.europesays.com\/no\/wp-json\/wp\/v2\/media?parent=137506"}],"wp:term":[{"taxonomy":"category","embeddable":true,"href":"https:\/\/www.europesays.com\/no\/wp-json\/wp\/v2\/categories?post=137506"},{"taxonomy":"post_tag","embeddable":true,"href":"https:\/\/www.europesays.com\/no\/wp-json\/wp\/v2\/tags?post=137506"}],"curies":[{"name":"wp","href":"https:\/\/api.w.org\/{rel}","templated":true}]}}