{"id":137510,"date":"2026-01-14T20:21:14","date_gmt":"2026-01-14T20:21:14","guid":{"rendered":"https:\/\/www.europesays.com\/no\/137510\/"},"modified":"2026-01-14T20:21:14","modified_gmt":"2026-01-14T20:21:14","slug":"emilia-clarke-om-mentalt-sammenbrudd-etter-game-of-thrones","status":"publish","type":"post","link":"https:\/\/www.europesays.com\/no\/137510\/","title":{"rendered":"Emilia Clarke om mentalt sammenbrudd etter Game of Thrones"},"content":{"rendered":"<p class=\"kicker \" style=\"\">Emilia Clarke:<\/p>\n<p>    Skuespilleren opplevde totalt sammenbrudd da \u00abGame of Thrones\u00bb tok slutt i 2019.<\/p>\n<p>\n    SNAKKER UT: Emilia Clarke deler \u00e6rlig om tiden etter suksesserien. Foto: Vianney Le Caer \/ Invision \/ AP\n  <\/p>\n<p>Skuespiller Emilia Clarke (39) fikk sitt store gjennombrudd da hun i 2011 dukket opp som Daenerys Targeryen i serien \u00abGame of Thrones\u00bb.\u00a0<\/p>\n<p>    <a itemprop=\"url\" href=\"https:\/\/www.dagbladet.no\/kjendis\/redd-for-a-do-under-innspilling\/81532460\" rel=\"nofollow noopener\" target=\"_blank\"><\/p>\n<p>        <img loading=\"lazy\" decoding=\"async\" src=\"https:\/\/www.europesays.com\/no\/wp-content\/uploads\/2026\/01\/73544909.webp.webp\" width=\"980\" height=\"441\" title=\"Redd for \u00e5 d\u00f8 under innspilling\" alt=\"\" class=\"lazyload\" style=\"--aspect-ratio-image: 2.22; \"\/><\/p>\n<p>        Redd for \u00e5 d\u00f8 under innspilling<\/p>\n<p>    <\/a><\/p>\n<p>P\u00e5 skjermen s\u00e5 man Clarke med platinablondt h\u00e5r i rollen som den n\u00e5del\u00f8se kvinnen. Serien gikk i \u00e5tte \u00e5r og gjorde Clarke til en verdenskjent stjerne.<\/p>\n<p>I et intervju med <a href=\"https:\/\/www.dailymail.co.uk\/tvshowbiz\/article-15462203\/Emilia-Clarke-mental-breakdown-Game-Thrones-finished.html\" target=\"_blank\" rel=\"nofollow noopener\">New York Times <\/a>forteller Clarke at hun m\u00f8tte p\u00e5 uforutsette utfordringer etter at innspillingen tok slutt.<\/p>\n<p>        <img loading=\"lazy\" decoding=\"async\" src=\"https:\/\/www.europesays.com\/no\/wp-content\/uploads\/2026\/01\/84097853.webp.webp\" width=\"667\" height=\"561\" title=\"HOVEDROLLE: Emilia Clarke spilte rollen Daenerys Targeryen. Foto: HBO \/ Kobal \/ REX\" alt=\"\" class=\"\" style=\"--aspect-ratio-image: 1.19; \"\/><\/p>\n<p>\n        HOVEDROLLE: Emilia Clarke spilte rollen Daenerys Targeryen. Foto: HBO \/ Kobal \/ REX\n    <\/p>\n<p>&#8211; Mentalt sammenbrudd\t<\/p>\n<p>\u00abGame of Thrones\u00bb ble uten tvil en stor del av livet til 39-\u00e5ringen. Da programmet s\u00e5 sin slutt i 2019, m\u00f8tte Clarke veggen.<\/p>\n<p>&#8211; Det var f\u00f8rste gang i mitt profesjonelle liv at jeg stoppet opp. Jeg hadde et fullstendig mentalt sammenbrudd. Det var nesten som om timingen med pandemien var perfekt, sier hun til The New York Times.<\/p>\n<p>        FORBANNA: Det ble d\u00e5rlig stemning da \u00abFarmen kjendis\u00bb-deltakerne oppdaget hva innbruddstyvene hadde tatt med seg. Reporter: Nora Skavhaug. Video: Sanne Holt\/ TV 2\/ R\u00f8d L\u00f8per<\/p>\n<p>F\u00f8rst etter at serien tok slutt tok hun seg tid til \u00e5 innse at hun kunne f\u00e5 mer kontroll over sine egne valg og eget arbeid.<\/p>\n<p>&#8211; S\u00e5 mye av karrieren min reflekterte ikke min smak. Jeg ble bare skutt ut av en kanon, sier hun.<\/p>\n<p>    <a itemprop=\"url\" href=\"https:\/\/www.dagbladet.no\/kjendis\/sykt-ondskapsfullt-og-vondt\/81992310\" rel=\"nofollow noopener\" target=\"_blank\"><\/p>\n<p>        <img loading=\"lazy\" decoding=\"async\" src=\"https:\/\/www.europesays.com\/no\/wp-content\/uploads\/2026\/01\/81992315.webp.webp\" width=\"980\" height=\"441\" title=\"- Sykt, ondskapsfullt og vondt\" alt=\"\" class=\"lazyload\" style=\"--aspect-ratio-image: 2.22; \"\/><\/p>\n<p>        &#8211; Sykt, ondskapsfullt og vondt<\/p>\n<p>    <\/a><\/p>\n<p>Clarke er ogs\u00e5 krystallklar p\u00e5 at hun ikke kommer til \u00e5 returnere til fantasy-sjangeren.<\/p>\n<p>&#8211; Du kommer med stor sannsynlighet aldri til \u00e5 se meg p\u00e5 en drage, eller i samme scene som en drage, igjen, sier hun.<\/p>\n<p>        <img loading=\"lazy\" decoding=\"async\" src=\"https:\/\/www.europesays.com\/no\/wp-content\/uploads\/2026\/01\/84097928.webp.webp\" width=\"667\" height=\"434\" title=\"DEN GANG DA: Det er h\u00f8yst usannsynlig at vi f\u00e5r se Clarke p\u00e5 skjermen men drage igjen. Foto: HBO \/ Kobal \/ REX\" alt=\"\" class=\"\" style=\"--aspect-ratio-image: 1.54; \"\/><\/p>\n<p>\n        DEN GANG DA: Det er h\u00f8yst usannsynlig at vi f\u00e5r se Clarke p\u00e5 skjermen men drage igjen. Foto: HBO \/ Kobal \/ REX\n    <\/p>\n<p>Fikk hjernebl\u00f8dning\t<\/p>\n<p>Skuespilleren har tidligere delt \u00e5penhjertig om da hun opplevde \u00e5 f\u00e5 aneurisme i hjernen i 2011 og 2013.\u00a0Det er ogs\u00e5 den vanligste \u00e5rsaken til hjernehinnebl\u00f8dning, if\u00f8lge\u00a0<a href=\"https:\/\/sml.snl.no\/aneurisme\" rel=\"nofollow noopener\" target=\"_blank\">Store norske leksikon<\/a>. <\/p>\n<p> &#8211; Hjerneskaden endret selvf\u00f8lelsen p\u00e5 et s\u00e5 dramatisk niv\u00e5, og firedoblet all usikkerheten p\u00e5 arbeidsplassen over natta. Det f\u00f8rste vi alle fryktet var: \u00abHerregud, f\u00e5r jeg sparken n\u00e5? Kommer jeg til \u00e5 f\u00e5 sparken fordi de tror jeg ikke er i stand til \u00e5 gj\u00f8re jobben min?\u00bb. <\/p>\n<p>        KONFRONTERES: Petter Stordalen m\u00e5 forsvare seg n\u00e5r forfatter Rutger Bregman stiller han til veggs om hva han bruker formuen sin p\u00e5. Reporter: Karolina Grace \/ R\u00f8d L\u00f8per. Video: SVT. <\/p>\n<p>Helseutfordringene p\u00e5virket skuespilleren kraftig, og i en periode var hun langt nede mentalt.<\/p>\n<p> &#8211; I mine m\u00f8rkeste \u00f8yeblikk \u00f8nsket jeg \u00e5 trekke ut stikkontakta. Jeg ba legene om \u00e5 f\u00e5 d\u00f8. <\/p>\n<p>    <a itemprop=\"url\" href=\"https:\/\/www.dagbladet.no\/kjendis\/ikke-til-a-kjenne-igjen\/81966572\" rel=\"nofollow noopener\" target=\"_blank\"><\/p>\n<p>        <img loading=\"lazy\" decoding=\"async\" src=\"https:\/\/www.europesays.com\/no\/wp-content\/uploads\/2026\/01\/81966575.webp.webp\" width=\"980\" height=\"441\" title=\"Ikke til \u00e5 kjenne igjen\" alt=\"\" class=\"lazyload\" style=\"--aspect-ratio-image: 2.22; \"\/><\/p>\n<p>        Ikke til \u00e5 kjenne igjen<\/p>\n<p>    <\/a><\/p>\n<p>39-\u00e5ringens hjernebl\u00f8dninger skjedde mens det var innspillingspause av \u00abGame of Thrones\u00bb. Det var derfor f\u00e5 i produksjonen som fikk vite om den alvorlige hjerneskaden med en gang. <\/p>\n<p> Hun var tilbake p\u00e5 jobb bare uker etter f\u00f8rste hjernebl\u00f8dning. <\/p>\n","protected":false},"excerpt":{"rendered":"Emilia Clarke: Skuespilleren opplevde totalt sammenbrudd da \u00abGame of Thrones\u00bb tok slutt i 2019. SNAKKER UT: Emilia Clarke&hellip;\n","protected":false},"author":2,"featured_media":137511,"comment_status":"","ping_status":"","sticky":false,"template":"","format":"standard","meta":{"footnotes":""},"categories":[58],"tags":[15722,71,3227,479,30,28,29,72],"class_list":{"0":"post-137510","1":"post","2":"type-post","3":"status-publish","4":"format-standard","5":"has-post-thumbnail","7":"category-underholdning","8":"tag-emilia-clarke","9":"tag-entertainment","10":"tag-game-of-thrones","11":"tag-kjendis","12":"tag-no","13":"tag-norge","14":"tag-norway","15":"tag-underholdning"},"share_on_mastodon":{"url":"https:\/\/pubeurope.com\/@no\/115895316222900164","error":""},"_links":{"self":[{"href":"https:\/\/www.europesays.com\/no\/wp-json\/wp\/v2\/posts\/137510","targetHints":{"allow":["GET"]}}],"collection":[{"href":"https:\/\/www.europesays.com\/no\/wp-json\/wp\/v2\/posts"}],"about":[{"href":"https:\/\/www.europesays.com\/no\/wp-json\/wp\/v2\/types\/post"}],"author":[{"embeddable":true,"href":"https:\/\/www.europesays.com\/no\/wp-json\/wp\/v2\/users\/2"}],"replies":[{"embeddable":true,"href":"https:\/\/www.europesays.com\/no\/wp-json\/wp\/v2\/comments?post=137510"}],"version-history":[{"count":0,"href":"https:\/\/www.europesays.com\/no\/wp-json\/wp\/v2\/posts\/137510\/revisions"}],"wp:featuredmedia":[{"embeddable":true,"href":"https:\/\/www.europesays.com\/no\/wp-json\/wp\/v2\/media\/137511"}],"wp:attachment":[{"href":"https:\/\/www.europesays.com\/no\/wp-json\/wp\/v2\/media?parent=137510"}],"wp:term":[{"taxonomy":"category","embeddable":true,"href":"https:\/\/www.europesays.com\/no\/wp-json\/wp\/v2\/categories?post=137510"},{"taxonomy":"post_tag","embeddable":true,"href":"https:\/\/www.europesays.com\/no\/wp-json\/wp\/v2\/tags?post=137510"}],"curies":[{"name":"wp","href":"https:\/\/api.w.org\/{rel}","templated":true}]}}