{"id":137514,"date":"2026-01-14T20:25:15","date_gmt":"2026-01-14T20:25:15","guid":{"rendered":"https:\/\/www.europesays.com\/no\/137514\/"},"modified":"2026-01-14T20:25:15","modified_gmt":"2026-01-14T20:25:15","slug":"desse-fekk-naer-ein-million-i-kompensasjon-morenytt-no","status":"publish","type":"post","link":"https:\/\/www.europesays.com\/no\/137514\/","title":{"rendered":"Desse fekk n\u00e6r ein million i kompensasjon &#8211; morenytt.no"},"content":{"rendered":"<ol>\n<li><a href=\"https:\/\/news.google.com\/rss\/articles\/CBMiigFBVV95cUxPeVNPUGYxdWhYbHBKcENNYTFfN3ExN0FrZVl2RTZnM3FSQ2VGVThnelpNV2ktOGhISTN2Y1phSldMb1B1RkNYRFJaXzluQUwtSndDZ280TWJfTWZ3Q1B3NXZ2eGsyNTRnMnFkemYzNkNfMXhIXzRORXJaTVF3M1JHV3Q3cEdnSEpocEE?oc=5\" target=\"_blank\" rel=\"nofollow noopener\">Desse fekk n\u00e6r ein million i kompensasjon<\/a>&nbsp;&nbsp;morenytt.no<\/li>\n<li><a href=\"https:\/\/news.google.com\/rss\/articles\/CBMikgFBVV95cUxQdWZSTWdBSmxHeFZXYUg2V29iQVpPZ21KWFhsWUs5RmFsUlFiOS1FcHM1ckFwTkdYdjNPVUdlX1AyTlB0M21JVUhpZDJDOU5aZTMtT1BtUnN0RGJuaXRNcWVYa0QzUG94Vi1kZjl5aExyaVU2T3FBUUdhT0JFSnVtZWd0TWdFX3JqYk95YTh2U24xQQ?oc=5\" target=\"_blank\" rel=\"nofollow noopener\">F\u00e5r utbetalt millionar i momskompensasjon<\/a>&nbsp;&nbsp;vestlandsnytt.no<\/li>\n<li><a href=\"https:\/\/news.google.com\/rss\/articles\/CBMivgFBVV95cUxPNVhkVVNlR1lobnRMNjN5bFd5dkFBX3NZSVBGcUNxOVJiTWk1ZDBkVG9BRG1XQS1fd0N2NWNJQ1V4OWMtMWU1Zk94cTVsM2FTWlJMS0trUi04bHR3OVZTampUaDFOVDZTRFhZNl9wTEVkbENXR3JwVXlFMm4yaDNwbG9iS0ludGdlejlSRVJ2bFJCSlpIMkU3RjY1Mk9IZmNvNWFleGZnMU9uc2xVcTB2TVc4clVUZHBJallnZTFB?oc=5\" target=\"_blank\" rel=\"nofollow noopener\">Frivillighet, Kultur | Idrettslag troner p\u00e5 topp: Sjekk hvor mye din forening fikk tilbake fra staten<\/a>&nbsp;&nbsp;Namdalsavisa<\/li>\n<li><a href=\"https:\/\/news.google.com\/rss\/articles\/CBMiqwFBVV95cUxOUkdoU0JNaEg0eGw3V1FKc1M4UWlRbTFMLUhpUllHYzAxWlJmSFZHLUxLZEhNVzRUay1iM3VmZUdHOXRBcU1neFV6T2ZVbFhmdnVCMkU4SVJGWk9MdTVLaTB6ZlFqZVcwR1V2NGpYMnVsWHA0N2JISFpNeDBobEdRUE1ReGc0eUNaUFY5NTk0SXZYd09kTk9tSFVjMWxHcVhpUVBveHJhMVJOcVE?oc=5\" target=\"_blank\" rel=\"nofollow noopener\">(Abo) Over tre millionar i momskompensasjon til Vestnes-organisasjonar<\/a>&nbsp;&nbsp;Vestnesavisa<\/li>\n<li><a href=\"https:\/\/news.google.com\/rss\/articles\/CBMi8AFBVV95cUxPN1lWNUJRU2hXakNxODdJVzZzYThUYmdYMlVCZjEzdjJzVDZzU1ZuQmNHMXdVU1NlMURXLXpxZ2JmQmhsZjNkMHUzQURycjB3VGdpUzZZbjNUaW1tQ3I3M3RZakh2cnpNNFdLZzZKN0hVYWx0UnhrQTkzR1pTQ3VpWnhKWENEc1N1WFdwaVhQYXo0NkJXUU82Y01UVjhBWUlNcGVuREp3Ri1BbjM5TkFSQlhqdUFOTnNIZFc0ZjRjT3NVcFRBLXZVQ195STg0YlI2UllST2NPYUJjdHZlMDZpZTlwN3JGb2o4bURONlZnZkg?oc=5\" target=\"_blank\" rel=\"nofollow noopener\">Se hvilke frivillige organisasjoner som har f\u00e5tt momskompensasjon i din kommune<\/a>&nbsp;&nbsp;NTB Kommunikasjon<\/li>\n<\/ol>\n","protected":false},"excerpt":{"rendered":"Desse fekk n\u00e6r ein million i kompensasjon&nbsp;&nbsp;morenytt.no F\u00e5r utbetalt millionar i momskompensasjon&nbsp;&nbsp;vestlandsnytt.no Frivillighet, Kultur | Idrettslag troner p\u00e5&hellip;\n","protected":false},"author":2,"featured_media":137515,"comment_status":"","ping_status":"","sticky":false,"template":"","format":"standard","meta":{"footnotes":""},"categories":[10],"tags":[20,21,24,25,15,22,23,13,30,28,29,14,16,26,27],"class_list":{"0":"post-137514","1":"post","2":"type-post","3":"status-publish","4":"format-standard","5":"has-post-thumbnail","7":"category-norge","8":"tag-breaking-news","9":"tag-breakingnews","10":"tag-featured-news","11":"tag-featurednews","12":"tag-headlines","13":"tag-latest-news","14":"tag-latestnews","15":"tag-news","16":"tag-no","17":"tag-norge","18":"tag-norway","19":"tag-nyheter","20":"tag-overskrifter","21":"tag-top-stories","22":"tag-topstories"},"share_on_mastodon":{"url":"https:\/\/pubeurope.com\/@no\/115895331917312236","error":""},"_links":{"self":[{"href":"https:\/\/www.europesays.com\/no\/wp-json\/wp\/v2\/posts\/137514","targetHints":{"allow":["GET"]}}],"collection":[{"href":"https:\/\/www.europesays.com\/no\/wp-json\/wp\/v2\/posts"}],"about":[{"href":"https:\/\/www.europesays.com\/no\/wp-json\/wp\/v2\/types\/post"}],"author":[{"embeddable":true,"href":"https:\/\/www.europesays.com\/no\/wp-json\/wp\/v2\/users\/2"}],"replies":[{"embeddable":true,"href":"https:\/\/www.europesays.com\/no\/wp-json\/wp\/v2\/comments?post=137514"}],"version-history":[{"count":0,"href":"https:\/\/www.europesays.com\/no\/wp-json\/wp\/v2\/posts\/137514\/revisions"}],"wp:featuredmedia":[{"embeddable":true,"href":"https:\/\/www.europesays.com\/no\/wp-json\/wp\/v2\/media\/137515"}],"wp:attachment":[{"href":"https:\/\/www.europesays.com\/no\/wp-json\/wp\/v2\/media?parent=137514"}],"wp:term":[{"taxonomy":"category","embeddable":true,"href":"https:\/\/www.europesays.com\/no\/wp-json\/wp\/v2\/categories?post=137514"},{"taxonomy":"post_tag","embeddable":true,"href":"https:\/\/www.europesays.com\/no\/wp-json\/wp\/v2\/tags?post=137514"}],"curies":[{"name":"wp","href":"https:\/\/api.w.org\/{rel}","templated":true}]}}