{"id":137518,"date":"2026-01-14T20:32:12","date_gmt":"2026-01-14T20:32:12","guid":{"rendered":"https:\/\/www.europesays.com\/no\/137518\/"},"modified":"2026-01-14T20:32:12","modified_gmt":"2026-01-14T20:32:12","slug":"trodde-ikke-sine-egne-oyne","status":"publish","type":"post","link":"https:\/\/www.europesays.com\/no\/137518\/","title":{"rendered":"Trodde ikke sine egne \u00f8yne"},"content":{"rendered":"<p class=\"kicker \" style=\"\">Haugesund<\/p>\n<p>    Jan K\u00e5re Ness trodde han s\u00e5 en oter \u2013 men oppdagelsen i sj\u00f8en skulle vise seg \u00e5 v\u00e6re noe helt annet.<\/p>\n<p>\n    \u00abHVA I ALL VERDEN?\u00bb: Jan K\u00e5re Ness og kameraten gjorde store \u00f8yne da de var ute for \u00e5 observere fuglearter ved V\u00e5ga p\u00e5 Austre Bokn i Haugesund nylig. Foto: Jan K\u00e5re Ness\n  <\/p>\n<p>&#8211; Det var virkelig en spesiell opplevelse. Jeg har aldri sett noe s\u00e5nt tidligere og kommer heller aldri til \u00e5 se det igjen.\u00a0<\/p>\n<p>Det var en helt vanlig s\u00f8ndag i starten av januar at Jan K\u00e5re Ness og kameraten gjorde store \u00f8yne da de oppdaget noe som l\u00e5 og fl\u00f8t i vannskorpa ved Austre Bokn i Haugesund i Rogaland.\u00a0<\/p>\n<p>&#8211; Jeg trodde f\u00f8rst det var en oter, sier Ness da Dagbladet sl\u00e5r p\u00e5 tr\u00e5den for \u00e5 h\u00f8re om oppdagelsen.\u00a0<\/p>\n<p><a href=\"https:\/\/www.alt.no\/kikket-etter-fugler-sa-dukket-dette-gapet-opp-av-sjoen\/s\/5-62-1973424?context=altno\" target=\"_blank\" rel=\"nofollow noopener\">Haugesunds Avis<\/a> omtalte saken f\u00f8rst.\u00a0<\/p>\n<p>        <img loading=\"lazy\" decoding=\"async\" src=\"https:\/\/www.europesays.com\/no\/wp-content\/uploads\/2026\/01\/84097138.webp.webp\" width=\"667\" height=\"381\" title=\"\u00abPLASK\u00bb: Jan K\u00e5re Ness rakk \u00e5 fotografere breiflabben f\u00f8r den plasket og forsvant ned i dypet igjen. Foto: Jan K\u00e5re Ness\" alt=\"\" class=\"\" style=\"--aspect-ratio-image: 1.75; \"\/><\/p>\n<p>\n        \u00abPLASK\u00bb: Jan K\u00e5re Ness rakk \u00e5 fotografere breiflabben f\u00f8r den plasket og forsvant ned i dypet igjen. Foto: Jan K\u00e5re Ness\n    <\/p>\n<p>M\u00e5tte dokumentere\u00a0\t<\/p>\n<p>Det h\u00f8rer med til historien at Ness og kameraten, som begge er fugleinteresserte, var ute p\u00e5 Bird Race, en fuglekikke-konkurranse der det handler om \u00e5 observere flest mulig fuglearter, da de oppdaget noe som ikke hadde noe med fugler \u00e5 gj\u00f8re.\u00a0<\/p>\n<p>        OVERRASKELSE: Anne Jorid Gjertsen og familien fikk en fisketur de sent vil glemme da en uventet gjest plutselig duket opp foran b\u00e5ten. Video: Anne Jorid Gjertsen. <\/p>\n<p>&#8211; Vi var nesten ferdige for dagen, da vi sto p\u00e5 en av de bedre lokalitetene i Bokn kommune og s\u00e5 utover sj\u00f8en, at vi s\u00e5 noe i vannskorpa, sier Ness.\u00a0<\/p>\n<p>Det var kameraten som f\u00f8rst spottet den mystiske skikkelsen som hadde dukket opp i vannskorpa, ogs\u00e5 ved hjelp av en kikkert.\u00a0<\/p>\n<p>    <a itemprop=\"url\" href=\"https:\/\/www.dagbladet.no\/nyheter\/vilt-syn-i-oslofjorden\/83327278\" rel=\"nofollow noopener\" target=\"_blank\"><\/p>\n<p>        <img loading=\"lazy\" decoding=\"async\" src=\"https:\/\/www.europesays.com\/no\/wp-content\/uploads\/2026\/01\/83327771.webp.webp\" width=\"980\" height=\"441\" title=\"Vilt syn i Oslofjorden\" alt=\"\" class=\"lazyload\" style=\"--aspect-ratio-image: 2.22; \"\/><\/p>\n<p>        Vilt syn i Oslofjorden<\/p>\n<p>    <\/a><\/p>\n<p>&#8211; Jeg hadde ingenting annet \u00e5 sammenlikne det med, s\u00e5 jeg trodde det var en oter. Kameraten med kikkert hadde derimot konkludert med at det var en breiflabb, sier Ness.\u00a0<\/p>\n<p>        <img loading=\"lazy\" decoding=\"async\" src=\"https:\/\/www.europesays.com\/no\/wp-content\/uploads\/2026\/01\/84098072.webp.webp\" width=\"980\" height=\"559\" title=\"STOR i KJEFTEN: Slik ser en breiflabb ut n\u00e5r den blir dratt opp p\u00e5 kroken. Bildet er fra et fiskefelt i Vester\u00e5len i 2009, og er ment som illustrasjon i denne saken. Foto: Jan-Morten Bj\u00f8rnbakk \/ NTB.\" alt=\"\" class=\"\" style=\"--aspect-ratio-image: 1.75; \"\/><\/p>\n<p>\n        STOR i KJEFTEN: Slik ser en breiflabb ut n\u00e5r den blir dratt opp p\u00e5 kroken. Bildet er fra et fiskefelt i Vester\u00e5len i 2009, og er ment som illustrasjon i denne saken. Foto: Jan-Morten Bj\u00f8rnbakk \/ NTB.\n    <\/p>\n<p>Han sier videre at det f\u00f8rste han tenkte p\u00e5 var at\u00a0\u00abher m\u00e5 jeg dokumentere\u00bb, og la p\u00e5 sprang for \u00e5 f\u00e5 noen blinkskudd av fisken som fortsatt l\u00e5 og gapte i vannskorpa.\u00a0<\/p>\n<p>&#8211; Som frilansfotograf er det viktig \u00e5 ha med kameraet, og det er jeg glad for at jeg hadde. Jeg er veldig opptatt av \u00e5 dokumentere, enten det dreier seg om fugleobservasjoner eller ogs\u00e5 n\u00e5 synet av en breiflabb, forklarer Ness.\u00a0<\/p>\n<p>    Fakta om breiflabb<\/p>\n<ul>\n<li class=\"lab-bodytext-line\"> Breiflabb er en fiskeart i breiflabbfamilien og kategoriseres som en rovfisk. Den er ogs\u00e5 kjent som marulk, flabb, ulke, sj\u00f8djevel, havtaske og storkjeft. <\/li>\n<li class=\"lab-bodytext-line\"> Breiflabben ble i tidligere tider sett p\u00e5 som en ufisk. I dag er den en meget ettertraktet fisk. Kj\u00f8ttet er fast, fint og velsmakende. <\/li>\n<li class=\"lab-bodytext-line\"> Breiflabben har et stort og sv\u00e6rt bredt hode.\u00a0Kjeften er stor med tynne og skarpe tenner. Disse tennene er hengslet og kan sl\u00e5s innover, slik at fisk som den har fanget lettere kan tas inn i munnen. Samtidig er det vanskelig for byttet \u00e5 komme ut igjen. <\/li>\n<li class=\"lab-bodytext-line\"> Breiflabb lever p\u00e5 bunnen, fra fj\u00e6ra til store dyp, og de m\u00f8rke fargene med marmoreringer gj\u00f8r at den ofte g\u00e5r i ett med bakgrunnen. <\/li>\n<li class=\"lab-bodytext-line\"> Breiflabben er utbredt fra Barentshavet til nordlige deler av Vest-Afrika. Den finnes ogs\u00e5 i Middelhavet og Svartehavet. Grensa i vest for breiflabbens utbredelse g\u00e5r ved Island. <\/li>\n<\/ul>\n<p>Kilder: <a href=\"https:\/\/snl.no\/breiflabb\" target=\"_blank\" rel=\"nofollow noopener\">Store norske leksikon<\/a>, <a href=\"https:\/\/www.hi.no\/hi\/temasider\/arter\/breiflabb\" target=\"_blank\" rel=\"nofollow noopener\">Havforskningsinstituttet<\/a><\/p>\n<p>      Vis mer<br \/>\n      Vis mindre<\/p>\n<p>Delte bildene\t<\/p>\n<p>Han la seinere ut bildene p\u00e5 Facebook-profilen sin for \u00e5 sjekke ut om noen kunne si hvor normalt dette er.<\/p>\n<p> \u00abJeg vil tro det er en hunn som strever med navigeringen, enten fordi hun har veldig tunge rognsekker, eller fordi hun har sluppet rognsekkene\u00bb, var ett av svarene som kom, siterer Haugesunds Avis som sendte bildene av fisken til Otte Bjelland, forsker ved Havforskningsinstituttet.<\/p>\n<p>&#8211; Dette var en sv\u00e6rt spennende observasjon, sier Bjelland til avisa.\u00a0<\/p>\n<p>Han sier at trolig er kommentaren inne p\u00e5 noe vesentlig hva gjelder \u00e5rsak, men at man samtidig m\u00e5 ty til spekulasjoner rundt hva som har skjedd.<\/p>\n<p>    <a itemprop=\"url\" href=\"https:\/\/www.dagbladet.no\/nyheter\/lager-trafikk-kaos-ma-fjernes\/84086657\" rel=\"nofollow noopener\" target=\"_blank\"><\/p>\n<p>        <img loading=\"lazy\" decoding=\"async\" src=\"https:\/\/www.europesays.com\/no\/wp-content\/uploads\/2026\/01\/84088225.webp.webp\" width=\"980\" height=\"441\" title=\"Lager trafikk-kaos:  - M\u00e5 fjernes\" alt=\"\" class=\"lazyload\" style=\"--aspect-ratio-image: 2.22; \"\/><\/p>\n<p>        Lager trafikk-kaos:  &#8211; M\u00e5 fjernes<\/p>\n<p>    <\/a><\/p>\n<p>Tilsvarende observasjoner\t<\/p>\n<p>Forskeren uttaler at han kjenner til tilsvarende observasjoner av breiflabb i overflaten fra tidligere vintre. Det har skjedd i forbindelse med gyting, i februar-mars, der breiflabb-hunnen f\u00e5r oppdrift p\u00e5 grunn av rogn som modnes.\u00a0<\/p>\n<p>Bjelland forklarer at denne oppdriften kan ta breiflabben helt til overflaten.\u00a0<\/p>\n<p>&#8211;\u00a0Ja, som nevnt skjer gytingen i dype fjorder, der det er bratt ned til dybdene fra land. N\u00e5r breiflabbene da kommer opp, hender det at de forviller seg og da er det ofte kort vei til en strand, sier Bjelland til avisa. <\/p>\n<p>\u00a0<\/p>\n","protected":false},"excerpt":{"rendered":"Haugesund Jan K\u00e5re Ness trodde han s\u00e5 en oter \u2013 men oppdagelsen i sj\u00f8en skulle vise seg \u00e5&hellip;\n","protected":false},"author":2,"featured_media":137519,"comment_status":"","ping_status":"","sticky":false,"template":"","format":"standard","meta":{"footnotes":""},"categories":[10],"tags":[20,21,24,25,15,2539,22,23,13,30,28,29,14,16,26,27],"class_list":{"0":"post-137518","1":"post","2":"type-post","3":"status-publish","4":"format-standard","5":"has-post-thumbnail","7":"category-norge","8":"tag-breaking-news","9":"tag-breakingnews","10":"tag-featured-news","11":"tag-featurednews","12":"tag-headlines","13":"tag-innenriks","14":"tag-latest-news","15":"tag-latestnews","16":"tag-news","17":"tag-no","18":"tag-norge","19":"tag-norway","20":"tag-nyheter","21":"tag-overskrifter","22":"tag-top-stories","23":"tag-topstories"},"share_on_mastodon":{"url":"https:\/\/pubeurope.com\/@no\/115895359620887218","error":""},"_links":{"self":[{"href":"https:\/\/www.europesays.com\/no\/wp-json\/wp\/v2\/posts\/137518","targetHints":{"allow":["GET"]}}],"collection":[{"href":"https:\/\/www.europesays.com\/no\/wp-json\/wp\/v2\/posts"}],"about":[{"href":"https:\/\/www.europesays.com\/no\/wp-json\/wp\/v2\/types\/post"}],"author":[{"embeddable":true,"href":"https:\/\/www.europesays.com\/no\/wp-json\/wp\/v2\/users\/2"}],"replies":[{"embeddable":true,"href":"https:\/\/www.europesays.com\/no\/wp-json\/wp\/v2\/comments?post=137518"}],"version-history":[{"count":0,"href":"https:\/\/www.europesays.com\/no\/wp-json\/wp\/v2\/posts\/137518\/revisions"}],"wp:featuredmedia":[{"embeddable":true,"href":"https:\/\/www.europesays.com\/no\/wp-json\/wp\/v2\/media\/137519"}],"wp:attachment":[{"href":"https:\/\/www.europesays.com\/no\/wp-json\/wp\/v2\/media?parent=137518"}],"wp:term":[{"taxonomy":"category","embeddable":true,"href":"https:\/\/www.europesays.com\/no\/wp-json\/wp\/v2\/categories?post=137518"},{"taxonomy":"post_tag","embeddable":true,"href":"https:\/\/www.europesays.com\/no\/wp-json\/wp\/v2\/tags?post=137518"}],"curies":[{"name":"wp","href":"https:\/\/api.w.org\/{rel}","templated":true}]}}