{"id":137522,"date":"2026-01-14T20:38:08","date_gmt":"2026-01-14T20:38:08","guid":{"rendered":"https:\/\/www.europesays.com\/no\/137522\/"},"modified":"2026-01-14T20:38:08","modified_gmt":"2026-01-14T20:38:08","slug":"ukrainas-energinett-kneler-etter-russiske-angrep-zelenskyj-erklaerer-unntakstilstand","status":"publish","type":"post","link":"https:\/\/www.europesays.com\/no\/137522\/","title":{"rendered":"Ukrainas energinett kneler etter russiske angrep \u2013 Zelenskyj erkl\u00e6rer unntakstilstand"},"content":{"rendered":"<p>    President Volodymyr Zelenskyj erkl\u00e6rte onsdag unntakstilstand for Ukrainas energisektor, som har v\u00e6rt utsatt for daglige russiske angrep den siste tiden.<\/p>\n<p>\n        Zelenskyj sier ukrainske myndigheter er i tett kontakt med allierte for \u00e5 f\u00e5 st\u00f8tte, blant annet gjennom \u00e5 betydelig \u00f8ke importen av str\u00f8m til landet.<br \/>\n        Petros Karadjias \/ AP \/ NTB\n    <\/p>\n<p>\u2013 Et permanent koordineringshovedkvarter blir etablert for \u00e5 ta tak i situasjonen i Kyiv. Samlet sett blir det erkl\u00e6rt unntakstilstand for hele Ukrainas energinett, sa Zelenskyj etter et m\u00f8te om temaet onsdag, if\u00f8lge nyhetsbyr\u00e5et AFP.<\/p>\n<p>Russland har de siste ukene gjennomf\u00f8rt m\u00e5lrettede angrep mot Ukrainas energiforsyning samtidig som en bitende vinterkulde brer seg over landet. Enkelte steder har temperaturen sunket til 20 minusgrader.<\/p>\n<p>                <img decoding=\"async\" src=\"https:\/\/www.europesays.com\/no\/wp-content\/uploads\/2026\/01\/1376876.webp.jpeg\" width=\"480\" height=\"274\" title=\"En redningsarbeider slukker en brann i en boligblokk som ble skadet av et russisk angrep p\u00e5 Kyiv fredag.\" alt=\"\" loading=\"lazy\" style=\"\"\/><\/p>\n<p>\n            En redningsarbeider slukker en brann i en boligblokk som ble skadet av et russisk angrep p\u00e5 Kyiv fredag.<br \/>\n            Jevhen Maloletka \/ AP \/ NTB\n        <\/p>\n<p>Fredag ble minst fire mennesker drept da russiske angrep rammet Kyiv og etterlot halvparten av hovedstadens boliger uten str\u00f8m og varme. Onsdag er fortsatt rundt 400 bygninger m\u00f8rklagt, if\u00f8lge ordf\u00f8rer Vitalij Klitsjko.<\/p>\n<p>\u2013 Situasjonen i Kyiv har ikke v\u00e6rt s\u00e5 prek\u00e6r siden fullskalakrigen startet for fire \u00e5r siden. Innbyggerne har for tiden rundt tre timer med str\u00f8m og opptil ti \u2013 eller mer \u2013 uten, skriver han i sosiale medier.<\/p>\n<p>                <img decoding=\"async\" src=\"https:\/\/www.europesays.com\/no\/wp-content\/uploads\/2026\/01\/1376877.webp.jpeg\" width=\"480\" height=\"274\" title=\"Siden fredag har myndighetene satt opp 1200 n\u00f8doppvarmingssentre \u2013 telt der folk kan varme seg, lade mobil og andre enheter og f\u00e5 varm mat og drikke.\" alt=\"\" loading=\"lazy\" style=\"\"\/><\/p>\n<p>\n            Siden fredag har myndighetene satt opp 1200 n\u00f8doppvarmingssentre \u2013 telt der folk kan varme seg, lade mobil og andre enheter og f\u00e5 varm mat og drikke.<br \/>\n            Jefrem Lukatskyj \/ AP \/ NTB\n        <\/p>\n<p>Siden fredag har myndighetene satt opp 1200 n\u00f8doppvarmingssentre \u2013 telt der folk kan varme seg, lade mobil og andre enheter og f\u00e5 varm mat og drikke.<\/p>\n<p>Natt til onsdag ble Zelenskyjs hjemby Kryvyj Rih sentralt i landet rammet av et russisk droneangrep som etterlot nesten 50.000 boliger uten str\u00f8m.<\/p>\n<p>Zelenskyj opplyser at ukrainske myndigheter er i tett kontakt med allierte for \u00e5 f\u00e5 st\u00f8tte, blant annet gjennom \u00e5 betydelig \u00f8ke importen av str\u00f8m til landet.<\/p>\n","protected":false},"excerpt":{"rendered":"President Volodymyr Zelenskyj erkl\u00e6rte onsdag unntakstilstand for Ukrainas energisektor, som har v\u00e6rt utsatt for daglige russiske angrep den&hellip;\n","protected":false},"author":2,"featured_media":137523,"comment_status":"","ping_status":"","sticky":false,"template":"","format":"standard","meta":{"footnotes":""},"categories":[12],"tags":[20,21,24,25,15,22,23,13,30,28,29,14,16,26,27,42,43,44,45],"class_list":{"0":"post-137522","1":"post","2":"type-post","3":"status-publish","4":"format-standard","5":"has-post-thumbnail","7":"category-verden","8":"tag-breaking-news","9":"tag-breakingnews","10":"tag-featured-news","11":"tag-featurednews","12":"tag-headlines","13":"tag-latest-news","14":"tag-latestnews","15":"tag-news","16":"tag-no","17":"tag-norge","18":"tag-norway","19":"tag-nyheter","20":"tag-overskrifter","21":"tag-top-stories","22":"tag-topstories","23":"tag-verden","24":"tag-world","25":"tag-world-news","26":"tag-worldnews"},"share_on_mastodon":{"url":"https:\/\/pubeurope.com\/@no\/115895383232789652","error":""},"_links":{"self":[{"href":"https:\/\/www.europesays.com\/no\/wp-json\/wp\/v2\/posts\/137522","targetHints":{"allow":["GET"]}}],"collection":[{"href":"https:\/\/www.europesays.com\/no\/wp-json\/wp\/v2\/posts"}],"about":[{"href":"https:\/\/www.europesays.com\/no\/wp-json\/wp\/v2\/types\/post"}],"author":[{"embeddable":true,"href":"https:\/\/www.europesays.com\/no\/wp-json\/wp\/v2\/users\/2"}],"replies":[{"embeddable":true,"href":"https:\/\/www.europesays.com\/no\/wp-json\/wp\/v2\/comments?post=137522"}],"version-history":[{"count":0,"href":"https:\/\/www.europesays.com\/no\/wp-json\/wp\/v2\/posts\/137522\/revisions"}],"wp:featuredmedia":[{"embeddable":true,"href":"https:\/\/www.europesays.com\/no\/wp-json\/wp\/v2\/media\/137523"}],"wp:attachment":[{"href":"https:\/\/www.europesays.com\/no\/wp-json\/wp\/v2\/media?parent=137522"}],"wp:term":[{"taxonomy":"category","embeddable":true,"href":"https:\/\/www.europesays.com\/no\/wp-json\/wp\/v2\/categories?post=137522"},{"taxonomy":"post_tag","embeddable":true,"href":"https:\/\/www.europesays.com\/no\/wp-json\/wp\/v2\/tags?post=137522"}],"curies":[{"name":"wp","href":"https:\/\/api.w.org\/{rel}","templated":true}]}}