{"id":137524,"date":"2026-01-14T20:39:25","date_gmt":"2026-01-14T20:39:25","guid":{"rendered":"https:\/\/www.europesays.com\/no\/137524\/"},"modified":"2026-01-14T20:39:25","modified_gmt":"2026-01-14T20:39:25","slug":"ba-folk-ta-hjemmekontor-men-hvem-kan-egentlig-det","status":"publish","type":"post","link":"https:\/\/www.europesays.com\/no\/137524\/","title":{"rendered":"Ba folk ta hjemmekontor &#8211; men hvem kan egentlig det?"},"content":{"rendered":"<p class=\"kicker \" style=\"\">Arbeidsliv<\/p>\n<p>    Mange velger \u00e5 ta hjemmekontor n\u00e5r sn\u00f8en lammer trafikken. Men hvem har egentlig rett til \u00e5 oppfordre til det?<\/p>\n<p>\n    V\u00c6RKAOS: Flere velger \u00e5 jobbe hjemmefra n\u00e5r vinterv\u00e6ret herjer. Her fra Ullernchausseen i Oslo onsdag morgen Foto: Bj\u00f8rn Langsem \/ Dagbladet.\n  <\/p>\n<p>S\u00e5 fort det blir v\u00e6rkaos, pleier kollektivselskapene eller meteorologene \u00e5 komme med en klar oppfordring:\u00a0<\/p>\n<p class=\"font-weight-bold m-font-weight-bold\" data-lab-font_weight=\"font-weight-bold\">Ta hjemmekontor hvis du kan.<\/p>\n<p>Seinest i g\u00e5r sa tjenesteleder for veidrift i B\u00e6rum, Christian Stranden\u00e6s, at det kan v\u00e6re lurt \u00e5 vurdere \u00e5 la bilen st\u00e5 i dag.<\/p>\n<p>&#8211;\u00a0For \u00e5 minske trafikanter p\u00e5 veiene, oppfordrer vi folk til \u00e5 ta hjemmekontor, sa Stranden\u00e6s til <a href=\"https:\/\/www.nrk.no\/ostfold\/sno_sludd-og-is-over-oslo-omradet-1.17726198\" target=\"_blank\" rel=\"nofollow noopener\">NRK<\/a> tirsdag. <\/p>\n<p> Det er mange arbeidstakere som tar oppfordringen p\u00e5 alvor,\u00a0framfor \u00e5 kjempe seg gjennom glatte gater og fulle busser. <\/p>\n<p>    Har du v\u00e6rt hjemme i dag?<\/p>\n<p>.. eller kanskje du har en mening om saken? Da vil vi gjerne h\u00f8re fra deg! Skriv til oss p\u00e5\u00a0\u00a0<a href=\"https:\/\/borsen.dagbladet.no\/nyheter\/ut-mot-hjemmekontor-beskjed-uheldig\/mailto:debatt@dagbladet.no\" class=\"button-link-inline\" rel=\"nofollow noopener\" target=\"_blank\">debatt@dagbladet.no<\/a>\u00a0<\/p>\n<p>      Vis mer<br \/>\n      Vis mindre<\/p>\n<p>Men\u00a0hvem er det som egentlig har myndighet til \u00e5 oppfordre folk til \u00e5 ta hjemmekontor p\u00e5 dager som dette?<\/p>\n<p>Verken kollektivselskap, Meteorologene eller vegvesenet, skal vi tro N\u00e6ringslivets Hovedorganisasjon (NHO).<\/p>\n<p>    <a itemprop=\"url\" href=\"https:\/\/www.dagbladet.no\/nyheter\/politiet-lite-imponert-stor-fare\/84096568\" rel=\"nofollow noopener\" target=\"_blank\"><\/p>\n<p>        <img loading=\"lazy\" decoding=\"async\" src=\"https:\/\/www.europesays.com\/no\/wp-content\/uploads\/2026\/01\/84096734.webp.webp\" width=\"980\" height=\"441\" title=\"Politiet lite imponert: - Stor fare\" alt=\"\" class=\"lazyload\" style=\"--aspect-ratio-image: 2.22; \"\/><\/p>\n<p>        Politiet lite imponert: &#8211; Stor fare<\/p>\n<p>    <\/a><\/p>\n<p>&#8211; Uheldig\t<\/p>\n<p>Direkt\u00f8r for arbeidsliv og tariff i NHO, Nina Melsom, forteller at det er den enkelte arbeidsgiver som bestemmer hvor vidt ansatte kan jobbe hjemmefra eller ikke.\u00a0<\/p>\n<p>        <img loading=\"lazy\" decoding=\"async\" itemprop=\"image\" src=\"https:\/\/www.europesays.com\/no\/wp-content\/uploads\/2026\/01\/84098635.webp.webp\" width=\"180\" height=\"180\" alt=\"Nina Melsom\"\/><\/p>\n<p>            Nina Melsom<br \/>\n            Nina<br \/>\n            Melsom        <\/p>\n<p>        Direkt\u00f8r for arbeidsliv og tariff i NHO<\/p>\n<p>Foto: Moment Studio<\/p>\n<p>&#8211; Dette er arbeidsgivers styringsrett &#8211; et grunnleggende prinsipp i norsk arbeidsliv, sier hun til Dagbladet.<\/p>\n<p class=\"font-weight-bold m-font-weight-bold\" data-lab-font_weight=\"font-weight-bold\">&#8211; At andre enn arbeidsgiver oppfordrer til hjemmekontor er uheldig, mener Melsom.<\/p>\n<p>NHO forst\u00e5r at v\u00e6r kan skape utfordringer i trafikken.\u00a0<\/p>\n<p>&#8211; Samtidig er det viktig \u00e5 huske at det er myndighetenes ansvar at veier og trafikktilbud fungerer, sier direkt\u00f8ren.<\/p>\n<p>Hun understreker ogs\u00e5 at godt beredskapsarbeid er viktig.\u00a0<\/p>\n<p>&#8211; Kostnaden for trafikkproblemer m\u00e5 ikke skyves over p\u00e5 bedriftene, sier Melsom.<\/p>\n<p>        SKREKKULYKKE: Onsdag 7. januar gikk det galt p\u00e5 riksvei 3 p\u00e5 Kvikne, lengst nord i Innlandet. N\u00e5 advarer transportselskapet. Reporter: Jostein Sletten \/ Dagbladet<\/p>\n<p>Dette tenker mangemillion\u00e6r\t<\/p>\n<p>Finanstopp Jan Petter Sissener er ikke tilhenger av \u00e5 ha folk p\u00e5 hjemmekontor.<\/p>\n<p>&#8211; En\u00a0greier \u00e5 opprettholde arbeidet hjemme, men ikke \u00e5 utvikle virksomheter, sier han til Dagbladet.<\/p>\n<p>        <img loading=\"lazy\" decoding=\"async\" itemprop=\"image\" src=\"https:\/\/www.europesays.com\/no\/wp-content\/uploads\/2026\/01\/84098618.webp.webp\" width=\"180\" height=\"180\" alt=\"Jan Petter Sissener\"\/><\/p>\n<p>            Jan Petter Sissener<br \/>\n            Jan Petter<br \/>\n            Sissener        <\/p>\n<p>        Norsk aksjemegler<\/p>\n<p>Foto: Ole Berg-Rusten \/ NTB<\/p>\n<p>Sissener pr\u00f8ver likevel \u00e5 v\u00e6re fleksibel n\u00e5r det gjelder hjemmekontor.<\/p>\n<p class=\"font-weight-bold m-font-weight-bold\" data-lab-font_weight=\"font-weight-bold\">&#8211; Vi pr\u00f8ver \u00e5 v\u00e6re fleksible, men jeg liker best at folk er p\u00e5 kontoret. Vi kan ikke diskutere ideer og utvikle oss hjemmefra, sier han.\u00a0<\/p>\n<p>N\u00e5r hjemmekontor blir et sp\u00f8rsm\u00e5l som f\u00f8lge av v\u00e6r- eller kollektivkaos, mener Sissener at arbeidsgivere ikke har ansvar til \u00e5 oppfordre, men et ansvar til \u00e5 tilrettelegge.\u00a0<\/p>\n<p>&#8211; Hvis det er sperret p\u00e5 E18, eller bussene st\u00e5r fordi de er elektriske og sliter om vinteren. Det kan v\u00e6re mange grunner til \u00e5 ta hjemmekontor.<\/p>\n<p>    <a itemprop=\"url\" href=\"https:\/\/www.dagbladet.no\/nyheter\/trafikk-kaos\/84095965\" rel=\"nofollow noopener\" target=\"_blank\"><\/p>\n<p>        <img loading=\"lazy\" decoding=\"async\" src=\"https:\/\/www.europesays.com\/no\/wp-content\/uploads\/2026\/01\/84095985.webp.webp\" width=\"980\" height=\"441\" title=\"Trafikk-kaos\" alt=\"\" class=\"lazyload\" style=\"--aspect-ratio-image: 2.22; \"\/><\/p>\n<p>        Trafikk-kaos<\/p>\n<p>    <\/a><\/p>\n<p>Klar beskjed\t<\/p>\n<p>Kollektivselskapet <a href=\"https:\/\/www.dagbladet.no\/studio\/nyhetsstudio\/687?post=155508\" target=\"_blank\" rel=\"nofollow noopener\">Ruter har tidligere oppfordret<\/a> folk til \u00e5 ta hjemmekontor, som f\u00f8lge av glatte veier.<\/p>\n<p>&#8211; Det kan v\u00e6re utfordrende n\u00e5r mange skal reise p\u00e5 samme tid, s\u00e6rlig hvis det er vanskelige kj\u00f8reforhold og vrient \u00e5 ta seg fram, sier \u00d8ystein Dahlen Johansen, som er pressevakt i Ruter, til Dagbladet. \u00a0<\/p>\n<p class=\"font-weight-bold m-font-weight-bold\" data-lab-font_weight=\"font-weight-bold\">&#8211; Vi pleier derfor \u00e5 oppfordre til \u00e5 reise p\u00e5 andre tidspunkter enn midt i rushen, utdyper han.<\/p>\n<p>Johansen understreker at det i utgangspunktet er arbeidsgivere og politikere som kan komme med oppfordringer til hjemmekontor.<\/p>\n<p>&#8211; Men vi pleier \u00e5 anbefale reisetidspunkt for \u00e5 bist\u00e5 kundene best mulig n\u00e5r vi ser at det kan bli utfordringer.<\/p>\n<p>Direkt\u00f8ren i NHO minner likevel om at de fleste utfordringer l\u00f8ses med god dialog p\u00e5 arbeidsplassen.<\/p>\n<p>&#8211; S\u00e5 istedenfor \u00e5 oppfordre til hjemmekontor, kan det heller oppfordres til \u00e5 snakke med sjefen, sier Melsom.<\/p>\n","protected":false},"excerpt":{"rendered":"Arbeidsliv Mange velger \u00e5 ta hjemmekontor n\u00e5r sn\u00f8en lammer trafikken. Men hvem har egentlig rett til \u00e5 oppfordre&hellip;\n","protected":false},"author":2,"featured_media":137525,"comment_status":"","ping_status":"","sticky":false,"template":"","format":"standard","meta":{"footnotes":""},"categories":[10],"tags":[20,21,24,25,15,6623,2539,22,23,13,30,28,29,14,16,26,27,387],"class_list":{"0":"post-137524","1":"post","2":"type-post","3":"status-publish","4":"format-standard","5":"has-post-thumbnail","7":"category-norge","8":"tag-breaking-news","9":"tag-breakingnews","10":"tag-featured-news","11":"tag-featurednews","12":"tag-headlines","13":"tag-hjemmekontor","14":"tag-innenriks","15":"tag-latest-news","16":"tag-latestnews","17":"tag-news","18":"tag-no","19":"tag-norge","20":"tag-norway","21":"tag-nyheter","22":"tag-overskrifter","23":"tag-top-stories","24":"tag-topstories","25":"tag-vaeret"},"share_on_mastodon":{"url":"https:\/\/pubeurope.com\/@no\/115895387024316935","error":""},"_links":{"self":[{"href":"https:\/\/www.europesays.com\/no\/wp-json\/wp\/v2\/posts\/137524","targetHints":{"allow":["GET"]}}],"collection":[{"href":"https:\/\/www.europesays.com\/no\/wp-json\/wp\/v2\/posts"}],"about":[{"href":"https:\/\/www.europesays.com\/no\/wp-json\/wp\/v2\/types\/post"}],"author":[{"embeddable":true,"href":"https:\/\/www.europesays.com\/no\/wp-json\/wp\/v2\/users\/2"}],"replies":[{"embeddable":true,"href":"https:\/\/www.europesays.com\/no\/wp-json\/wp\/v2\/comments?post=137524"}],"version-history":[{"count":0,"href":"https:\/\/www.europesays.com\/no\/wp-json\/wp\/v2\/posts\/137524\/revisions"}],"wp:featuredmedia":[{"embeddable":true,"href":"https:\/\/www.europesays.com\/no\/wp-json\/wp\/v2\/media\/137525"}],"wp:attachment":[{"href":"https:\/\/www.europesays.com\/no\/wp-json\/wp\/v2\/media?parent=137524"}],"wp:term":[{"taxonomy":"category","embeddable":true,"href":"https:\/\/www.europesays.com\/no\/wp-json\/wp\/v2\/categories?post=137524"},{"taxonomy":"post_tag","embeddable":true,"href":"https:\/\/www.europesays.com\/no\/wp-json\/wp\/v2\/tags?post=137524"}],"curies":[{"name":"wp","href":"https:\/\/api.w.org\/{rel}","templated":true}]}}