{"id":137529,"date":"2026-01-14T20:50:08","date_gmt":"2026-01-14T20:50:08","guid":{"rendered":"https:\/\/www.europesays.com\/no\/137529\/"},"modified":"2026-01-14T20:50:08","modified_gmt":"2026-01-14T20:50:08","slug":"nyhet-trafikk-sapeglatt-i-fana-jeg-nekter-a-kjore","status":"publish","type":"post","link":"https:\/\/www.europesays.com\/no\/137529\/","title":{"rendered":"Nyhet, Trafikk | S\u00e5peglatt i Fana: \u2013 Jeg nekter \u00e5 kj\u00f8re"},"content":{"rendered":"\n<p>\u2013 Det er klink is. Jeg nekter faktisk \u00e5 kj\u00f8re. Jeg har parkert bussen og venter p\u00e5 at det kommer biler som kan str\u00f8, sier bussj\u00e5f\u00f8ren til BA.<\/p>\n<p>Han kj\u00f8rer for Tide og forteller at han har st\u00e5tt p\u00e5 stedet hvil siden klokken 1830.<\/p>\n<p>\u2013 Det er noen som har kj\u00f8rt forbi, men n\u00e5 ser jeg veldig f\u00e5 som t\u00f8r \u00e5 gj\u00f8re det, sier bussj\u00e5f\u00f8ren.<\/p>\n<p>   <img decoding=\"async\" width=\"8256\" height=\"5504\" fetchpriority=\"low\"  loading=\"lazy\"  src=\"https:\/\/www.europesays.com\/no\/wp-content\/uploads\/2026\/01\/RJ8_6388_1.jpg\" alt=\"\" class=\"brick-c-cFOWSL\" style=\"--brick-image-ratio: 8256 \/ 5504;\"\/><\/p>\n<p>      N\u00e5 venter han p\u00e5 at veien blir str\u00f8dd.<br \/>\n      Foto: RUNE JOHANSEN\n    <\/p>\n<p>  Flere biler har blitt berget<\/p>\n<p>P\u00e5 Fanafjellet er det n\u00e5 flere biler som har f\u00e5tt problemer.<\/p>\n<p>\u2013 Det er tre, fire biler som trenger berging n\u00e5. Hvorfor de trenger det kan jeg ikke si akkurat n\u00e5, sier trafikkoperat\u00f8r Leif Helge Fjellro til BA i 2120-tiden.<\/p>\n<p>   <img decoding=\"async\" width=\"5392\" height=\"3592\" fetchpriority=\"low\"  loading=\"lazy\"  src=\"https:\/\/www.europesays.com\/no\/wp-content\/uploads\/2026\/01\/RJ8_6392.jpg\" alt=\"\" class=\"brick-c-cFOWSL\" style=\"--brick-image-ratio: 5392 \/ 3592;\"\/><\/p>\n<p>      Her er det speilglatt.<br \/>\n      Foto: RUNE JOHANSEN\n    <\/p>\n<p>Andre bilister venter med \u00e5 kj\u00f8re inntil det er str\u00f8dd i omr\u00e5det, forteller trafikkoperat\u00f8r ved Vegtrafikksentralen vest, Tor Evensen til BA.<\/p>\n<p>\u2013 Det er flere biler som st\u00e5r der, i tillegg til bussen som har noen problemer i omr\u00e5det. Det vi har forst\u00e5tt er at det er flere som har stoppet i p\u00e5vente av salting.<\/p>\n<p>   <img decoding=\"async\" width=\"8256\" height=\"5504\" fetchpriority=\"low\"  loading=\"lazy\"  src=\"https:\/\/www.europesays.com\/no\/wp-content\/uploads\/2026\/01\/RJ8_6410.jpg\" alt=\"\" class=\"brick-c-cFOWSL\" style=\"--brick-image-ratio: 8256 \/ 5504;\"\/><\/p>\n<p>I tillegg til meldingene fra Fana har det kommet inn meldinger fra s\u00f8r i \u00d8ygarden og mellom Gullbotn og Samnanger.<\/p>\n<p>\u2013 Entrepren\u00f8ren er ute med alle biler for \u00e5 salte, men det kommer litt nedb\u00f8r. Det gj\u00f8r ikke situasjonen noe bedre om det regner p\u00e5 nysaltet vei og fryser p\u00e5, sier Evensen.<\/p>\n","protected":false},"excerpt":{"rendered":"\u2013 Det er klink is. Jeg nekter faktisk \u00e5 kj\u00f8re. Jeg har parkert bussen og venter p\u00e5 at&hellip;\n","protected":false},"author":2,"featured_media":137530,"comment_status":"","ping_status":"","sticky":false,"template":"","format":"standard","meta":{"footnotes":""},"categories":[10],"tags":[36,444,20,21,24,25,15,22,23,13,30,28,29,447,14,16,1510,26,27,224],"class_list":{"0":"post-137529","1":"post","2":"type-post","3":"status-publish","4":"format-standard","5":"has-post-thumbnail","7":"category-norge","8":"tag-art","9":"tag-bergen","10":"tag-breaking-news","11":"tag-breakingnews","12":"tag-featured-news","13":"tag-featurednews","14":"tag-headlines","15":"tag-latest-news","16":"tag-latestnews","17":"tag-news","18":"tag-no","19":"tag-norge","20":"tag-norway","21":"tag-nyhet","22":"tag-nyheter","23":"tag-overskrifter","24":"tag-story","25":"tag-top-stories","26":"tag-topstories","27":"tag-trafikk"},"share_on_mastodon":{"url":"https:\/\/pubeurope.com\/@no\/115895430236923888","error":""},"_links":{"self":[{"href":"https:\/\/www.europesays.com\/no\/wp-json\/wp\/v2\/posts\/137529","targetHints":{"allow":["GET"]}}],"collection":[{"href":"https:\/\/www.europesays.com\/no\/wp-json\/wp\/v2\/posts"}],"about":[{"href":"https:\/\/www.europesays.com\/no\/wp-json\/wp\/v2\/types\/post"}],"author":[{"embeddable":true,"href":"https:\/\/www.europesays.com\/no\/wp-json\/wp\/v2\/users\/2"}],"replies":[{"embeddable":true,"href":"https:\/\/www.europesays.com\/no\/wp-json\/wp\/v2\/comments?post=137529"}],"version-history":[{"count":0,"href":"https:\/\/www.europesays.com\/no\/wp-json\/wp\/v2\/posts\/137529\/revisions"}],"wp:featuredmedia":[{"embeddable":true,"href":"https:\/\/www.europesays.com\/no\/wp-json\/wp\/v2\/media\/137530"}],"wp:attachment":[{"href":"https:\/\/www.europesays.com\/no\/wp-json\/wp\/v2\/media?parent=137529"}],"wp:term":[{"taxonomy":"category","embeddable":true,"href":"https:\/\/www.europesays.com\/no\/wp-json\/wp\/v2\/categories?post=137529"},{"taxonomy":"post_tag","embeddable":true,"href":"https:\/\/www.europesays.com\/no\/wp-json\/wp\/v2\/tags?post=137529"}],"curies":[{"name":"wp","href":"https:\/\/api.w.org\/{rel}","templated":true}]}}