{"id":137537,"date":"2026-01-14T20:58:43","date_gmt":"2026-01-14T20:58:43","guid":{"rendered":"https:\/\/www.europesays.com\/no\/137537\/"},"modified":"2026-01-14T20:58:43","modified_gmt":"2026-01-14T20:58:43","slug":"derfor-uler-mobilen-din-i-dag-onsdag-testes-nodvarsel-og-flyalarm","status":"publish","type":"post","link":"https:\/\/www.europesays.com\/no\/137537\/","title":{"rendered":"Derfor uler mobilen din i dag \u2013\u00a0onsdag testes n\u00f8dvarsel og flyalarm"},"content":{"rendered":"<p class=\"kicker t15 font-weight-bold m-font-weight-bold color_mobile_no_bg_color quaternary color_mobile_quaternary font-Trim text-case-transform-upper mobile-hasTextPadding\" style=\"\">beredskap<\/p>\n<p>    Onsdag klokken 12 testes \u00abflyalarmen\u00bb. Mange vil ogs\u00e5 oppleve \u00e5 f\u00e5 n\u00f8dvarsel p\u00e5 mobil.\u00a0<\/p>\n<p>\n        ULER ONSDAG: Denne tyfonen, eller flyalarmen, befinner seg p\u00e5 taket av \u00d8stbanehallen i Oslo. I fredstid tester Sivilforsvaret alle landets tyfoner to ganger i \u00e5ret, klokken 12 den andre onsdagen i januar og juni. Ogs\u00e5 n\u00f8dvarsel p\u00e5 mobil testes.<br \/>\n        Foto: H\u00e5kon Mosvold Larsen, NTB\n    <\/p>\n<p>Onsdag 14. januar er den andre onsdagen i januar, og er \u00e9n av to dager i l\u00f8pet av \u00e5ret hvor\u00a0Sivilforsvarets varslingsanlegg over hele landet testes.<\/p>\n<p>Ogs\u00e5 n\u00f8dvarsel p\u00e5 mobil skal testes onsdag, mellom klokken 11.55 og 12.10. Denne testen er det politiet som sender ut.\u00a0<\/p>\n<p>Det skriver\u00a0<a href=\"https:\/\/www.nodvarsel.no\/test-av-nodvarsel\/\" target=\"_blank\" rel=\"nofollow noopener\">Direktoratet for samfunnssikkerhet og beredskap<\/a>\u00a0(DSB).<\/p>\n<p>Det betyr at alle med en nyere og oppdatert mobiltelefon, som befinner seg i Norge og er koblet p\u00e5 4G eller 5G, kan oppleve en h\u00f8y sireneaktig lyd fra mobilen.\u00a0<\/p>\n<p>\u2013\u00a0N\u00f8dvarsel p\u00e5 mobil testes til hele befolkningen b\u00e5de for \u00e5 gj\u00f8re befolkningen kjent med hvordan det oppleves \u00e5 f\u00e5 et N\u00f8dvarsel og for \u00e5 sikre at systemet fungerer som det skal, skriver DSB p\u00e5 sine nettsider.\u00a0<\/p>\n<p>Det nytter lite \u00e5 sette mobilen p\u00e5 lydl\u00f8s eller \u00e5 dempe varslinger, hvis du helst vil unng\u00e5 en ulende mobil midt i et viktig m\u00f8te.\u00a0Den eneste m\u00e5ten \u00e5 unng\u00e5 testen p\u00e5, er \u00e5 sette telefonen i flymodus eller skru den helt av i perioden hvor varselet skal testes.<\/p>\n<p>Sivilforsvarets\u00a01250 sireneanlegg testes ogs\u00e5 onsdag. Tyfonene er plassert over hele landet, hovedsakelig i byer og tettsteder. Over halvparten av Norges befolkning skal kunne h\u00f8re signalene fra de s\u00e5kalte \u00abflyalarmene\u00bb.\u00a0<\/p>\n<p>N\u00e5r tyfonene testes, er det signalet for \u00abViktig melding &#8211; s\u00f8k informasjon\u00bb som sendes ut. Signalet best\u00e5r av tre serier \u00e0 tre st\u00f8t, med ett minutts opphold mellom seriene.\u00a0<\/p>\n<p>I en reell situasjon skal man da s\u00f8ke informasjon om hva som skjer og hvordan man skal forholde seg til det, gjennom for eksempel nettaviser, myndighetenes nettsider, TV eller radio.<\/p>\n<p>Varslingsanleggene testes ogs\u00e5 rutinemessig den andre onsdagen i juni.<\/p>\n<p>\u00a0<\/p>\n","protected":false},"excerpt":{"rendered":"beredskap Onsdag klokken 12 testes \u00abflyalarmen\u00bb. Mange vil ogs\u00e5 oppleve \u00e5 f\u00e5 n\u00f8dvarsel p\u00e5 mobil.\u00a0 ULER ONSDAG: Denne&hellip;\n","protected":false},"author":2,"featured_media":137538,"comment_status":"","ping_status":"","sticky":false,"template":"","format":"standard","meta":{"footnotes":""},"categories":[5],"tags":[20,21,24,25,15,19,22,23,17,18,13,30,28,29,14,16,26,27],"class_list":{"0":"post-137537","1":"post","2":"type-post","3":"status-publish","4":"format-standard","5":"has-post-thumbnail","7":"category-overskrifter","8":"tag-breaking-news","9":"tag-breakingnews","10":"tag-featured-news","11":"tag-featurednews","12":"tag-headlines","13":"tag-hovedoppslag","14":"tag-latest-news","15":"tag-latestnews","16":"tag-main-news","17":"tag-mainnews","18":"tag-news","19":"tag-no","20":"tag-norge","21":"tag-norway","22":"tag-nyheter","23":"tag-overskrifter","24":"tag-top-stories","25":"tag-topstories"},"share_on_mastodon":{"url":"https:\/\/pubeurope.com\/@no\/115895461753385790","error":""},"_links":{"self":[{"href":"https:\/\/www.europesays.com\/no\/wp-json\/wp\/v2\/posts\/137537","targetHints":{"allow":["GET"]}}],"collection":[{"href":"https:\/\/www.europesays.com\/no\/wp-json\/wp\/v2\/posts"}],"about":[{"href":"https:\/\/www.europesays.com\/no\/wp-json\/wp\/v2\/types\/post"}],"author":[{"embeddable":true,"href":"https:\/\/www.europesays.com\/no\/wp-json\/wp\/v2\/users\/2"}],"replies":[{"embeddable":true,"href":"https:\/\/www.europesays.com\/no\/wp-json\/wp\/v2\/comments?post=137537"}],"version-history":[{"count":0,"href":"https:\/\/www.europesays.com\/no\/wp-json\/wp\/v2\/posts\/137537\/revisions"}],"wp:featuredmedia":[{"embeddable":true,"href":"https:\/\/www.europesays.com\/no\/wp-json\/wp\/v2\/media\/137538"}],"wp:attachment":[{"href":"https:\/\/www.europesays.com\/no\/wp-json\/wp\/v2\/media?parent=137537"}],"wp:term":[{"taxonomy":"category","embeddable":true,"href":"https:\/\/www.europesays.com\/no\/wp-json\/wp\/v2\/categories?post=137537"},{"taxonomy":"post_tag","embeddable":true,"href":"https:\/\/www.europesays.com\/no\/wp-json\/wp\/v2\/tags?post=137537"}],"curies":[{"name":"wp","href":"https:\/\/api.w.org\/{rel}","templated":true}]}}