{"id":137543,"date":"2026-01-14T21:03:31","date_gmt":"2026-01-14T21:03:31","guid":{"rendered":"https:\/\/www.europesays.com\/no\/137543\/"},"modified":"2026-01-14T21:03:31","modified_gmt":"2026-01-14T21:03:31","slug":"gronland-er-innenfor-natos-ansvarsomrade","status":"publish","type":"post","link":"https:\/\/www.europesays.com\/no\/137543\/","title":{"rendered":"\u2013 Gr\u00f8nland er innenfor NATOs ansvarsomr\u00e5de"},"content":{"rendered":"<p class=\"kicker t15 font-weight-bold m-font-weight-bold color_mobile_no_bg_color quaternary color_mobile_quaternary font-Trim text-case-transform-upper mobile-hasTextPadding\" style=\"\">Nyheter<\/p>\n<p>    Gr\u00f8nland b\u00f8r ses gjennom samme linse som andre Nato-omr\u00e5der, sier Storbritannias forsvarssjef.<\/p>\n<p>\n        GR\u00d8NLAND: USA har fremstilt Gr\u00f8nland som en nasjonal sikkerhetsprioritet. (Foto NTB\/Scanpix)<br \/>\n        Lucas Jackson\n    <\/p>\n<p>I en h\u00f8ring fortalte Richard Knighton forsvarskomiteen i det britiske parlamentet at han ikke hadde v\u00e6rt involvert i noen planer om \u00e5 direkte forsvare Gr\u00f8nland, men understreket at territoriets status innenfor alliansen var klar fra et milit\u00e6rt perspektiv.<\/p>\n<p>Det skriver <a href=\"https:\/\/ukdefencejournal.org.uk\/cds-says-greenland-within-natos-area-of-responsibility\/\" rel=\"nofollow noopener\" target=\"_blank\">UK Defence Journal<\/a>.<\/p>\n<p>\u2013 Gr\u00f8nland er en del av Danmark, som er en del av Nato, som er en del av v\u00e5rt overordnede Nato-ansvarsomr\u00e5de, sa han if\u00f8lge UK Defence Journal.\u00a0<\/p>\n<p>Knighton fortalte videre at han forsto USAs bekymringer om Gr\u00f8nlands sikkerhet med tanke p\u00e5 trusselen fra Russland og Kina.\u00a0<\/p>\n<p>Storbritannias forsvarssjef understrekte derimot at de allerede har Nato-strukturer som tar hensyn til Gr\u00f8nland sitt territorium gjennom det eksisterende allianseansvaret.\u00a0<\/p>\n<p>\u2013 Fra et milit\u00e6rt synspunkt, b\u00f8r Gr\u00f8nland sees gjennom samme linse som andre deler av Nato-omr\u00e5det, med politiske sp\u00f8rsm\u00e5l som forblir atskilt fra forsvarsplanlegging, sa forsvarssjefen if\u00f8lge UK Defence Journal.\u00a0<\/p>\n","protected":false},"excerpt":{"rendered":"Nyheter Gr\u00f8nland b\u00f8r ses gjennom samme linse som andre Nato-omr\u00e5der, sier Storbritannias forsvarssjef. GR\u00d8NLAND: USA har fremstilt Gr\u00f8nland&hellip;\n","protected":false},"author":2,"featured_media":137544,"comment_status":"","ping_status":"","sticky":false,"template":"","format":"standard","meta":{"footnotes":""},"categories":[12],"tags":[20,21,24,25,15,22,23,13,30,28,29,14,16,26,27,42,43,44,45],"class_list":{"0":"post-137543","1":"post","2":"type-post","3":"status-publish","4":"format-standard","5":"has-post-thumbnail","7":"category-verden","8":"tag-breaking-news","9":"tag-breakingnews","10":"tag-featured-news","11":"tag-featurednews","12":"tag-headlines","13":"tag-latest-news","14":"tag-latestnews","15":"tag-news","16":"tag-no","17":"tag-norge","18":"tag-norway","19":"tag-nyheter","20":"tag-overskrifter","21":"tag-top-stories","22":"tag-topstories","23":"tag-verden","24":"tag-world","25":"tag-world-news","26":"tag-worldnews"},"share_on_mastodon":{"url":"https:\/\/pubeurope.com\/@no\/115895481305209744","error":""},"_links":{"self":[{"href":"https:\/\/www.europesays.com\/no\/wp-json\/wp\/v2\/posts\/137543","targetHints":{"allow":["GET"]}}],"collection":[{"href":"https:\/\/www.europesays.com\/no\/wp-json\/wp\/v2\/posts"}],"about":[{"href":"https:\/\/www.europesays.com\/no\/wp-json\/wp\/v2\/types\/post"}],"author":[{"embeddable":true,"href":"https:\/\/www.europesays.com\/no\/wp-json\/wp\/v2\/users\/2"}],"replies":[{"embeddable":true,"href":"https:\/\/www.europesays.com\/no\/wp-json\/wp\/v2\/comments?post=137543"}],"version-history":[{"count":0,"href":"https:\/\/www.europesays.com\/no\/wp-json\/wp\/v2\/posts\/137543\/revisions"}],"wp:featuredmedia":[{"embeddable":true,"href":"https:\/\/www.europesays.com\/no\/wp-json\/wp\/v2\/media\/137544"}],"wp:attachment":[{"href":"https:\/\/www.europesays.com\/no\/wp-json\/wp\/v2\/media?parent=137543"}],"wp:term":[{"taxonomy":"category","embeddable":true,"href":"https:\/\/www.europesays.com\/no\/wp-json\/wp\/v2\/categories?post=137543"},{"taxonomy":"post_tag","embeddable":true,"href":"https:\/\/www.europesays.com\/no\/wp-json\/wp\/v2\/tags?post=137543"}],"curies":[{"name":"wp","href":"https:\/\/api.w.org\/{rel}","templated":true}]}}