{"id":137545,"date":"2026-01-14T21:04:21","date_gmt":"2026-01-14T21:04:21","guid":{"rendered":"https:\/\/www.europesays.com\/no\/137545\/"},"modified":"2026-01-14T21:04:21","modified_gmt":"2026-01-14T21:04:21","slug":"fyrverkeri-skal-ha-startet-brann","status":"publish","type":"post","link":"https:\/\/www.europesays.com\/no\/137545\/","title":{"rendered":"Fyrverkeri skal ha startet brann"},"content":{"rendered":"<p data-testid=\"textWithMarkup-text\" data-v-81d7dc2b=\"\" data-v-62d58f52=\"\">Politi og brannvesen rykket onsdag formiddag ut etter \u00e5 ha f\u00e5tt melding om brann i terrenget p\u00e5 Valder\u00f8ya. <\/p>\n<p data-testid=\"textWithMarkup-text\" data-v-81d7dc2b=\"\" data-v-62d58f52=\"\">\u2013 Brannen skal v\u00e6re slukket, sier operasjonsleder Ragnvald Rasmussen i M\u00f8re og Romsdal politidistrikt. <\/p>\n<p data-testid=\"textWithMarkup-text\" data-v-81d7dc2b=\"\" data-v-62d58f52=\"\">Det skal dreie seg om et begrenset omr\u00e5de, bak Pizzabakeren ved \u00d8ysenteret. <\/p>\n<p data-testid=\"textWithMarkup-text\" data-v-81d7dc2b=\"\" data-v-62d58f52=\"\">\u2013 Det er snakk om et omr\u00e5de p\u00e5 rundt to kvadratmeter. Brannen var slukket da brannvesenet kom fram. Mannskapet dynket gresset med vann i tillegg, og har dratt fra omr\u00e5det, sier operat\u00f8r Kenneth Solvang-S\u00f8vik ved 110-sentralen i M\u00f8re og Romsdal i 11.30-tida. <\/p>\n<p data-testid=\"textWithMarkup-markup\" data-v-62d58f52=\"\"><strong>\u00c5rsaken til brannen skal v\u00e6re fyrverkeri, opplyser han. <\/strong><\/p>\n<p data-testid=\"textWithMarkup-text\" data-v-81d7dc2b=\"\" data-v-62d58f52=\"\">Det var privatpersoner som ringte n\u00f8detatene og varsla om brannen. <\/p>\n<p>Terrengbrann ogs\u00e5 kvelden f\u00f8r <\/p>\n<p data-testid=\"textWithMarkup-text\" data-v-81d7dc2b=\"\" data-v-62d58f52=\"\">Ogs\u00e5 tirsdag kveld rykket n\u00f8detatene ut til terrengbrann i Giske, da i et omr\u00e5de n\u00e6r Vigra kirke. Politiet mistenkte ogs\u00e5 da at fyrverkeri startet terrengbrannen. <\/p>\n<p data-testid=\"textWithMarkup-markup\" data-v-62d58f52=\"\">\u2013 Kan det v\u00e6re en sammenheng mellom disse to hendelsene? <\/p>\n<p data-testid=\"textWithMarkup-text\" data-v-81d7dc2b=\"\" data-v-62d58f52=\"\">\u2013 Det beh\u00f8ver det ikke \u00e5 v\u00e6re, og politiet har ingen indikasjoner p\u00e5 det forel\u00f8pig, men det vil v\u00e6re noe som eventuelt vil sjekkes ut, sier operasjonsleder Ragnvald Knut Rasmussen hos politiet. <\/p>\n<p data-testid=\"textWithMarkup-text\" data-v-81d7dc2b=\"\" data-v-62d58f52=\"\">Det skal ha v\u00e6rt ungdommer som fyrte opp fyrverkeriet p\u00e5 Valder\u00f8ya, if\u00f8lge politiet. Det var voksne vitner som meldte fra. <\/p>\n<p data-testid=\"textWithMarkup-markup\" data-v-62d58f52=\"\">Sunnm\u00f8rsposten oppdaterer.<\/p>\n","protected":false},"excerpt":{"rendered":"Politi og brannvesen rykket onsdag formiddag ut etter \u00e5 ha f\u00e5tt melding om brann i terrenget p\u00e5 Valder\u00f8ya.&hellip;\n","protected":false},"author":2,"featured_media":137546,"comment_status":"","ping_status":"","sticky":false,"template":"","format":"standard","meta":{"footnotes":""},"categories":[10],"tags":[20,21,24,25,15,22,23,13,30,28,29,14,16,26,27],"class_list":{"0":"post-137545","1":"post","2":"type-post","3":"status-publish","4":"format-standard","5":"has-post-thumbnail","7":"category-norge","8":"tag-breaking-news","9":"tag-breakingnews","10":"tag-featured-news","11":"tag-featurednews","12":"tag-headlines","13":"tag-latest-news","14":"tag-latestnews","15":"tag-news","16":"tag-no","17":"tag-norge","18":"tag-norway","19":"tag-nyheter","20":"tag-overskrifter","21":"tag-top-stories","22":"tag-topstories"},"share_on_mastodon":{"url":"https:\/\/pubeurope.com\/@no\/115895485489625019","error":""},"_links":{"self":[{"href":"https:\/\/www.europesays.com\/no\/wp-json\/wp\/v2\/posts\/137545","targetHints":{"allow":["GET"]}}],"collection":[{"href":"https:\/\/www.europesays.com\/no\/wp-json\/wp\/v2\/posts"}],"about":[{"href":"https:\/\/www.europesays.com\/no\/wp-json\/wp\/v2\/types\/post"}],"author":[{"embeddable":true,"href":"https:\/\/www.europesays.com\/no\/wp-json\/wp\/v2\/users\/2"}],"replies":[{"embeddable":true,"href":"https:\/\/www.europesays.com\/no\/wp-json\/wp\/v2\/comments?post=137545"}],"version-history":[{"count":0,"href":"https:\/\/www.europesays.com\/no\/wp-json\/wp\/v2\/posts\/137545\/revisions"}],"wp:featuredmedia":[{"embeddable":true,"href":"https:\/\/www.europesays.com\/no\/wp-json\/wp\/v2\/media\/137546"}],"wp:attachment":[{"href":"https:\/\/www.europesays.com\/no\/wp-json\/wp\/v2\/media?parent=137545"}],"wp:term":[{"taxonomy":"category","embeddable":true,"href":"https:\/\/www.europesays.com\/no\/wp-json\/wp\/v2\/categories?post=137545"},{"taxonomy":"post_tag","embeddable":true,"href":"https:\/\/www.europesays.com\/no\/wp-json\/wp\/v2\/tags?post=137545"}],"curies":[{"name":"wp","href":"https:\/\/api.w.org\/{rel}","templated":true}]}}