{"id":137547,"date":"2026-01-14T21:05:09","date_gmt":"2026-01-14T21:05:09","guid":{"rendered":"https:\/\/www.europesays.com\/no\/137547\/"},"modified":"2026-01-14T21:05:09","modified_gmt":"2026-01-14T21:05:09","slug":"tv-2-legger-seg-flate-etter-kritikk","status":"publish","type":"post","link":"https:\/\/www.europesays.com\/no\/137547\/","title":{"rendered":"TV 2 legger seg flate etter kritikk"},"content":{"rendered":"\n<p class=\"_lead_o9xde_2 _lead_xtcu6_50 layout-component text-serif-m layout-normal text-serif-l layout-component layout-wide layout-padded _wide_17hqh_1 layout-padded\">Flere TV-seere ble frustrerte over TV 2 og Viaplay som denne helgen kunne tilby FA-cupkamper bak en ekstrabetaling, utenfor det ordin\u00e6re abonnementet.<\/p>\n<p><img alt=\"Olav T. Sandnes, administrerende direkt\u00f8r og sjefredakt\u00f8r i TV 2 beklaget seg p\u00e5 Dagsnytt 18 onsdag. Foto: H\u00e5kon Mosvold Larsen \/ NTB\" class=\"_image_qp4xg_65 layout-component layout-wide\" data-fullscreen- data-track-element-type=\"Article image fullscreen\" data-track-name=\"ImageFullscreen\" fetchpriority=\"high\" decoding=\"sync\" loading=\"eager\" height=\"3529\" itemprop=\"image\"  src=\"https:\/\/www.europesays.com\/no\/wp-content\/uploads\/2026\/01\/3795fc62-d9f2-4a0c-86db-430ecaf1afbf.jpeg\"  style=\"object-position:0% 0%\" width=\"5293\"\/>Olav T. Sandnes, administrerende direkt\u00f8r og sjefredakt\u00f8r i TV 2 beklaget seg p\u00e5 Dagsnytt 18 onsdag. Foto: H\u00e5kon Mosvold Larsen \/ NTB<\/p>\n<ul aria-hidden=\"true\" class=\"_images_ntbth_112\">\n<li><a class=\"_link_ntbth_117\" href=\"https:\/\/www.vg.no\/forfatter\/eirik-bjertnes-solbakken\" style=\"z-index:1\" title=\"Eirik Bjertnes Solbakken\" rel=\"nofollow noopener\" target=\"_blank\"><img alt=\"Bilde av Eirik Bjertnes Solbakken\" class=\"_image_ntbth_93\" fetchpriority=\"low\" loading=\"lazy\" decoding=\"async\" itemprop=\"image\"  src=\"https:\/\/www.europesays.com\/no\/wp-content\/uploads\/2026\/01\/1768424709_753_6694093c-945d-44cb-b991-737f98a50431.jpeg\"  width=\"480\"\/><\/a><\/li>\n<\/ul>\n<p> Oppdatert onsdag 14. januar kl. 20:49    <\/p>\n<ul class=\"_list_o9xde_3 _list_64s2r_85 _unordered_o9xde_106 text-sans-m\">\n<li class=\"_item_o9xde_30\">TV-seere ble rasende over ekstra kostnader for FA-cupkamper hos TV 2 og Viaplay.<\/li>\n<li class=\"_item_o9xde_30\">Direkt\u00f8r Olav T. Sandnes legger seg flat og innr\u00f8mmer feil.<\/li>\n<li class=\"_item_o9xde_30\">Mange opplever ekstrakostnadene som urimelige, og noen vurderer ulovlige str\u00f8mmetjenester.<\/li>\n<li class=\"_item_o9xde_30\">Sandnes advarer mot ulovlige tjenester og p\u00e5peker deres st\u00f8tte til norsk idrett.<\/li>\n<\/ul>\n<p>Vis mer <\/p>\n<p class=\"_paragraph_o9xde_4 _paragraph_xtcu6_10 layout-component text-serif-m layout-normal text-serif-m layout-padded\">\u2013 Vi har lagt bak oss en helg n\u00e5 med en respons fra seere og kunder som er d\u00e5rlig. Da er det enkelt: Vi har gjort noe feil, og vi har lagt oss flat for det \u2013 og det gj\u00f8r jeg gjerne her p\u00e5 Dagsnytt 18 ogs\u00e5, sier Olav T. Sandnes, administrerende direkt\u00f8r og sjefredakt\u00f8r i <a href=\"https:\/\/www.vg.no\/tag\/tv-2?utm_source=vg-article&amp;utm_medium=auto-tagger&amp;utm_campaign=m0BVPE\" class=\"_link_o9xde_39\" rel=\"nofollow noopener\" target=\"_blank\">TV 2<\/a>.<\/p>\n<p class=\"_paragraph_o9xde_4 _paragraph_xtcu6_10 layout-component text-serif-m layout-normal text-serif-m layout-padded\"><strong class=\"_strong_o9xde_25\">Skulle man se engelske cupkamper i helgen, m\u00e5tte man betale en ekstrasum \u2013 99 kroner hos TV 2 og 50 kroner hos Viaplay \u2013 i tillegg til et eksisterende totalabonnement.<\/strong><\/p>\n<p>Dette er tilleggspakken flere reagerer p\u00e5:<\/p>\n<p class=\"_paragraph_o9xde_4 _paragraph_xtcu6_10 _paragraph_16v91_10 layout-component text-serif-m layout-normal text-sans-m layout-padded\">Viaplay og TV 2 deler rettighetene til FA-cupen denne sesongen. Det betyr at ikke alle kampene vises med vanlig Viaplay-abonnement. Selv om du har\u00a0<strong class=\"_strong_o9xde_25\">Viaplay Total<\/strong>, som koster 799 kroner i m\u00e5neden, f\u00e5r du bare sett kampene som Viaplay selv har rettigheter til.<\/p>\n<p class=\"_paragraph_o9xde_4 _paragraph_xtcu6_10 _paragraph_16v91_10 layout-component text-serif-m layout-normal text-sans-m layout-padded\">Hvis du vil se enkelte kamper, som for eksempel Manchester United\u2013Brighton, m\u00e5 du oppgradere til\u00a0<strong class=\"_strong_o9xde_25\">Viaplay Total Pluss<\/strong>, som koster 849 kroner i m\u00e5neden (eller 699 kroner med 12 m\u00e5neders binding). Alternativt kan du se kampen via\u00a0<strong class=\"_strong_o9xde_25\">TV 2 Play<\/strong>, men da m\u00e5 du ogs\u00e5 betale ekstra for tilleggspakken\u00a0<strong class=\"_strong_o9xde_25\">\u00abMer fotball\u00bb,\u00a0<\/strong>som koster 99 kroner ekstra i m\u00e5neden.<\/p>\n<p class=\"_paragraph_o9xde_4 _paragraph_xtcu6_10 _paragraph_16v91_10 layout-component text-serif-m layout-normal text-sans-m layout-padded\">Dette informerte TV 2 om i <a href=\"https:\/\/www.tv2.no\/sport\/tv-2-play-utvider-med-fotballpakke-fra-viaplay\/18435901\/\" class=\"_link_o9xde_39\" rel=\"nofollow noopener\" target=\"_blank\">en artikkel <\/a>6. januar.<\/p>\n<p>Vis mer<\/p>\n<p class=\"_paragraph_o9xde_4 _paragraph_xtcu6_10 layout-component text-serif-m layout-normal text-serif-m layout-padded\">Det f\u00f8rte til at sinnet kokte hos mange, i en debatt om priser som allerede har v\u00e6rt betente blant det norske publikummet.<\/p>\n<p class=\"_paragraph_o9xde_4 _paragraph_xtcu6_10 layout-component text-serif-m layout-normal text-serif-m layout-padded\">Gard Michalsen var \u00e9n av de som reagerte sterkest.<\/p>\n<p class=\"_paragraph_o9xde_4 _paragraph_xtcu6_10 layout-component text-serif-m layout-normal text-serif-m layout-padded\">\u2013 N\u00e5r du kj\u00f8per totalpakken i starten av et \u00e5r som skal inneholde alt, s\u00e5 forventer du at du har betalt allerede. \u00c5 begynne \u00e5 betale mer \u2013 n\u00e5r du allerede betaler 15.000 (i \u00e5ret), finnes det ikke noen kommunikasjon som kan rettferdiggj\u00f8re det argumentet, fortalte han p\u00e5 Dagsnytt 18 onsdag.<\/p>\n<p><img decoding=\"async\" alt=\"Bilde av Gard Michalsen\" class=\"_image_ygndg_42\" height=\"27\" itemprop=\"image\" loading=\"lazy\"  src=\"https:\/\/www.europesays.com\/no\/wp-content\/uploads\/2026\/01\/0506af7c-24e9-4151-a9c7-8dc9980d6e27.jpeg\"  width=\"40\"\/><strong class=\"_name_ygndg_51 title-serif-xs\">Gard Michalsen<\/strong><\/p>\n<p class=\"_paragraph_o9xde_4 text-sans-m _description_ygndg_56\">Tidligere redakt\u00f8r i E24, Medier24 og Finnmarken.<\/p>\n<p class=\"_paragraph_o9xde_4 _paragraph_xtcu6_10 layout-component text-serif-m layout-normal text-serif-m layout-padded\">\u2013 Det var ikke engang mulig \u00e5 kj\u00f8pe oppgraderingen \u2013 for den ble ikke tilgjengelig f\u00f8r neste forfall, fortsatte han.<\/p>\n<p class=\"_paragraph_o9xde_4 _paragraph_xtcu6_10 layout-component text-serif-m layout-normal text-serif-m layout-padded\">Mandag skrev VG om at han n\u00e5 har <a href=\"https:\/\/www.vg.no\/sport\/i\/JOJrE8\/fa-cup-tv-2-og-viaplay-faar-kritikk-etter-helgen\" data-track-element-type=\"Link\" data-track-id=\"link:JOJrE8\" class=\"_link_o9xde_39\" rel=\"nofollow noopener\" target=\"_blank\">g\u00e5tt over til \u00e5 benytte seg av illegale tjenester<\/a> for \u00e5 se fotball, som et resultat av helgens ekstrakostnader.<\/p>\n<p class=\"_paragraph_o9xde_4 _paragraph_xtcu6_10 layout-component text-serif-m layout-normal text-serif-m layout-padded\"><strong class=\"_strong_o9xde_25\">\u2013 Jeg forst\u00e5r at Gard var frustrert i helgen. S\u00e5 skulle jeg \u00f8nske at han ikke tok det steget at han ser fotball p\u00e5 IPTV. For bak de leverand\u00f8rene er det kriminelle milj\u00f8er som er involvert i helt andre saker. N\u00e5r vi kj\u00f8per norsk fotball legger vi 750 millioner kroner p\u00e5 bordet som er med p\u00e5 \u00e5 finansiere norsk idrett, forklarer Sandnes.<\/strong><\/p>\n<p class=\"_paragraph_o9xde_4 _paragraph_xtcu6_10 layout-component text-serif-m layout-normal text-serif-m layout-padded\">Viaplay har ikke svart p\u00e5 VGs henvendelser.<\/p>\n","protected":false},"excerpt":{"rendered":"Flere TV-seere ble frustrerte over TV 2 og Viaplay som denne helgen kunne tilby FA-cupkamper bak en ekstrabetaling,&hellip;\n","protected":false},"author":2,"featured_media":137548,"comment_status":"","ping_status":"","sticky":false,"template":"","format":"standard","meta":{"footnotes":""},"categories":[5],"tags":[20,21,24,25,92,15,19,22,23,17,18,13,30,28,29,14,16,26,27,208,2728],"class_list":{"0":"post-137547","1":"post","2":"type-post","3":"status-publish","4":"format-standard","5":"has-post-thumbnail","7":"category-overskrifter","8":"tag-breaking-news","9":"tag-breakingnews","10":"tag-featured-news","11":"tag-featurednews","12":"tag-fotball","13":"tag-headlines","14":"tag-hovedoppslag","15":"tag-latest-news","16":"tag-latestnews","17":"tag-main-news","18":"tag-mainnews","19":"tag-news","20":"tag-no","21":"tag-norge","22":"tag-norway","23":"tag-nyheter","24":"tag-overskrifter","25":"tag-top-stories","26":"tag-topstories","27":"tag-tv-2","28":"tag-viaplay"},"share_on_mastodon":{"url":"https:\/\/pubeurope.com\/@no\/115895489254916329","error":""},"_links":{"self":[{"href":"https:\/\/www.europesays.com\/no\/wp-json\/wp\/v2\/posts\/137547","targetHints":{"allow":["GET"]}}],"collection":[{"href":"https:\/\/www.europesays.com\/no\/wp-json\/wp\/v2\/posts"}],"about":[{"href":"https:\/\/www.europesays.com\/no\/wp-json\/wp\/v2\/types\/post"}],"author":[{"embeddable":true,"href":"https:\/\/www.europesays.com\/no\/wp-json\/wp\/v2\/users\/2"}],"replies":[{"embeddable":true,"href":"https:\/\/www.europesays.com\/no\/wp-json\/wp\/v2\/comments?post=137547"}],"version-history":[{"count":0,"href":"https:\/\/www.europesays.com\/no\/wp-json\/wp\/v2\/posts\/137547\/revisions"}],"wp:featuredmedia":[{"embeddable":true,"href":"https:\/\/www.europesays.com\/no\/wp-json\/wp\/v2\/media\/137548"}],"wp:attachment":[{"href":"https:\/\/www.europesays.com\/no\/wp-json\/wp\/v2\/media?parent=137547"}],"wp:term":[{"taxonomy":"category","embeddable":true,"href":"https:\/\/www.europesays.com\/no\/wp-json\/wp\/v2\/categories?post=137547"},{"taxonomy":"post_tag","embeddable":true,"href":"https:\/\/www.europesays.com\/no\/wp-json\/wp\/v2\/tags?post=137547"}],"curies":[{"name":"wp","href":"https:\/\/api.w.org\/{rel}","templated":true}]}}