{"id":137555,"date":"2026-01-14T21:12:44","date_gmt":"2026-01-14T21:12:44","guid":{"rendered":"https:\/\/www.europesays.com\/no\/137555\/"},"modified":"2026-01-14T21:12:44","modified_gmt":"2026-01-14T21:12:44","slug":"nyhet-trafikk-skolebussene-kan-bli-innstilt-pa-kort-varsel-onsdag","status":"publish","type":"post","link":"https:\/\/www.europesays.com\/no\/137555\/","title":{"rendered":"Nyhet, Trafikk | Skolebussene kan bli innstilt p\u00e5 kort varsel onsdag"},"content":{"rendered":"\n<p>\u00d8stfold kollektivtrafikk melder, via Sarpsborg kommune, at krevende v\u00e6r- og f\u00f8reforhold kan f\u00f8re til endringer i kollektivtilbudet, inkludert skoleskyss.<\/p>\n<p>Kanselleres p\u00e5 kort varsel<\/p>\n<p>\u00c5rsaken er mildv\u00e6r kombinert med mye nedb\u00f8r, noe som kan gi underkj\u00f8lt regn og sv\u00e6rt glatte veier. Slike forhold gj\u00f8r det vanskelig \u00e5 forutse om skoleskyssen kan gjennomf\u00f8res som normalt.<\/p>\n<p>\u2013 Dersom bussene g\u00e5r p\u00e5 morgenen, kan de likevel bli innstilt n\u00e5r elevene skal hjem fra skolen p\u00e5 ettermiddagen, opplyser kommunen.<\/p>\n<p>Foresatte er informert om situasjonen via Vigilo.<\/p>\n<p>  <a href=\"https:\/\/www.sa.no\/5-46-1771135\" class=\"related-teaser has-image default-story-teaser article--c-eRUmMG article--c-eRUmMG-jKCPdD-design-default\" rel=\"nofollow noopener\" target=\"_blank\"><\/p>\n<p>    <img decoding=\"async\" loading=\"lazy\"  src=\"https:\/\/www.europesays.com\/no\/wp-content\/uploads\/2026\/01\/VM_Vinter-1831.jpg\" alt=\"\" class=\"brick-c-cFOWSL\" style=\"\"\/><\/p>\n<p>\n            Les ogs\u00e5<\/p>\n<p>              Ekspert mener elbussene ikke holder m\u00e5l &#8211; Nobina avviser all kritikk\n        <\/p>\n<p>  <\/a><br \/>\n  Forberedt p\u00e5 glatt f\u00f8re<\/p>\n<p>Kommunens mannskaper st\u00e5r klare for innsats n\u00e5r v\u00e6rskiftet kan gi glatt f\u00f8re fra i kveld og gjennom onsdag. Situasjonen f\u00f8lges tett.<\/p>\n<p>Det gjennomf\u00f8res kontinuerlig salting p\u00e5 de kommunale hovedveiene, som er de mest trafikkerte veiene. Disse veiene saltes ved varslet sn\u00f8 og fare for frost. Salt bidrar til \u00e5 holde veiene bare og gir bedre framkommelighet og sikrere kj\u00f8reforhold enn sn\u00f8- eller isdekte veier.<\/p>\n<p>Dersom v\u00e6rvarselet sl\u00e5r til, forbereder kommunen ogs\u00e5 full br\u00f8yterunde fra i kveld og gjennom natten. Nye mannskaper st\u00e5r klare til \u00e5 overta arbeidet fra onsdag morgen, slik at innsatsen kan p\u00e5g\u00e5 sammenhengende.<\/p>\n<p>Mindre trafikkerte veier vil bli str\u00f8dd med sand s\u00e5 snart nedb\u00f8ren gir seg onsdag. Det er ikke hensiktsmessig \u00e5 str\u00f8 mens det sn\u00f8r, sludder eller regner.<\/p>\n<p>Varsler krevende v\u00e6r<\/p>\n<p>Meteorologene melder sn\u00f8 gjennom tirsdagen, med temperaturer rundt 1\u20132 minusgrader. Utover kvelden er sn\u00f8en ventet \u00e5 g\u00e5 over til sludd, f\u00f8r den blir til regn i l\u00f8pet av natten n\u00e5r temperaturen stiger til plussgrader. Nedb\u00f8ren kan vare utover onsdag ettermiddag, f\u00f8r temperaturen igjen synker.<\/p>\n<p>Forholdene vil antakelig bli mest krevende s\u00f8r i fylket, men ogs\u00e5 lenger nord kan det bli vanskelige kj\u00f8reforhold.<\/p>\n<p>\u2013 V\u00e5re entrepren\u00f8rer vil ha fullt mannskap ute for \u00e5 br\u00f8yte, salte og str\u00f8, men det kan likevel oppst\u00e5 perioder der b\u00e5de kj\u00f8reveier, gang- og sykkelveier og fortau er glatte. Vi oppfordrer derfor alle trafikanter til \u00e5 v\u00e6re ekstra oppmerksomme, tilpasse farten etter forholdene og beregne god tid til reisen p\u00e5 onsdag, sier seksjonsleder Arne Bj\u00f8rklund i \u00d8stfold fylkeskommunes drifts- og vedlikeholdsavdeling.<\/p>\n<p>Kald bakke kombinert med v\u00e5t nedb\u00f8r kan f\u00f8re til isdannelse og sv\u00e6rt glatte forhold flere steder. Dette kan gi utfordrende kj\u00f8reforhold p\u00e5 b\u00e5de hovedveier og sideveier.<\/p>\n<p>Oppfordrer til hensyn<\/p>\n<p>Kommunen oppfordrer innbyggere til \u00e5 unng\u00e5 gateparkering s\u00e5 langt det lar seg gj\u00f8re, slik at br\u00f8ytemannskapene f\u00e5r ryddet gatene best mulig. P\u00e5 parkeringsplasser bes det om at biler parkeres samlet, og ikke spredt utover hele omr\u00e5det.<\/p>\n<p>Det er ogs\u00e5 plassert ut flere kasser med str\u00f8sand i bratte og krevende bakker. Innbyggere kan hente inntil to b\u00f8tter med sand fra sandhaugen i Torsbekkveien 20, rett f\u00f8r bowlingsenteret. \u00d8vrige sandhauger i kommunen tilh\u00f8rer entrepren\u00f8rene og skal ikke benyttes privat.<\/p>\n<p>Et klart r\u00e5d<\/p>\n<p>Har du en bratt eller krevende innkj\u00f8rsel, anbefales det \u00e5 skaffe str\u00f8sand allerede n\u00e5 \u2013 f\u00f8r problemene oppst\u00e5r.<\/p>\n<p>Kommunen minner ogs\u00e5 om \u00e5 str\u00f8 foran avfallsbeholderne for \u00e5 hindre at renovat\u00f8rene skader seg p\u00e5 glatt f\u00f8re. Sn\u00f8 og is b\u00f8r fjernes, og beholderne settes med h\u00e5ndtaket vendt ut mot veien.<\/p>\n<p>Avslutningsvis oppfordres alle som skal ut og kj\u00f8re til \u00e5 ta det med ro, vise hensyn og beregne ekstra tid.<\/p>\n<p>Gi br\u00f8yte- og str\u00f8mannskapene rom til \u00e5 gj\u00f8re jobben p\u00e5 en trygg og effektiv m\u00e5te, skriver kommunen.<\/p>\n<p>  <a href=\"https:\/\/www.sa.no\/5-46-1773901\" class=\"related-teaser has-image default-story-teaser article--c-eRUmMG article--c-eRUmMG-jKCPdD-design-default\" rel=\"nofollow noopener\" target=\"_blank\"><\/p>\n<p>    <img decoding=\"async\" loading=\"lazy\"  src=\"https:\/\/www.europesays.com\/no\/wp-content\/uploads\/2026\/01\/VM_L1701-1.jpg\" alt=\"\" class=\"brick-c-cFOWSL\" style=\"\"\/><\/p>\n<p>\n            Les ogs\u00e5<\/p>\n<p>              Krever bedring etter busskaos: \u2013 Rett og slett ikke godt nok\n        <\/p>\n<p>  <\/a><\/p>\n","protected":false},"excerpt":{"rendered":"\u00d8stfold kollektivtrafikk melder, via Sarpsborg kommune, at krevende v\u00e6r- og f\u00f8reforhold kan f\u00f8re til endringer i kollektivtilbudet, inkludert&hellip;\n","protected":false},"author":2,"featured_media":137556,"comment_status":"","ping_status":"","sticky":false,"template":"","format":"standard","meta":{"footnotes":""},"categories":[5],"tags":[36,20,21,24,25,15,19,22,23,17,18,13,30,28,29,447,14,16,6670,1510,26,27,224],"class_list":{"0":"post-137555","1":"post","2":"type-post","3":"status-publish","4":"format-standard","5":"has-post-thumbnail","7":"category-overskrifter","8":"tag-art","9":"tag-breaking-news","10":"tag-breakingnews","11":"tag-featured-news","12":"tag-featurednews","13":"tag-headlines","14":"tag-hovedoppslag","15":"tag-latest-news","16":"tag-latestnews","17":"tag-main-news","18":"tag-mainnews","19":"tag-news","20":"tag-no","21":"tag-norge","22":"tag-norway","23":"tag-nyhet","24":"tag-nyheter","25":"tag-overskrifter","26":"tag-ostfold-kollektivtrafikk","27":"tag-story","28":"tag-top-stories","29":"tag-topstories","30":"tag-trafikk"},"share_on_mastodon":{"url":"https:\/\/pubeurope.com\/@no\/115895516825972832","error":""},"_links":{"self":[{"href":"https:\/\/www.europesays.com\/no\/wp-json\/wp\/v2\/posts\/137555","targetHints":{"allow":["GET"]}}],"collection":[{"href":"https:\/\/www.europesays.com\/no\/wp-json\/wp\/v2\/posts"}],"about":[{"href":"https:\/\/www.europesays.com\/no\/wp-json\/wp\/v2\/types\/post"}],"author":[{"embeddable":true,"href":"https:\/\/www.europesays.com\/no\/wp-json\/wp\/v2\/users\/2"}],"replies":[{"embeddable":true,"href":"https:\/\/www.europesays.com\/no\/wp-json\/wp\/v2\/comments?post=137555"}],"version-history":[{"count":0,"href":"https:\/\/www.europesays.com\/no\/wp-json\/wp\/v2\/posts\/137555\/revisions"}],"wp:featuredmedia":[{"embeddable":true,"href":"https:\/\/www.europesays.com\/no\/wp-json\/wp\/v2\/media\/137556"}],"wp:attachment":[{"href":"https:\/\/www.europesays.com\/no\/wp-json\/wp\/v2\/media?parent=137555"}],"wp:term":[{"taxonomy":"category","embeddable":true,"href":"https:\/\/www.europesays.com\/no\/wp-json\/wp\/v2\/categories?post=137555"},{"taxonomy":"post_tag","embeddable":true,"href":"https:\/\/www.europesays.com\/no\/wp-json\/wp\/v2\/tags?post=137555"}],"curies":[{"name":"wp","href":"https:\/\/api.w.org\/{rel}","templated":true}]}}