{"id":137557,"date":"2026-01-14T21:13:13","date_gmt":"2026-01-14T21:13:13","guid":{"rendered":"https:\/\/www.europesays.com\/no\/137557\/"},"modified":"2026-01-14T21:13:13","modified_gmt":"2026-01-14T21:13:13","slug":"chelsea-arsenal","status":"publish","type":"post","link":"https:\/\/www.europesays.com\/no\/137557\/","title":{"rendered":"Chelsea &#8211; Arsenal"},"content":{"rendered":"<p class=\"kicker \" style=\"\">LIGACUP<\/p>\n<p>    Martin \u00d8degaard (27) og Arsenal gjester Chelsea i Ligacupens semifinale. Vi f\u00f8lger kampen her.\u00a0<\/p>\n<p>\n    JUBLET: Ben White satte inn 1-0 til Arsenal. Foto: REUTERS\/Dylan Martinez\n  <\/p>\n<ul>\n<li class=\"lab-bodytext-line\">Chelsea &#8211; Arsenal 0-2 (kampen p\u00e5g\u00e5r)<\/li>\n<\/ul>\n<p>SISTE: Gy\u00f6keres dobler for Arsenal! Ben White sl\u00e5r lavt inn foran m\u00e5l, Chelsea-keeper Robert Sanchez b\u00f8r f\u00e5 ballen unna, men klarer det ikke. Dermed blir det enkelt for Gy\u00f6keres.<\/p>\n<p>&#8211; Elendig keeperspill. Igjen er det s\u00e5pe p\u00e5 hanskene for Robert Sanchez, sier Viaplay-kommentator Eivind Bisgaard Sundet.\u00a0<\/p>\n<p>Arsenal ledet til pause. Meddet fikk ikke Liam Rosenior starten han \u00f8nsket, i sin f\u00f8rste hjemmekamp som Chelsea-manager.\u00a0<\/p>\n<p>&#8211; Noe Chelsea-buing n\u00e5r dommeren bl\u00e5ser for pause. Ikke den hjemmestarten Rosenior \u00f8nsket, sa Sky Sports&#8217; Gary Cotterill.<\/p>\n<p>        <img loading=\"lazy\" decoding=\"async\" src=\"https:\/\/www.europesays.com\/no\/wp-content\/uploads\/2026\/01\/84100369.webp.webp\" width=\"980\" height=\"559\" title=\"FRUSTRERT: Chelsea-manager Liam Rosenior. Foto: REUTERS\/Dylan Martinez\" alt=\"\" class=\"\" style=\"--aspect-ratio-image: 1.75; \"\/><\/p>\n<p>\n        FRUSTRERT: Chelsea-manager Liam Rosenior. Foto: REUTERS\/Dylan Martinez\n    <\/p>\n<p>Arsenal tok ledelsen allerede etter sju minutter, og selvf\u00f8lgelig var det p\u00e5 d\u00f8dball. Scoringen ble sjekket for en potensiell offside p\u00e5 Viktor Gy\u00f6keres, men scoringen ble st\u00e5ende.<\/p>\n<p>&#8211; Verdens beste lag p\u00e5 offensiv d\u00f8dball gj\u00f8r det igjen, sa Viaplay-kommentator Eivind Bisgaard Sundet.\u00a0<\/p>\n<p>&#8211; Det er s\u00e5 enkelt for Arsenal. Det er det fjerde d\u00f8dballm\u00e5let deres p\u00e5 tre dager. D\u00f8dballm\u00e5l nummer 24 denne sesongen, skrev Sky Sports&#8217; Sam Blitz.\u00a0<\/p>\n<p>Martin \u00d8degaard er som ventet med fra start n\u00e5r Arsenal gjester Chelsea onsdag kveld.\u00a0<\/p>\n<p>Det mest interessante i The Gunners&#8217; lagoppstilling er at nederlandske Jurrien Timber starter som venstreback. Arsenal har ikke vunnet noen av de seks siste kampene der Timber har startet ute til venstre. Forrige gang han startet der var over et \u00e5r siden.<\/p>\n<p>&#8211; Det er en stor avgj\u00f8relse av Mikel Arteta, sier Sky Sports&#8217; Sam Blitz.<\/p>\n<p>Chelsea p\u00e5 sin side er uten flere av sine st\u00f8rste stjerner. Verken Cole Palmer eller Reece James er med i troppen, mens midtbanesjef Moises Caicedo er suspendert. Spiss Liam Delap er heller ikke med.<\/p>\n<p>Kampen er den nye Chelsea-sjefen Liam Roseniors f\u00f8rste p\u00e5 Stamford Bridge.\u00a0<\/p>\n<p>Oppgj\u00f8ret er det f\u00f8rste av to mellom lagene i Ligacupens semifinale. Returoppgj\u00f8ret spilles p\u00e5 Emirates tirsdag om snaue tre uker.\u00a0<\/p>\n","protected":false},"excerpt":{"rendered":"LIGACUP Martin \u00d8degaard (27) og Arsenal gjester Chelsea i Ligacupens semifinale. Vi f\u00f8lger kampen her.\u00a0 JUBLET: Ben White&hellip;\n","protected":false},"author":2,"featured_media":137558,"comment_status":"","ping_status":"","sticky":false,"template":"","format":"standard","meta":{"footnotes":""},"categories":[59],"tags":[328,15724,3975,181,9237,30,28,29,83,82],"class_list":{"0":"post-137557","1":"post","2":"type-post","3":"status-publish","4":"format-standard","5":"has-post-thumbnail","7":"category-sport","8":"tag-arsenal","9":"tag-chelsea","10":"tag-ligacupen","11":"tag-martin-odegaard","12":"tag-mikel-arteta","13":"tag-no","14":"tag-norge","15":"tag-norway","16":"tag-sport","17":"tag-sports"},"share_on_mastodon":{"url":"https:\/\/pubeurope.com\/@no\/115895520627706470","error":""},"_links":{"self":[{"href":"https:\/\/www.europesays.com\/no\/wp-json\/wp\/v2\/posts\/137557","targetHints":{"allow":["GET"]}}],"collection":[{"href":"https:\/\/www.europesays.com\/no\/wp-json\/wp\/v2\/posts"}],"about":[{"href":"https:\/\/www.europesays.com\/no\/wp-json\/wp\/v2\/types\/post"}],"author":[{"embeddable":true,"href":"https:\/\/www.europesays.com\/no\/wp-json\/wp\/v2\/users\/2"}],"replies":[{"embeddable":true,"href":"https:\/\/www.europesays.com\/no\/wp-json\/wp\/v2\/comments?post=137557"}],"version-history":[{"count":0,"href":"https:\/\/www.europesays.com\/no\/wp-json\/wp\/v2\/posts\/137557\/revisions"}],"wp:featuredmedia":[{"embeddable":true,"href":"https:\/\/www.europesays.com\/no\/wp-json\/wp\/v2\/media\/137558"}],"wp:attachment":[{"href":"https:\/\/www.europesays.com\/no\/wp-json\/wp\/v2\/media?parent=137557"}],"wp:term":[{"taxonomy":"category","embeddable":true,"href":"https:\/\/www.europesays.com\/no\/wp-json\/wp\/v2\/categories?post=137557"},{"taxonomy":"post_tag","embeddable":true,"href":"https:\/\/www.europesays.com\/no\/wp-json\/wp\/v2\/tags?post=137557"}],"curies":[{"name":"wp","href":"https:\/\/api.w.org\/{rel}","templated":true}]}}