{"id":137567,"date":"2026-01-14T21:27:08","date_gmt":"2026-01-14T21:27:08","guid":{"rendered":"https:\/\/www.europesays.com\/no\/137567\/"},"modified":"2026-01-14T21:27:08","modified_gmt":"2026-01-14T21:27:08","slug":"branns-eivind-helland-er-pa-vei-til-bologna-for-gigantsum","status":"publish","type":"post","link":"https:\/\/www.europesays.com\/no\/137567\/","title":{"rendered":"Branns Eivind Helland er p\u00e5 vei til Bologna for gigantsum"},"content":{"rendered":"\n<p class=\"_lead_o9xde_2 _lead_xtcu6_50 layout-component text-serif-m layout-normal text-serif-l layout-component layout-wide layout-padded _wide_17hqh_1 layout-padded\">Eivind Hellands dager i Brann virker \u00e5 v\u00e6re talte.<\/p>\n<p><img alt=\" Foto: Paul S. Amundsen \/ NTB\" class=\"_image_qp4xg_65 layout-component layout-wide\" data-fullscreen- data-track-element-type=\"Article image fullscreen\" data-track-name=\"ImageFullscreen\" fetchpriority=\"high\" decoding=\"sync\" loading=\"eager\" height=\"4993\" itemprop=\"image\"  src=\"https:\/\/www.europesays.com\/no\/wp-content\/uploads\/2026\/01\/4799e702-71a5-4337-a3c2-946aa8e64614.png\"  style=\"object-position:0% 0%\" width=\"7486\"\/> Foto: Paul S. Amundsen \/ NTB<\/p>\n<ul aria-hidden=\"true\" class=\"_images_ntbth_112\">\n<li><a class=\"_link_ntbth_117\" href=\"https:\/\/www.vg.no\/forfatter\/andreas-hopen\" style=\"z-index:1\" title=\"Andreas Hopen\" rel=\"nofollow noopener\" target=\"_blank\"><img alt=\"Bilde av Andreas Hopen\" class=\"_image_ntbth_93\" fetchpriority=\"low\" loading=\"lazy\" decoding=\"async\" itemprop=\"image\"  src=\"https:\/\/www.europesays.com\/no\/wp-content\/uploads\/2026\/01\/1768426028_755_8d697287-ea03-4d54-ab67-6d65b82629eb.jpeg\"  width=\"480\"\/><\/a><\/li>\n<\/ul>\n<p> Oppdatert onsdag 14. januar kl. 22:26    <\/p>\n<ul class=\"_list_o9xde_3 _list_64s2r_85 _unordered_o9xde_106 text-sans-m\">\n<li class=\"_item_o9xde_30\">Eivind Helland ser ut til \u00e5 forlate Brann for italienske Bologna.<\/li>\n<li class=\"_item_o9xde_30\">Overgangen er verdt 8,5 millioner euro, rundt 100 millioner kroner.<\/li>\n<li class=\"_item_o9xde_30\">Helland har forlatt lagets treningsleir for \u00e5 fullf\u00f8re overgangen.<\/li>\n<li class=\"_item_o9xde_30\">Brann har ikke bekreftet overgangen enn\u00e5.<\/li>\n<\/ul>\n<p>Vis mer <\/p>\n<p class=\"_paragraph_o9xde_4 _paragraph_xtcu6_10 layout-component text-serif-m layout-normal text-serif-m layout-padded\">20-\u00e5ringen skal v\u00e6re p\u00e5 vei til italienske Bologna for 8,5 millioner euro. Rundt 100 millioner kroner, skriver <a href=\"https:\/\/www.bt.no\/sport\/ballspark\/i\/PdRaa7\/eivind-helland-selges-fra-brann-til-bologna\" class=\"_link_o9xde_39\" rel=\"nofollow noopener\" target=\"_blank\">Bergens Tidende<\/a>.<\/p>\n<p class=\"_paragraph_o9xde_4 _paragraph_xtcu6_10 layout-component text-serif-m layout-normal text-serif-m layout-padded\">Brann har selv ikke bekreftet overgangen, men if\u00f8lge avisen skal Helland ha forlatt lagets treningsleir i Marbella for \u00e5 fullf\u00f8re overgangen.<\/p>\n<p class=\"_paragraph_o9xde_4 _paragraph_xtcu6_10 layout-component text-serif-m layout-normal text-serif-m layout-padded\">Helland slo gjennom for Brann forrige sesong &#8211; og ble bel\u00f8nnet med landslagsdebut mot New Zealand.<\/p>\n<p class=\"_paragraph_o9xde_4 _paragraph_xtcu6_10 layout-component text-serif-m layout-normal text-serif-m layout-padded\">Tidligere onsdag skrev VG om Helland og at Brann-trener Freyr Alexandersson <a href=\"https:\/\/www.vg.no\/sport\/i\/K8yWQo\/brann-trener-freyr-alexandersson-om-eivind-hellands-fremtid\" data-track-element-type=\"Link\" data-track-id=\"link:K8yWQo\" class=\"_link_o9xde_39\" rel=\"nofollow noopener\" target=\"_blank\">h\u00e5pte \u00e5 beholde midtstopperen<\/a> til etter sommerens fotball-VM.<\/p>\n<p class=\"_paragraph_o9xde_4 _paragraph_xtcu6_10 layout-component text-serif-m layout-normal text-serif-m layout-padded\">Brann m\u00f8tte Bologna i Europa League i november. Den kampen endte uavgjort.<\/p>\n<p class=\"_paragraph_o9xde_4 _paragraph_xtcu6_10 layout-component text-serif-m layout-normal text-serif-m layout-padded\">Interessen for 20-\u00e5ringen har v\u00e6rt stor det siste halv\u00e5ret. I sommer var Manchester United p\u00e5 plass i Bergen for \u00e5 <a href=\"https:\/\/www.vg.no\/sport\/i\/gwMRo5\/viking-ydmyket-av-brann-i-kokende-bergen\" data-track-element-type=\"Link\" data-track-id=\"link:gwMRo5\" class=\"_link_o9xde_39\" rel=\"nofollow noopener\" target=\"_blank\">se midtstopperen mot Viking<\/a>.<\/p>\n<p class=\"_paragraph_o9xde_4 _paragraph_xtcu6_10 layout-component text-serif-m layout-normal text-serif-m layout-padded\">I et intervju med <a href=\"https:\/\/www.ba.no\/vil-ikke-forlenge-na-apner-for-a-forlate-brann-i-vinter\/s\/5-8-3229404?utm_source=sdrn%3Avg%3Aarticle%3AEx4lvj\" class=\"_link_o9xde_39\" rel=\"nofollow noopener\" target=\"_blank\">Bergensavisen<\/a> i november \u00e5pnet Helland selv for \u00e5 forlate Brann i januarvinduet.<\/p>\n<p class=\"_paragraph_o9xde_4 _paragraph_xtcu6_10 layout-component text-serif-m layout-normal text-serif-m layout-padded\">\u2013 Det kommer et overgangsvindu i januar som jeg vil se litt an, sa 20-\u00e5ringen den gang.<\/p>\n<p class=\"_paragraph_o9xde_4 _paragraph_xtcu6_10 layout-component text-serif-m layout-normal text-serif-m layout-padded\">Brann har ikke besvart VGs henvendelse. Det har heller ikke Hellands agent Morten Wivestad.<\/p>\n<ul class=\"_list_o9xde_3 _list_xtcu6_9 _unordered_o9xde_106 layout-component text-serif-m layout-normal text-serif-m layout-padded\">\n<li class=\"_item_o9xde_30\"><strong class=\"_strong_o9xde_25\">Fredag skal Brann m\u00f8te Slavia Praha i Marbella. Kampen ser du p\u00e5 VG med VG+Sport.<\/strong><\/li>\n<\/ul>\n<p class=\"_paragraph_o9xde_4 _paragraph_xtcu6_10 layout-component text-serif-m layout-normal text-serif-m layout-padded\">Brann m\u00f8ter FC Midtjylland til en viktig kamp i Europa League neste torsdag.<\/p>\n<p class=\"_paragraph_o9xde_4 _paragraph_xtcu6_10 layout-component text-serif-m layout-normal text-serif-m layout-padded\">I sommer ble Aune Heggeb\u00f8 solgt for Brann til West Bromwich for det som ble ny klubbrekord for Eliteserieklubben. Overgangssummen da skal ha v\u00e6rt p\u00e5 rundt 65 millioner kroner.<\/p>\n<p class=\"_paragraph_o9xde_4 _paragraph_xtcu6_10 layout-component text-serif-m layout-normal text-serif-m layout-padded\">I tillegg \u00f8nskes Emil Kornvig av polske Widzew Lodz som i januar har f<a href=\"https:\/\/www.vg.no\/sport\/i\/8p6P51\/brann-widzew-lodz-legger-nytt-bud-paa-emil-kornvig\" data-track-element-type=\"Link\" data-track-id=\"link:8p6P51\" class=\"_link_o9xde_39\" rel=\"nofollow noopener\" target=\"_blank\">\u00e5tt avsl\u00e5tt bud p\u00e5 30 millioner kroner<\/a> for dansken.<\/p>\n<p class=\"_paragraph_o9xde_4 _paragraph_xtcu6_10 layout-component text-serif-m layout-normal text-serif-m layout-padded\">Saken oppdateres<\/p>\n","protected":false},"excerpt":{"rendered":"Eivind Hellands dager i Brann virker \u00e5 v\u00e6re talte. Foto: Paul S. Amundsen \/ NTB Oppdatert onsdag 14.&hellip;\n","protected":false},"author":2,"featured_media":137568,"comment_status":"","ping_status":"","sticky":false,"template":"","format":"standard","meta":{"footnotes":""},"categories":[59],"tags":[7587,92,30,28,29,418,83,82],"class_list":{"0":"post-137567","1":"post","2":"type-post","3":"status-publish","4":"format-standard","5":"has-post-thumbnail","7":"category-sport","8":"tag-eivind-helland","9":"tag-fotball","10":"tag-no","11":"tag-norge","12":"tag-norway","13":"tag-sk-brann","14":"tag-sport","15":"tag-sports"},"share_on_mastodon":{"url":"https:\/\/pubeurope.com\/@no\/115895575673633057","error":""},"_links":{"self":[{"href":"https:\/\/www.europesays.com\/no\/wp-json\/wp\/v2\/posts\/137567","targetHints":{"allow":["GET"]}}],"collection":[{"href":"https:\/\/www.europesays.com\/no\/wp-json\/wp\/v2\/posts"}],"about":[{"href":"https:\/\/www.europesays.com\/no\/wp-json\/wp\/v2\/types\/post"}],"author":[{"embeddable":true,"href":"https:\/\/www.europesays.com\/no\/wp-json\/wp\/v2\/users\/2"}],"replies":[{"embeddable":true,"href":"https:\/\/www.europesays.com\/no\/wp-json\/wp\/v2\/comments?post=137567"}],"version-history":[{"count":0,"href":"https:\/\/www.europesays.com\/no\/wp-json\/wp\/v2\/posts\/137567\/revisions"}],"wp:featuredmedia":[{"embeddable":true,"href":"https:\/\/www.europesays.com\/no\/wp-json\/wp\/v2\/media\/137568"}],"wp:attachment":[{"href":"https:\/\/www.europesays.com\/no\/wp-json\/wp\/v2\/media?parent=137567"}],"wp:term":[{"taxonomy":"category","embeddable":true,"href":"https:\/\/www.europesays.com\/no\/wp-json\/wp\/v2\/categories?post=137567"},{"taxonomy":"post_tag","embeddable":true,"href":"https:\/\/www.europesays.com\/no\/wp-json\/wp\/v2\/tags?post=137567"}],"curies":[{"name":"wp","href":"https:\/\/api.w.org\/{rel}","templated":true}]}}